{"id":975,"date":"2015-03-06T13:13:51","date_gmt":"2015-03-06T12:13:51","guid":{"rendered":"http:\/\/www.pensieriparole.it\/magazine\/?p=975"},"modified":"2015-03-07T10:04:47","modified_gmt":"2015-03-07T09:04:47","slug":"pois-il-trend-della-primavera","status":"publish","type":"post","link":"https:\/\/www.pensieriparole.it\/magazine\/201503975\/pois-il-trend-della-primavera","title":{"rendered":"Pois : il trend della primavera"},"content":{"rendered":"<div id=\"fb-root\"><\/div>\n<p>Con l&#8217;arrivo del primo tiepido sole, nelle vetrine dei negozi di tutte le citt\u00e0 iniziano ad affacciarsi i primi capi primaverili. Seppur presenti gi\u00e0 dall&#8217;inizio dei saldi, le nuove collezioni cambiano tessuti, colori e forme appena la temperatura inizia piano piano a salire.<\/p>\n<p>Tra i vari trend visti nel lontano settembre 2014 sulle passerelle di tutto il mondo, oggi parleremo di un componente chic e bon ton, capace di farci sentire un po&#8217; tutti Minnie per un giorno: i pois. Grandi o piccoli che siano, troviamo questo elemento in tutti i capi d&#8217;abbigliamento e accessori, dai jeans alle camicie, dai vestiti alle scarpe, dalle gonne alle giacche. Il segreto per non risultare dei cartoni animati \u00e8, come un po&#8217; in tutto, la moderazione e la sapiente combinazione di pezzi a pois e pezzi monocolore, solo cos\u00ec riuscirete a creare un look sempre trendy e mai banale. Scegliete pois grandi e colorati per un effetto pop e pi\u00f9 appariscente, mentre optate per quelli pi\u00f9 piccoli e di un unico colore per un look chic e bon ton. Non abbiate paura di osare con gli accessori invece, danno sempre un tocco in pi\u00f9 e vi daranno personalit\u00e0 e originalit\u00e0. E ricordatevi sempre:<\/p>\n<blockquote><p><a href=\"https:\/\/www.pensieriparole.it\/aforismi\/abiti\/frase-126221?f=a:16724\">\u00c8 la persona che fa lo stile.<\/a><\/p>\n<div class=\"context\">\n<div class=\"author\"><a class=\"value\" title=\"Frasi di Laura Alba\" href=\"https:\/\/www.pensieriparole.it\/aforismi\/autori\/l\/laura-alba\/\">Laura Alba<\/a><\/div>\n<div class=\"author\">\n\r\n                <style type=\"text\/css\">\r\n                    \r\n                    #tdi_1  .td-doubleSlider-2 .td-item1 {\r\n                        background: url(https:\/\/www.pensieriparole.it\/magazine\/wp-content\/uploads\/2015\/03\/7_thumbnail-80x60.jpeg) 0 0 no-repeat;\r\n                    }\r\n                    #tdi_1  .td-doubleSlider-2 .td-item2 {\r\n                        background: url(https:\/\/www.pensieriparole.it\/magazine\/wp-content\/uploads\/2015\/03\/Burberry-80x60.jpg) 0 0 no-repeat;\r\n                    }\r\n                    #tdi_1  .td-doubleSlider-2 .td-item3 {\r\n                        background: url(https:\/\/www.pensieriparole.it\/magazine\/wp-content\/uploads\/2015\/03\/6_thumbnail-80x60.jpeg) 0 0 no-repeat;\r\n                    }\r\n                    #tdi_1  .td-doubleSlider-2 .td-item4 {\r\n                        background: url(https:\/\/www.pensieriparole.it\/magazine\/wp-content\/uploads\/2015\/03\/abito-trasparente-a-pois-dolce-gabbana-80x60.jpg) 0 0 no-repeat;\r\n                    }\r\n                    #tdi_1  .td-doubleSlider-2 .td-item5 {\r\n                        background: url(https:\/\/www.pensieriparole.it\/magazine\/wp-content\/uploads\/2015\/03\/jumpsuit-a-pois-genny-80x60.jpg) 0 0 no-repeat;\r\n                    }\r\n                    #tdi_1  .td-doubleSlider-2 .td-item6 {\r\n                        background: url(https:\/\/www.pensieriparole.it\/magazine\/wp-content\/uploads\/2015\/03\/minigonna-a-pois-just-cavalli-80x60.jpg) 0 0 no-repeat;\r\n                    }\r\n                    #tdi_1  .td-doubleSlider-2 .td-item7 {\r\n                        background: url(https:\/\/www.pensieriparole.it\/magazine\/wp-content\/uploads\/2015\/03\/ralph-lauren-80x60.jpg) 0 0 no-repeat;\r\n                    }\r\n                    #tdi_1  .td-doubleSlider-2 .td-item8 {\r\n                        background: url(https:\/\/www.pensieriparole.it\/magazine\/wp-content\/uploads\/2015\/03\/abito-macro-pois-twin-set-simona-barbieri-80x60.jpg) 0 0 no-repeat;\r\n                    }\r\n                    #tdi_1  .td-doubleSlider-2 .td-item9 {\r\n                        background: url(https:\/\/www.pensieriparole.it\/magazine\/wp-content\/uploads\/2015\/03\/039_256c7ee5-00fb-4d74-a0d0-701509001ee8-80x60.jpg) 0 0 no-repeat;\r\n                    }\r\n                <\/style>\r\n\r\n                <div id=\"tdi_1\" class=\"td-gallery td-slide-on-2-columns\">\r\n                    <div class=\"post_td_gallery\">\r\n                        <div class=\"td-gallery-slide-top\">\r\n                           <div class=\"td-gallery-title\">Pois: primavera estate 2015<\/div>\r\n\r\n                            <div class=\"td-gallery-controls-wrapper\">\r\n                                <div class=\"td-gallery-slide-count\"><span class=\"td-gallery-slide-item-focus\">1<\/span> of 17<\/div>\r\n                                <div class=\"td-gallery-slide-prev-next-but\">\r\n                                    <i class = \"td-icon-left doubleSliderPrevButton\"><\/i>\r\n                                    <i class = \"td-icon-right doubleSliderNextButton\"><\/i>\r\n                                <\/div>\r\n                            <\/div>\r\n                        <\/div>\r\n\r\n                        <div class = \"td-doubleSlider-1 \">\r\n                            <div class = \"td-slider\">\r\n                                \r\n                    <div class = \"td-slide-item td-item1\">\r\n                        <figure class=\"td-slide-galery-figure td-slide-popup-gallery\">\r\n                            <a class=\"slide-gallery-image-link\" href=\"https:\/\/www.pensieriparole.it\/magazine\/wp-content\/uploads\/2015\/03\/7_thumbnail.jpeg\" title=\"7_thumbnail\"  data-caption=\"Marc by Marc Jacobs\"  data-description=\"\">\r\n                                <img src=\"https:\/\/www.pensieriparole.it\/magazine\/wp-content\/uploads\/2015\/03\/7_thumbnail-280x420.jpeg\" srcset=\"https:\/\/www.pensieriparole.it\/magazine\/wp-content\/uploads\/2015\/03\/7_thumbnail-280x420.jpeg 280w, https:\/\/www.pensieriparole.it\/magazine\/wp-content\/uploads\/2015\/03\/7_thumbnail-200x300.jpeg 200w, https:\/\/www.pensieriparole.it\/magazine\/wp-content\/uploads\/2015\/03\/7_thumbnail.jpeg 360w\" sizes=\"(max-width: 280px) 100vw, 280px\" alt=\"\">\r\n                            <\/a>\r\n                            <figcaption class = \"td-slide-caption td-gallery-slide-content\"><div class = \"td-gallery-slide-copywrite\">Marc by Marc Jacobs<\/div><\/figcaption>\r\n                        <\/figure>\r\n                    <\/div>\r\n                    <div class = \"td-slide-item td-item2\">\r\n                        <figure class=\"td-slide-galery-figure td-slide-popup-gallery\">\r\n                            <a class=\"slide-gallery-image-link\" href=\"https:\/\/www.pensieriparole.it\/magazine\/wp-content\/uploads\/2015\/03\/Burberry.jpg\" title=\"Burberry\"  data-caption=\"Burberry\"  data-description=\"\">\r\n                                <img src=\"https:\/\/www.pensieriparole.it\/magazine\/wp-content\/uploads\/2015\/03\/Burberry-279x420.jpg\" srcset=\"https:\/\/www.pensieriparole.it\/magazine\/wp-content\/uploads\/2015\/03\/Burberry-279x420.jpg 279w, https:\/\/www.pensieriparole.it\/magazine\/wp-content\/uploads\/2015\/03\/Burberry-200x300.jpg 200w, https:\/\/www.pensieriparole.it\/magazine\/wp-content\/uploads\/2015\/03\/Burberry.jpg 423w\" sizes=\"(max-width: 279px) 100vw, 279px\" alt=\"\">\r\n                            <\/a>\r\n                            <figcaption class = \"td-slide-caption td-gallery-slide-content\"><div class = \"td-gallery-slide-copywrite\">Burberry<\/div><\/figcaption>\r\n                        <\/figure>\r\n                    <\/div>\r\n                    <div class = \"td-slide-item td-item3\">\r\n                        <figure class=\"td-slide-galery-figure td-slide-popup-gallery\">\r\n                            <a class=\"slide-gallery-image-link\" href=\"https:\/\/www.pensieriparole.it\/magazine\/wp-content\/uploads\/2015\/03\/6_thumbnail.jpeg\" title=\"6_thumbnail\"  data-caption=\"Marc by Marc Jacobs\"  data-description=\"\">\r\n                                <img src=\"https:\/\/www.pensieriparole.it\/magazine\/wp-content\/uploads\/2015\/03\/6_thumbnail-280x420.jpeg\" srcset=\"https:\/\/www.pensieriparole.it\/magazine\/wp-content\/uploads\/2015\/03\/6_thumbnail-280x420.jpeg 280w, https:\/\/www.pensieriparole.it\/magazine\/wp-content\/uploads\/2015\/03\/6_thumbnail-200x300.jpeg 200w, https:\/\/www.pensieriparole.it\/magazine\/wp-content\/uploads\/2015\/03\/6_thumbnail.jpeg 360w\" sizes=\"(max-width: 280px) 100vw, 280px\" alt=\"\">\r\n                            <\/a>\r\n                            <figcaption class = \"td-slide-caption td-gallery-slide-content\"><div class = \"td-gallery-slide-copywrite\">Marc by Marc Jacobs<\/div><\/figcaption>\r\n                        <\/figure>\r\n                    <\/div>\r\n                    <div class = \"td-slide-item td-item4\">\r\n                        <figure class=\"td-slide-galery-figure td-slide-popup-gallery\">\r\n                            <a class=\"slide-gallery-image-link\" href=\"https:\/\/www.pensieriparole.it\/magazine\/wp-content\/uploads\/2015\/03\/abito-trasparente-a-pois-dolce-gabbana.jpg\" title=\"abito-trasparente-a-pois-dolce-gabbana\"  data-caption=\"Dolce&amp;Gabbana\"  data-description=\"\">\r\n                                <img src=\"https:\/\/www.pensieriparole.it\/magazine\/wp-content\/uploads\/2015\/03\/abito-trasparente-a-pois-dolce-gabbana-279x420.jpg\" srcset=\"https:\/\/www.pensieriparole.it\/magazine\/wp-content\/uploads\/2015\/03\/abito-trasparente-a-pois-dolce-gabbana-279x420.jpg 279w, https:\/\/www.pensieriparole.it\/magazine\/wp-content\/uploads\/2015\/03\/abito-trasparente-a-pois-dolce-gabbana-200x300.jpg 200w, https:\/\/www.pensieriparole.it\/magazine\/wp-content\/uploads\/2015\/03\/abito-trasparente-a-pois-dolce-gabbana.jpg 362w\" sizes=\"(max-width: 279px) 100vw, 279px\" alt=\"\">\r\n                            <\/a>\r\n                            <figcaption class = \"td-slide-caption td-gallery-slide-content\"><div class = \"td-gallery-slide-copywrite\">Dolce&Gabbana<\/div><\/figcaption>\r\n                        <\/figure>\r\n                    <\/div>\r\n                    <div class = \"td-slide-item td-item5\">\r\n                        <figure class=\"td-slide-galery-figure td-slide-popup-gallery\">\r\n                            <a class=\"slide-gallery-image-link\" href=\"https:\/\/www.pensieriparole.it\/magazine\/wp-content\/uploads\/2015\/03\/jumpsuit-a-pois-genny.jpg\" title=\"jumpsuit-a-pois-genny\"  data-caption=\"Genny\"  data-description=\"\">\r\n                                <img src=\"https:\/\/www.pensieriparole.it\/magazine\/wp-content\/uploads\/2015\/03\/jumpsuit-a-pois-genny-279x420.jpg\" srcset=\"https:\/\/www.pensieriparole.it\/magazine\/wp-content\/uploads\/2015\/03\/jumpsuit-a-pois-genny-279x420.jpg 279w, https:\/\/www.pensieriparole.it\/magazine\/wp-content\/uploads\/2015\/03\/jumpsuit-a-pois-genny-200x300.jpg 200w, https:\/\/www.pensieriparole.it\/magazine\/wp-content\/uploads\/2015\/03\/jumpsuit-a-pois-genny.jpg 362w\" sizes=\"(max-width: 279px) 100vw, 279px\" alt=\"\">\r\n                            <\/a>\r\n                            <figcaption class = \"td-slide-caption td-gallery-slide-content\"><div class = \"td-gallery-slide-copywrite\">Genny<\/div><\/figcaption>\r\n                        <\/figure>\r\n                    <\/div>\r\n                    <div class = \"td-slide-item td-item6\">\r\n                        <figure class=\"td-slide-galery-figure td-slide-popup-gallery\">\r\n                            <a class=\"slide-gallery-image-link\" href=\"https:\/\/www.pensieriparole.it\/magazine\/wp-content\/uploads\/2015\/03\/minigonna-a-pois-just-cavalli.jpg\" title=\"minigonna-a-pois-just-cavalli\"  data-caption=\"Just Cavalli\"  data-description=\"\">\r\n                                <img src=\"https:\/\/www.pensieriparole.it\/magazine\/wp-content\/uploads\/2015\/03\/minigonna-a-pois-just-cavalli-279x420.jpg\" srcset=\"https:\/\/www.pensieriparole.it\/magazine\/wp-content\/uploads\/2015\/03\/minigonna-a-pois-just-cavalli-279x420.jpg 279w, https:\/\/www.pensieriparole.it\/magazine\/wp-content\/uploads\/2015\/03\/minigonna-a-pois-just-cavalli-200x300.jpg 200w, https:\/\/www.pensieriparole.it\/magazine\/wp-content\/uploads\/2015\/03\/minigonna-a-pois-just-cavalli.jpg 362w\" sizes=\"(max-width: 279px) 100vw, 279px\" alt=\"\">\r\n                            <\/a>\r\n                            <figcaption class = \"td-slide-caption td-gallery-slide-content\"><div class = \"td-gallery-slide-copywrite\">Just Cavalli<\/div><\/figcaption>\r\n                        <\/figure>\r\n                    <\/div>\r\n                    <div class = \"td-slide-item td-item7\">\r\n                        <figure class=\"td-slide-galery-figure td-slide-popup-gallery\">\r\n                            <a class=\"slide-gallery-image-link\" href=\"https:\/\/www.pensieriparole.it\/magazine\/wp-content\/uploads\/2015\/03\/ralph-lauren.jpg\" title=\"ralph-lauren\"  data-caption=\"Ralph Lauren\"  data-description=\"\">\r\n                                <img src=\"https:\/\/www.pensieriparole.it\/magazine\/wp-content\/uploads\/2015\/03\/ralph-lauren-280x420.jpg\" srcset=\"https:\/\/www.pensieriparole.it\/magazine\/wp-content\/uploads\/2015\/03\/ralph-lauren-280x420.jpg 280w, https:\/\/www.pensieriparole.it\/magazine\/wp-content\/uploads\/2015\/03\/ralph-lauren-200x300.jpg 200w, https:\/\/www.pensieriparole.it\/magazine\/wp-content\/uploads\/2015\/03\/ralph-lauren-683x1024.jpg 683w, https:\/\/www.pensieriparole.it\/magazine\/wp-content\/uploads\/2015\/03\/ralph-lauren-640x960.jpg 640w, https:\/\/www.pensieriparole.it\/magazine\/wp-content\/uploads\/2015\/03\/ralph-lauren-681x1022.jpg 681w, https:\/\/www.pensieriparole.it\/magazine\/wp-content\/uploads\/2015\/03\/ralph-lauren.jpg 736w\" sizes=\"(max-width: 280px) 100vw, 280px\" alt=\"\">\r\n                            <\/a>\r\n                            <figcaption class = \"td-slide-caption td-gallery-slide-content\"><div class = \"td-gallery-slide-copywrite\">Ralph Lauren<\/div><\/figcaption>\r\n                        <\/figure>\r\n                    <\/div>\r\n                    <div class = \"td-slide-item td-item8\">\r\n                        <figure class=\"td-slide-galery-figure td-slide-popup-gallery\">\r\n                            <a class=\"slide-gallery-image-link\" href=\"https:\/\/www.pensieriparole.it\/magazine\/wp-content\/uploads\/2015\/03\/abito-macro-pois-twin-set-simona-barbieri.jpg\" title=\"abito-macro-pois-twin-set-simona-barbieri\"  data-caption=\"Twin Set - Simona Barbieri\"  data-description=\"\">\r\n                                <img src=\"https:\/\/www.pensieriparole.it\/magazine\/wp-content\/uploads\/2015\/03\/abito-macro-pois-twin-set-simona-barbieri-279x420.jpg\" srcset=\"https:\/\/www.pensieriparole.it\/magazine\/wp-content\/uploads\/2015\/03\/abito-macro-pois-twin-set-simona-barbieri-279x420.jpg 279w, https:\/\/www.pensieriparole.it\/magazine\/wp-content\/uploads\/2015\/03\/abito-macro-pois-twin-set-simona-barbieri-200x300.jpg 200w, https:\/\/www.pensieriparole.it\/magazine\/wp-content\/uploads\/2015\/03\/abito-macro-pois-twin-set-simona-barbieri.jpg 362w\" sizes=\"(max-width: 279px) 100vw, 279px\" alt=\"\">\r\n                            <\/a>\r\n                            <figcaption class = \"td-slide-caption td-gallery-slide-content\"><div class = \"td-gallery-slide-copywrite\">Twin Set - Simona Barbieri<\/div><\/figcaption>\r\n                        <\/figure>\r\n                    <\/div>\r\n                    <div class = \"td-slide-item td-item9\">\r\n                        <figure class=\"td-slide-galery-figure td-slide-popup-gallery\">\r\n                            <a class=\"slide-gallery-image-link\" href=\"https:\/\/www.pensieriparole.it\/magazine\/wp-content\/uploads\/2015\/03\/039_256c7ee5-00fb-4d74-a0d0-701509001ee8.jpg\" title=\"dolce e gabbana\"  data-caption=\"Dolce&amp;Gabbana\"  data-description=\"\">\r\n                                <img src=\"https:\/\/www.pensieriparole.it\/magazine\/wp-content\/uploads\/2015\/03\/039_256c7ee5-00fb-4d74-a0d0-701509001ee8.jpg\" alt=\"\">\r\n                            <\/a>\r\n                            <figcaption class = \"td-slide-caption td-gallery-slide-content\"><div class = \"td-gallery-slide-copywrite\">Dolce&Gabbana<\/div><\/figcaption>\r\n                        <\/figure>\r\n                    <\/div>\r\n                            <\/div>\r\n                        <\/div>\r\n\r\n                        <div class = \"td-doubleSlider-2\">\r\n                            <div class = \"td-slider\">\r\n                                \r\n                    <div class = \"td-button td-item1\">\r\n                        <div class = \"td-border\"><\/div>\r\n                    <\/div>\r\n                    <div class = \"td-button td-item2\">\r\n                        <div class = \"td-border\"><\/div>\r\n                    <\/div>\r\n                    <div class = \"td-button td-item3\">\r\n                        <div class = \"td-border\"><\/div>\r\n                    <\/div>\r\n                    <div class = \"td-button td-item4\">\r\n                        <div class = \"td-border\"><\/div>\r\n                    <\/div>\r\n                    <div class = \"td-button td-item5\">\r\n                        <div class = \"td-border\"><\/div>\r\n                    <\/div>\r\n                    <div class = \"td-button td-item6\">\r\n                        <div class = \"td-border\"><\/div>\r\n                    <\/div>\r\n                    <div class = \"td-button td-item7\">\r\n                        <div class = \"td-border\"><\/div>\r\n                    <\/div>\r\n                    <div class = \"td-button td-item8\">\r\n                        <div class = \"td-border\"><\/div>\r\n                    <\/div>\r\n                    <div class = \"td-button td-item9\">\r\n                        <div class = \"td-border\"><\/div>\r\n                    <\/div>\r\n                            <\/div>\r\n                        <\/div>\r\n\r\n                    <\/div>\r\n\r\n                <\/div>\r\n                \n<\/div>\n<div class=\"date\"><\/div>\n<\/div>\n<p>&nbsp;<\/p><\/blockquote>\n","protected":false},"excerpt":{"rendered":"<p>Con l&#8217;arrivo del primo tiepido sole, nelle vetrine dei negozi di tutte le citt\u00e0 iniziano ad affacciarsi i primi capi primaverili. Seppur presenti gi\u00e0 dall&#8217;inizio dei saldi, le nuove collezioni cambiano tessuti, colori e forme appena la temperatura inizia piano piano a salire. Tra i vari trend visti nel lontano settembre 2014 sulle passerelle di [&hellip;]<\/p>\n","protected":false},"author":6,"featured_media":998,"comment_status":"open","ping_status":"open","sticky":false,"template":"","format":"standard","meta":{"tdm_status":"","tdm_grid_status":""},"categories":[18,20],"tags":[137,140,142,141,139,136,138],"yoast_head":"<!-- This site is optimized with the Yoast SEO plugin v19.11 - https:\/\/yoast.com\/wordpress\/plugins\/seo\/ -->\n<title>Pois : il trend della primavera - PensieriParole magazine<\/title>\n<meta name=\"description\" content=\"La stagione primaverile vede come protagonisti assoluti i pois!\" \/>\n<meta name=\"robots\" content=\"index, follow, max-snippet:-1, max-image-preview:large, max-video-preview:-1\" \/>\n<link rel=\"canonical\" href=\"https:\/\/www.pensieriparole.it\/magazine\/201503975\/pois-il-trend-della-primavera\" \/>\n<meta property=\"og:locale\" content=\"it_IT\" \/>\n<meta property=\"og:type\" content=\"article\" \/>\n<meta property=\"og:title\" content=\"Pois : il trend della primavera - PensieriParole magazine\" \/>\n<meta property=\"og:description\" content=\"La stagione primaverile vede come protagonisti assoluti i pois!\" \/>\n<meta property=\"og:url\" content=\"https:\/\/www.pensieriparole.it\/magazine\/201503975\/pois-il-trend-della-primavera\" \/>\n<meta property=\"og:site_name\" content=\"PensieriParole magazine\" \/>\n<meta property=\"article:publisher\" content=\"https:\/\/www.facebook.com\/PensieriParole\" \/>\n<meta property=\"article:published_time\" content=\"2015-03-06T12:13:51+00:00\" \/>\n<meta property=\"article:modified_time\" content=\"2015-03-07T09:04:47+00:00\" \/>\n<meta property=\"og:image\" content=\"https:\/\/www.pensieriparole.it\/magazine\/wp-content\/uploads\/2015\/03\/moda-bebe-bavaglino-bandana-pois-rainbow-3715211-pois-rainbow-1-di-1-9409e_big.jpg\" \/>\n\t<meta property=\"og:image:width\" content=\"1440\" \/>\n\t<meta property=\"og:image:height\" content=\"960\" \/>\n\t<meta property=\"og:image:type\" content=\"image\/jpeg\" \/>\n<meta name=\"author\" content=\"Rubina Gobbo\" \/>\n<meta name=\"twitter:card\" content=\"summary_large_image\" \/>\n<meta name=\"twitter:creator\" content=\"@pensieriparole\" \/>\n<meta name=\"twitter:site\" content=\"@pensieriparole\" \/>\n<meta name=\"twitter:label1\" content=\"Scritto da\" \/>\n\t<meta name=\"twitter:data1\" content=\"Rubina Gobbo\" \/>\n\t<meta name=\"twitter:label2\" content=\"Tempo di lettura stimato\" \/>\n\t<meta name=\"twitter:data2\" content=\"1 minuto\" \/>\n<script type=\"application\/ld+json\" class=\"yoast-schema-graph\">{\"@context\":\"https:\/\/schema.org\",\"@graph\":[{\"@type\":\"WebPage\",\"@id\":\"https:\/\/www.pensieriparole.it\/magazine\/201503975\/pois-il-trend-della-primavera\",\"url\":\"https:\/\/www.pensieriparole.it\/magazine\/201503975\/pois-il-trend-della-primavera\",\"name\":\"Pois : il trend della primavera - PensieriParole magazine\",\"isPartOf\":{\"@id\":\"https:\/\/www.pensieriparole.it\/magazine\/#website\"},\"datePublished\":\"2015-03-06T12:13:51+00:00\",\"dateModified\":\"2015-03-07T09:04:47+00:00\",\"author\":{\"@id\":\"https:\/\/www.pensieriparole.it\/magazine\/#\/schema\/person\/ae9b91aa0b9337382f39366a91bb2795\"},\"description\":\"La stagione primaverile vede come protagonisti assoluti i pois!\",\"breadcrumb\":{\"@id\":\"https:\/\/www.pensieriparole.it\/magazine\/201503975\/pois-il-trend-della-primavera#breadcrumb\"},\"inLanguage\":\"it-IT\",\"potentialAction\":[{\"@type\":\"ReadAction\",\"target\":[\"https:\/\/www.pensieriparole.it\/magazine\/201503975\/pois-il-trend-della-primavera\"]}]},{\"@type\":\"BreadcrumbList\",\"@id\":\"https:\/\/www.pensieriparole.it\/magazine\/201503975\/pois-il-trend-della-primavera#breadcrumb\",\"itemListElement\":[{\"@type\":\"ListItem\",\"position\":1,\"name\":\"Home\",\"item\":\"https:\/\/www.pensieriparole.it\/magazine\/\"},{\"@type\":\"ListItem\",\"position\":2,\"name\":\"Pois : il trend della primavera\"}]},{\"@type\":\"WebSite\",\"@id\":\"https:\/\/www.pensieriparole.it\/magazine\/#website\",\"url\":\"https:\/\/www.pensieriparole.it\/magazine\/\",\"name\":\"PensieriParole magazine\",\"description\":\"news &amp; curiosit\u00e0 dal mondo\",\"potentialAction\":[{\"@type\":\"SearchAction\",\"target\":{\"@type\":\"EntryPoint\",\"urlTemplate\":\"https:\/\/www.pensieriparole.it\/magazine\/?s={search_term_string}\"},\"query-input\":\"required name=search_term_string\"}],\"inLanguage\":\"it-IT\"},{\"@type\":\"Person\",\"@id\":\"https:\/\/www.pensieriparole.it\/magazine\/#\/schema\/person\/ae9b91aa0b9337382f39366a91bb2795\",\"name\":\"Rubina Gobbo\",\"sameAs\":[\"https:\/\/instagram.com\/ruby.gi\/\"],\"url\":\"https:\/\/www.pensieriparole.it\/magazine\/author\/rubina\"}]}<\/script>\n<!-- \/ Yoast SEO plugin. -->","yoast_head_json":{"title":"Pois : il trend della primavera - PensieriParole magazine","description":"La stagione primaverile vede come protagonisti assoluti i pois!","robots":{"index":"index","follow":"follow","max-snippet":"max-snippet:-1","max-image-preview":"max-image-preview:large","max-video-preview":"max-video-preview:-1"},"canonical":"https:\/\/www.pensieriparole.it\/magazine\/201503975\/pois-il-trend-della-primavera","og_locale":"it_IT","og_type":"article","og_title":"Pois : il trend della primavera - PensieriParole magazine","og_description":"La stagione primaverile vede come protagonisti assoluti i pois!","og_url":"https:\/\/www.pensieriparole.it\/magazine\/201503975\/pois-il-trend-della-primavera","og_site_name":"PensieriParole magazine","article_publisher":"https:\/\/www.facebook.com\/PensieriParole","article_published_time":"2015-03-06T12:13:51+00:00","article_modified_time":"2015-03-07T09:04:47+00:00","og_image":[{"width":1440,"height":960,"url":"https:\/\/www.pensieriparole.it\/magazine\/wp-content\/uploads\/2015\/03\/moda-bebe-bavaglino-bandana-pois-rainbow-3715211-pois-rainbow-1-di-1-9409e_big.jpg","type":"image\/jpeg"}],"author":"Rubina Gobbo","twitter_card":"summary_large_image","twitter_creator":"@pensieriparole","twitter_site":"@pensieriparole","twitter_misc":{"Scritto da":"Rubina Gobbo","Tempo di lettura stimato":"1 minuto"},"schema":{"@context":"https:\/\/schema.org","@graph":[{"@type":"WebPage","@id":"https:\/\/www.pensieriparole.it\/magazine\/201503975\/pois-il-trend-della-primavera","url":"https:\/\/www.pensieriparole.it\/magazine\/201503975\/pois-il-trend-della-primavera","name":"Pois : il trend della primavera - PensieriParole magazine","isPartOf":{"@id":"https:\/\/www.pensieriparole.it\/magazine\/#website"},"datePublished":"2015-03-06T12:13:51+00:00","dateModified":"2015-03-07T09:04:47+00:00","author":{"@id":"https:\/\/www.pensieriparole.it\/magazine\/#\/schema\/person\/ae9b91aa0b9337382f39366a91bb2795"},"description":"La stagione primaverile vede come protagonisti assoluti i pois!","breadcrumb":{"@id":"https:\/\/www.pensieriparole.it\/magazine\/201503975\/pois-il-trend-della-primavera#breadcrumb"},"inLanguage":"it-IT","potentialAction":[{"@type":"ReadAction","target":["https:\/\/www.pensieriparole.it\/magazine\/201503975\/pois-il-trend-della-primavera"]}]},{"@type":"BreadcrumbList","@id":"https:\/\/www.pensieriparole.it\/magazine\/201503975\/pois-il-trend-della-primavera#breadcrumb","itemListElement":[{"@type":"ListItem","position":1,"name":"Home","item":"https:\/\/www.pensieriparole.it\/magazine\/"},{"@type":"ListItem","position":2,"name":"Pois : il trend della primavera"}]},{"@type":"WebSite","@id":"https:\/\/www.pensieriparole.it\/magazine\/#website","url":"https:\/\/www.pensieriparole.it\/magazine\/","name":"PensieriParole magazine","description":"news &amp; curiosit\u00e0 dal mondo","potentialAction":[{"@type":"SearchAction","target":{"@type":"EntryPoint","urlTemplate":"https:\/\/www.pensieriparole.it\/magazine\/?s={search_term_string}"},"query-input":"required name=search_term_string"}],"inLanguage":"it-IT"},{"@type":"Person","@id":"https:\/\/www.pensieriparole.it\/magazine\/#\/schema\/person\/ae9b91aa0b9337382f39366a91bb2795","name":"Rubina Gobbo","sameAs":["https:\/\/instagram.com\/ruby.gi\/"],"url":"https:\/\/www.pensieriparole.it\/magazine\/author\/rubina"}]}},"_links":{"self":[{"href":"https:\/\/www.pensieriparole.it\/magazine\/wp-json\/wp\/v2\/posts\/975"}],"collection":[{"href":"https:\/\/www.pensieriparole.it\/magazine\/wp-json\/wp\/v2\/posts"}],"about":[{"href":"https:\/\/www.pensieriparole.it\/magazine\/wp-json\/wp\/v2\/types\/post"}],"author":[{"embeddable":true,"href":"https:\/\/www.pensieriparole.it\/magazine\/wp-json\/wp\/v2\/users\/6"}],"replies":[{"embeddable":true,"href":"https:\/\/www.pensieriparole.it\/magazine\/wp-json\/wp\/v2\/comments?post=975"}],"version-history":[{"count":3,"href":"https:\/\/www.pensieriparole.it\/magazine\/wp-json\/wp\/v2\/posts\/975\/revisions"}],"predecessor-version":[{"id":1007,"href":"https:\/\/www.pensieriparole.it\/magazine\/wp-json\/wp\/v2\/posts\/975\/revisions\/1007"}],"wp:featuredmedia":[{"embeddable":true,"href":"https:\/\/www.pensieriparole.it\/magazine\/wp-json\/wp\/v2\/media\/998"}],"wp:attachment":[{"href":"https:\/\/www.pensieriparole.it\/magazine\/wp-json\/wp\/v2\/media?parent=975"}],"wp:term":[{"taxonomy":"category","embeddable":true,"href":"https:\/\/www.pensieriparole.it\/magazine\/wp-json\/wp\/v2\/categories?post=975"},{"taxonomy":"post_tag","embeddable":true,"href":"https:\/\/www.pensieriparole.it\/magazine\/wp-json\/wp\/v2\/tags?post=975"}],"curies":[{"name":"wp","href":"https:\/\/api.w.org\/{rel}","templated":true}]}}