{"id":6598,"date":"2019-04-15T21:03:38","date_gmt":"2019-04-15T19:03:38","guid":{"rendered":"https:\/\/www.pensieriparole.it\/magazine\/?p=6598"},"modified":"2019-04-15T21:03:38","modified_gmt":"2019-04-15T19:03:38","slug":"nove-anni-fa-ci-lasciava-raimondo-vianello","status":"publish","type":"post","link":"https:\/\/www.pensieriparole.it\/magazine\/2019046598\/nove-anni-fa-ci-lasciava-raimondo-vianello","title":{"rendered":"Nove anni fa ci lasciava Raimondo Vianello"},"content":{"rendered":"<div id=\"fb-root\"><\/div>\n<h2>Il 15 aprile 2010 scomparse Raimondo Vianello, che insieme alla sua Sandra Mondaini ha formato una delle coppie televisive pi\u00f9 amate di sempre.<\/h2>\n<p><strong>Sandra e Raimondo<\/strong>, due entit\u00e0 distinte ma allo stesso tempo rigorosamente da pronunciare insieme. Si, perch\u00e8 la memoria di uno \u00e8 intrinsecamente legata a quella dell&#8217;altro. Di loro si ricorda in particolare <strong>Casa Vianello<\/strong>, una sitcom che divenne poi un vero e proprio modo di dire per riferirsi all&#8217;ideale di coppia italiana. Sono stati mezzo secolo insieme, dentro e fuori dal set, prima in Rai e poi in Mediaset. Ancora oggi sono citati dai giovani e presi da esempio da chi li ha vissuti.<\/p>\n<p>Il loro amore scocc\u00f2 quasi per caso: erano entrambi fidanzati. Lui stava con una ballerina, lei con un produttore dello spettacolo. Era il 1958 quando si incontrarono in occasione di Sayonara Butterfly, in cui entrambi recitavano. Durante una cena, improvvisamente e senza alcun preavviso, Raimondo alz\u00f2 il viso dal piatto e si rivolse a Sandra cos\u00ec: &#8220;<em>Sai che mi sono innamorato di te?<\/em>&#8220;. Quattro anni dopo arriver\u00e0 il matrimonio.<\/p>\n<p><a href=\"https:\/\/i.ppcdn.it\/pp\/magazine\/wp-content\/uploads\/2019\/04\/sandra-e-raimono-1.jpg\"><img decoding=\"async\" loading=\"lazy\" class=\"size-full wp-image-6601 alignnone\" src=\"https:\/\/i.ppcdn.it\/pp\/magazine\/wp-content\/uploads\/2019\/04\/sandra-e-raimono-1.jpg\" alt=\"\" width=\"929\" height=\"669\" srcset=\"https:\/\/www.pensieriparole.it\/magazine\/wp-content\/uploads\/2019\/04\/sandra-e-raimono-1.jpg 929w, https:\/\/www.pensieriparole.it\/magazine\/wp-content\/uploads\/2019\/04\/sandra-e-raimono-1-300x216.jpg 300w, https:\/\/www.pensieriparole.it\/magazine\/wp-content\/uploads\/2019\/04\/sandra-e-raimono-1-768x553.jpg 768w, https:\/\/www.pensieriparole.it\/magazine\/wp-content\/uploads\/2019\/04\/sandra-e-raimono-1-583x420.jpg 583w, https:\/\/www.pensieriparole.it\/magazine\/wp-content\/uploads\/2019\/04\/sandra-e-raimono-1-640x461.jpg 640w, https:\/\/www.pensieriparole.it\/magazine\/wp-content\/uploads\/2019\/04\/sandra-e-raimono-1-681x490.jpg 681w\" sizes=\"(max-width: 929px) 100vw, 929px\" \/><\/a><\/p>\n<p>Nove anni fa, precisamente il 15 aprile 2010, Raimondo Vianello scomparve con discrezione: una caratteristica che lo aveva accompagnato per tutta la vita. Nel settembre del 2009, sette mesi prima che morisse, durante un&#8217;intervista, Sandra e Raimondo regalarono un ultimo grande sketch a tutti attraverso un dialogo che ce li fa ricordare con un&#8217;immensa tenerezza:\u00a0<em>\u201cTu sei la mia spalla\u201d<\/em> gli dice lei parlando a fatica, seduta su una sedia a rotelle.\u00a0<em>\u201cAh, io sono la tua spalla?\u201d <\/em>ribatte lui perplesso, seduto l\u00ec accanto. <em>\u201cVabb\u00e8 non me ne ero accorto! Sar\u00e0 qualche anno che siamo insieme, ma adesso ci penser\u00f2 su questo fatto.\u201d<\/em><\/p>\n","protected":false},"excerpt":{"rendered":"<p>Il 15 aprile 2010 scomparse Raimondo Vianello, che insieme alla sua Sandra Mondaini ha formato una delle coppie televisive pi\u00f9 amate di sempre. Sandra e Raimondo, due entit\u00e0 distinte ma allo stesso tempo rigorosamente da pronunciare insieme. Si, perch\u00e8 la memoria di uno \u00e8 intrinsecamente legata a quella dell&#8217;altro. Di loro si ricorda in particolare [&hellip;]<\/p>\n","protected":false},"author":9,"featured_media":6600,"comment_status":"open","ping_status":"open","sticky":false,"template":"","format":"standard","meta":{"tdm_status":"","tdm_grid_status":""},"categories":[19,18],"tags":[1559],"yoast_head":"<!-- This site is optimized with the Yoast SEO plugin v19.11 - https:\/\/yoast.com\/wordpress\/plugins\/seo\/ -->\n<title>Nove anni fa ci lasciava Raimondo Vianello - PensieriParole magazine<\/title>\n<meta name=\"description\" content=\"Il 15 aprile 2010 scomparse Raimondo Vianello, che insieme alla sua Sandra Mondaini ha formato una delle coppie televisive pi\u00f9 amate di sempre.\" \/>\n<meta name=\"robots\" content=\"index, follow, max-snippet:-1, max-image-preview:large, max-video-preview:-1\" \/>\n<link rel=\"canonical\" href=\"https:\/\/www.pensieriparole.it\/magazine\/2019046598\/nove-anni-fa-ci-lasciava-raimondo-vianello\" \/>\n<meta property=\"og:locale\" content=\"it_IT\" \/>\n<meta property=\"og:type\" content=\"article\" \/>\n<meta property=\"og:title\" content=\"Nove anni fa ci lasciava Raimondo Vianello - PensieriParole magazine\" \/>\n<meta property=\"og:description\" content=\"Il 15 aprile 2010 scomparse Raimondo Vianello, che insieme alla sua Sandra Mondaini ha formato una delle coppie televisive pi\u00f9 amate di sempre.\" \/>\n<meta property=\"og:url\" content=\"https:\/\/www.pensieriparole.it\/magazine\/2019046598\/nove-anni-fa-ci-lasciava-raimondo-vianello\" \/>\n<meta property=\"og:site_name\" content=\"PensieriParole magazine\" \/>\n<meta property=\"article:publisher\" content=\"https:\/\/www.facebook.com\/PensieriParole\" \/>\n<meta property=\"article:published_time\" content=\"2019-04-15T19:03:38+00:00\" \/>\n<meta property=\"og:image\" content=\"https:\/\/www.pensieriparole.it\/magazine\/wp-content\/uploads\/2019\/04\/sandra-e-raimondo.jpg\" \/>\n\t<meta property=\"og:image:width\" content=\"500\" \/>\n\t<meta property=\"og:image:height\" content=\"375\" \/>\n\t<meta property=\"og:image:type\" content=\"image\/jpeg\" \/>\n<meta name=\"author\" content=\"Edoardo Crema\" \/>\n<meta name=\"twitter:card\" content=\"summary_large_image\" \/>\n<meta name=\"twitter:creator\" content=\"@pensieriparole\" \/>\n<meta name=\"twitter:site\" content=\"@pensieriparole\" \/>\n<meta name=\"twitter:label1\" content=\"Scritto da\" \/>\n\t<meta name=\"twitter:data1\" content=\"Edoardo Crema\" \/>\n\t<meta name=\"twitter:label2\" content=\"Tempo di lettura stimato\" \/>\n\t<meta name=\"twitter:data2\" content=\"1 minuto\" \/>\n<script type=\"application\/ld+json\" class=\"yoast-schema-graph\">{\"@context\":\"https:\/\/schema.org\",\"@graph\":[{\"@type\":\"WebPage\",\"@id\":\"https:\/\/www.pensieriparole.it\/magazine\/2019046598\/nove-anni-fa-ci-lasciava-raimondo-vianello\",\"url\":\"https:\/\/www.pensieriparole.it\/magazine\/2019046598\/nove-anni-fa-ci-lasciava-raimondo-vianello\",\"name\":\"Nove anni fa ci lasciava Raimondo Vianello - PensieriParole magazine\",\"isPartOf\":{\"@id\":\"https:\/\/www.pensieriparole.it\/magazine\/#website\"},\"datePublished\":\"2019-04-15T19:03:38+00:00\",\"dateModified\":\"2019-04-15T19:03:38+00:00\",\"author\":{\"@id\":\"https:\/\/www.pensieriparole.it\/magazine\/#\/schema\/person\/49f1be66417316e0f247f6ab85459aa0\"},\"description\":\"Il 15 aprile 2010 scomparse Raimondo Vianello, che insieme alla sua Sandra Mondaini ha formato una delle coppie televisive pi\u00f9 amate di sempre.\",\"breadcrumb\":{\"@id\":\"https:\/\/www.pensieriparole.it\/magazine\/2019046598\/nove-anni-fa-ci-lasciava-raimondo-vianello#breadcrumb\"},\"inLanguage\":\"it-IT\",\"potentialAction\":[{\"@type\":\"ReadAction\",\"target\":[\"https:\/\/www.pensieriparole.it\/magazine\/2019046598\/nove-anni-fa-ci-lasciava-raimondo-vianello\"]}]},{\"@type\":\"BreadcrumbList\",\"@id\":\"https:\/\/www.pensieriparole.it\/magazine\/2019046598\/nove-anni-fa-ci-lasciava-raimondo-vianello#breadcrumb\",\"itemListElement\":[{\"@type\":\"ListItem\",\"position\":1,\"name\":\"Home\",\"item\":\"https:\/\/www.pensieriparole.it\/magazine\/\"},{\"@type\":\"ListItem\",\"position\":2,\"name\":\"Nove anni fa ci lasciava Raimondo Vianello\"}]},{\"@type\":\"WebSite\",\"@id\":\"https:\/\/www.pensieriparole.it\/magazine\/#website\",\"url\":\"https:\/\/www.pensieriparole.it\/magazine\/\",\"name\":\"PensieriParole magazine\",\"description\":\"news &amp; curiosit\u00e0 dal mondo\",\"potentialAction\":[{\"@type\":\"SearchAction\",\"target\":{\"@type\":\"EntryPoint\",\"urlTemplate\":\"https:\/\/www.pensieriparole.it\/magazine\/?s={search_term_string}\"},\"query-input\":\"required name=search_term_string\"}],\"inLanguage\":\"it-IT\"},{\"@type\":\"Person\",\"@id\":\"https:\/\/www.pensieriparole.it\/magazine\/#\/schema\/person\/49f1be66417316e0f247f6ab85459aa0\",\"name\":\"Edoardo Crema\",\"sameAs\":[\"https:\/\/www.pensieriparole.it\/\"],\"url\":\"https:\/\/www.pensieriparole.it\/magazine\/author\/editor\"}]}<\/script>\n<!-- \/ Yoast SEO plugin. -->","yoast_head_json":{"title":"Nove anni fa ci lasciava Raimondo Vianello - PensieriParole magazine","description":"Il 15 aprile 2010 scomparse Raimondo Vianello, che insieme alla sua Sandra Mondaini ha formato una delle coppie televisive pi\u00f9 amate di sempre.","robots":{"index":"index","follow":"follow","max-snippet":"max-snippet:-1","max-image-preview":"max-image-preview:large","max-video-preview":"max-video-preview:-1"},"canonical":"https:\/\/www.pensieriparole.it\/magazine\/2019046598\/nove-anni-fa-ci-lasciava-raimondo-vianello","og_locale":"it_IT","og_type":"article","og_title":"Nove anni fa ci lasciava Raimondo Vianello - PensieriParole magazine","og_description":"Il 15 aprile 2010 scomparse Raimondo Vianello, che insieme alla sua Sandra Mondaini ha formato una delle coppie televisive pi\u00f9 amate di sempre.","og_url":"https:\/\/www.pensieriparole.it\/magazine\/2019046598\/nove-anni-fa-ci-lasciava-raimondo-vianello","og_site_name":"PensieriParole magazine","article_publisher":"https:\/\/www.facebook.com\/PensieriParole","article_published_time":"2019-04-15T19:03:38+00:00","og_image":[{"width":500,"height":375,"url":"https:\/\/www.pensieriparole.it\/magazine\/wp-content\/uploads\/2019\/04\/sandra-e-raimondo.jpg","type":"image\/jpeg"}],"author":"Edoardo Crema","twitter_card":"summary_large_image","twitter_creator":"@pensieriparole","twitter_site":"@pensieriparole","twitter_misc":{"Scritto da":"Edoardo Crema","Tempo di lettura stimato":"1 minuto"},"schema":{"@context":"https:\/\/schema.org","@graph":[{"@type":"WebPage","@id":"https:\/\/www.pensieriparole.it\/magazine\/2019046598\/nove-anni-fa-ci-lasciava-raimondo-vianello","url":"https:\/\/www.pensieriparole.it\/magazine\/2019046598\/nove-anni-fa-ci-lasciava-raimondo-vianello","name":"Nove anni fa ci lasciava Raimondo Vianello - PensieriParole magazine","isPartOf":{"@id":"https:\/\/www.pensieriparole.it\/magazine\/#website"},"datePublished":"2019-04-15T19:03:38+00:00","dateModified":"2019-04-15T19:03:38+00:00","author":{"@id":"https:\/\/www.pensieriparole.it\/magazine\/#\/schema\/person\/49f1be66417316e0f247f6ab85459aa0"},"description":"Il 15 aprile 2010 scomparse Raimondo Vianello, che insieme alla sua Sandra Mondaini ha formato una delle coppie televisive pi\u00f9 amate di sempre.","breadcrumb":{"@id":"https:\/\/www.pensieriparole.it\/magazine\/2019046598\/nove-anni-fa-ci-lasciava-raimondo-vianello#breadcrumb"},"inLanguage":"it-IT","potentialAction":[{"@type":"ReadAction","target":["https:\/\/www.pensieriparole.it\/magazine\/2019046598\/nove-anni-fa-ci-lasciava-raimondo-vianello"]}]},{"@type":"BreadcrumbList","@id":"https:\/\/www.pensieriparole.it\/magazine\/2019046598\/nove-anni-fa-ci-lasciava-raimondo-vianello#breadcrumb","itemListElement":[{"@type":"ListItem","position":1,"name":"Home","item":"https:\/\/www.pensieriparole.it\/magazine\/"},{"@type":"ListItem","position":2,"name":"Nove anni fa ci lasciava Raimondo Vianello"}]},{"@type":"WebSite","@id":"https:\/\/www.pensieriparole.it\/magazine\/#website","url":"https:\/\/www.pensieriparole.it\/magazine\/","name":"PensieriParole magazine","description":"news &amp; curiosit\u00e0 dal mondo","potentialAction":[{"@type":"SearchAction","target":{"@type":"EntryPoint","urlTemplate":"https:\/\/www.pensieriparole.it\/magazine\/?s={search_term_string}"},"query-input":"required name=search_term_string"}],"inLanguage":"it-IT"},{"@type":"Person","@id":"https:\/\/www.pensieriparole.it\/magazine\/#\/schema\/person\/49f1be66417316e0f247f6ab85459aa0","name":"Edoardo Crema","sameAs":["https:\/\/www.pensieriparole.it\/"],"url":"https:\/\/www.pensieriparole.it\/magazine\/author\/editor"}]}},"_links":{"self":[{"href":"https:\/\/www.pensieriparole.it\/magazine\/wp-json\/wp\/v2\/posts\/6598"}],"collection":[{"href":"https:\/\/www.pensieriparole.it\/magazine\/wp-json\/wp\/v2\/posts"}],"about":[{"href":"https:\/\/www.pensieriparole.it\/magazine\/wp-json\/wp\/v2\/types\/post"}],"author":[{"embeddable":true,"href":"https:\/\/www.pensieriparole.it\/magazine\/wp-json\/wp\/v2\/users\/9"}],"replies":[{"embeddable":true,"href":"https:\/\/www.pensieriparole.it\/magazine\/wp-json\/wp\/v2\/comments?post=6598"}],"version-history":[{"count":2,"href":"https:\/\/www.pensieriparole.it\/magazine\/wp-json\/wp\/v2\/posts\/6598\/revisions"}],"predecessor-version":[{"id":6602,"href":"https:\/\/www.pensieriparole.it\/magazine\/wp-json\/wp\/v2\/posts\/6598\/revisions\/6602"}],"wp:featuredmedia":[{"embeddable":true,"href":"https:\/\/www.pensieriparole.it\/magazine\/wp-json\/wp\/v2\/media\/6600"}],"wp:attachment":[{"href":"https:\/\/www.pensieriparole.it\/magazine\/wp-json\/wp\/v2\/media?parent=6598"}],"wp:term":[{"taxonomy":"category","embeddable":true,"href":"https:\/\/www.pensieriparole.it\/magazine\/wp-json\/wp\/v2\/categories?post=6598"},{"taxonomy":"post_tag","embeddable":true,"href":"https:\/\/www.pensieriparole.it\/magazine\/wp-json\/wp\/v2\/tags?post=6598"}],"curies":[{"name":"wp","href":"https:\/\/api.w.org\/{rel}","templated":true}]}}