{"id":6595,"date":"2019-04-11T17:54:50","date_gmt":"2019-04-11T15:54:50","guid":{"rendered":"https:\/\/www.pensieriparole.it\/magazine\/?p=6595"},"modified":"2019-04-11T17:54:50","modified_gmt":"2019-04-11T15:54:50","slug":"einstein-aveva-previsto-tutto-ora-i-buchi-neri-sono-realta","status":"publish","type":"post","link":"https:\/\/www.pensieriparole.it\/magazine\/2019046595\/einstein-aveva-previsto-tutto-ora-i-buchi-neri-sono-realta","title":{"rendered":"Einstein aveva previsto tutto: ora i buchi neri sono realt\u00e0"},"content":{"rendered":"<div id=\"fb-root\"><\/div>\n<section class=\"catenaccio\">\n<h2>Da ieri i buchi neri non sono pi\u00f9 oggetti cosmici misteriosi: la prima foto che li ritrae segna un punto storico raggiunto dall&#8217;umanit\u00e0. Ed Einstein gi\u00e0 sapeva.<\/h2>\n<p>Fino alla giornata di ieri i buchi neri erano oggetti cosmici misteriosi: potevamo affidarci solo a ricostruzioni e illustrazioni artistiche, ma le cose sono clamorosamente cambiate da quando &#8211; alle ore 15 &#8211; \u00e8 stata divulgata<strong> la loro prima foto\u00a0<\/strong>da parte del progetto Eht. Ci\u00f2 da un lato prova la loro effettiva esistenza, e dall&#8217;altro consente di poter osservare cosa accade quando la materia si avvicina ad un ambiente cos\u00ec estremo, dove la forza di gravit\u00e0 \u00e8 enorme.<\/p>\n<p>Ieri e oggi il mondo sta metabolizzando la scoperta, ricordando anche quanto sia stato fondamentale anche in quest&#8217;occasione <strong>il pensiero di Albert Einstein<\/strong>. Le prime conferme della teoria del celebre scienziato si ebbero tre anni fa: la collisione di due buchi neri risalente ad un miliardi di anni fa gener\u00f2 il primo segnale di un&#8217;onda gravitazionale. Un&#8217;eco lontana si pu\u00f2 dire, ma sufficiente a confermare l&#8217;esistenza dei buchi neri.<\/p>\n<p>Anche il compianto Stephen Hawking sapeva dell&#8217;esistenza dei buchi neri e riteneva che essi perdono progressivamente massa ed energia fino a svanire nel nulla, quasi come se &#8220;evaporassero&#8221;. Era il 1974. Tanti aspetti di questa scoperta devono ancora essere chiariti e altrettanti sono gli enigmi. Di sicuro questo rimane il momento pi\u00f9 importante della storia insieme alla scoperta del bosone di Higgs e delle onde gravitazionali.<\/p>\n<p>Su PensieriParole trovi tutte le pi\u00f9 famose <a href=\"https:\/\/www.pensieriparole.it\/aforismi\/autori\/albert-einstein\/\">frasi di Albert Einstein<\/a>. Un genio che aveva previsto ogni cosa.<\/p>\n<\/section>\n","protected":false},"excerpt":{"rendered":"<p>Da ieri i buchi neri non sono pi\u00f9 oggetti cosmici misteriosi: la prima foto che li ritrae segna un punto storico raggiunto dall&#8217;umanit\u00e0. Ed Einstein gi\u00e0 sapeva. Fino alla giornata di ieri i buchi neri erano oggetti cosmici misteriosi: potevamo affidarci solo a ricostruzioni e illustrazioni artistiche, ma le cose sono clamorosamente cambiate da quando [&hellip;]<\/p>\n","protected":false},"author":9,"featured_media":6596,"comment_status":"open","ping_status":"open","sticky":false,"template":"","format":"standard","meta":{"tdm_status":"","tdm_grid_status":""},"categories":[19,18],"tags":[1557,1558],"yoast_head":"<!-- This site is optimized with the Yoast SEO plugin v19.11 - https:\/\/yoast.com\/wordpress\/plugins\/seo\/ -->\n<title>Einstein aveva previsto tutto: ora i buchi neri sono realt\u00e0 - PensieriParole magazine<\/title>\n<meta name=\"description\" content=\"Da ieri i buchi neri non sono pi\u00f9 oggetti cosmici misteriosi: la prima foto che li ritrae conferma le teorie di Einstein.\" \/>\n<meta name=\"robots\" content=\"index, follow, max-snippet:-1, max-image-preview:large, max-video-preview:-1\" \/>\n<link rel=\"canonical\" href=\"https:\/\/www.pensieriparole.it\/magazine\/2019046595\/einstein-aveva-previsto-tutto-ora-i-buchi-neri-sono-realta\" \/>\n<meta property=\"og:locale\" content=\"it_IT\" \/>\n<meta property=\"og:type\" content=\"article\" \/>\n<meta property=\"og:title\" content=\"Einstein aveva previsto tutto: ora i buchi neri sono realt\u00e0 - PensieriParole magazine\" \/>\n<meta property=\"og:description\" content=\"Da ieri i buchi neri non sono pi\u00f9 oggetti cosmici misteriosi: la prima foto che li ritrae conferma le teorie di Einstein.\" \/>\n<meta property=\"og:url\" content=\"https:\/\/www.pensieriparole.it\/magazine\/2019046595\/einstein-aveva-previsto-tutto-ora-i-buchi-neri-sono-realta\" \/>\n<meta property=\"og:site_name\" content=\"PensieriParole magazine\" \/>\n<meta property=\"article:publisher\" content=\"https:\/\/www.facebook.com\/PensieriParole\" \/>\n<meta property=\"article:published_time\" content=\"2019-04-11T15:54:50+00:00\" \/>\n<meta property=\"og:image\" content=\"https:\/\/www.pensieriparole.it\/magazine\/wp-content\/uploads\/2019\/04\/einstein.jpg\" \/>\n\t<meta property=\"og:image:width\" content=\"590\" \/>\n\t<meta property=\"og:image:height\" content=\"350\" \/>\n\t<meta property=\"og:image:type\" content=\"image\/jpeg\" \/>\n<meta name=\"author\" content=\"Edoardo Crema\" \/>\n<meta name=\"twitter:card\" content=\"summary_large_image\" \/>\n<meta name=\"twitter:creator\" content=\"@pensieriparole\" \/>\n<meta name=\"twitter:site\" content=\"@pensieriparole\" \/>\n<meta name=\"twitter:label1\" content=\"Scritto da\" \/>\n\t<meta name=\"twitter:data1\" content=\"Edoardo Crema\" \/>\n\t<meta name=\"twitter:label2\" content=\"Tempo di lettura stimato\" \/>\n\t<meta name=\"twitter:data2\" content=\"1 minuto\" \/>\n<script type=\"application\/ld+json\" class=\"yoast-schema-graph\">{\"@context\":\"https:\/\/schema.org\",\"@graph\":[{\"@type\":\"WebPage\",\"@id\":\"https:\/\/www.pensieriparole.it\/magazine\/2019046595\/einstein-aveva-previsto-tutto-ora-i-buchi-neri-sono-realta\",\"url\":\"https:\/\/www.pensieriparole.it\/magazine\/2019046595\/einstein-aveva-previsto-tutto-ora-i-buchi-neri-sono-realta\",\"name\":\"Einstein aveva previsto tutto: ora i buchi neri sono realt\u00e0 - PensieriParole magazine\",\"isPartOf\":{\"@id\":\"https:\/\/www.pensieriparole.it\/magazine\/#website\"},\"datePublished\":\"2019-04-11T15:54:50+00:00\",\"dateModified\":\"2019-04-11T15:54:50+00:00\",\"author\":{\"@id\":\"https:\/\/www.pensieriparole.it\/magazine\/#\/schema\/person\/49f1be66417316e0f247f6ab85459aa0\"},\"description\":\"Da ieri i buchi neri non sono pi\u00f9 oggetti cosmici misteriosi: la prima foto che li ritrae conferma le teorie di Einstein.\",\"breadcrumb\":{\"@id\":\"https:\/\/www.pensieriparole.it\/magazine\/2019046595\/einstein-aveva-previsto-tutto-ora-i-buchi-neri-sono-realta#breadcrumb\"},\"inLanguage\":\"it-IT\",\"potentialAction\":[{\"@type\":\"ReadAction\",\"target\":[\"https:\/\/www.pensieriparole.it\/magazine\/2019046595\/einstein-aveva-previsto-tutto-ora-i-buchi-neri-sono-realta\"]}]},{\"@type\":\"BreadcrumbList\",\"@id\":\"https:\/\/www.pensieriparole.it\/magazine\/2019046595\/einstein-aveva-previsto-tutto-ora-i-buchi-neri-sono-realta#breadcrumb\",\"itemListElement\":[{\"@type\":\"ListItem\",\"position\":1,\"name\":\"Home\",\"item\":\"https:\/\/www.pensieriparole.it\/magazine\/\"},{\"@type\":\"ListItem\",\"position\":2,\"name\":\"Einstein aveva previsto tutto: ora i buchi neri sono realt\u00e0\"}]},{\"@type\":\"WebSite\",\"@id\":\"https:\/\/www.pensieriparole.it\/magazine\/#website\",\"url\":\"https:\/\/www.pensieriparole.it\/magazine\/\",\"name\":\"PensieriParole magazine\",\"description\":\"news &amp; curiosit\u00e0 dal mondo\",\"potentialAction\":[{\"@type\":\"SearchAction\",\"target\":{\"@type\":\"EntryPoint\",\"urlTemplate\":\"https:\/\/www.pensieriparole.it\/magazine\/?s={search_term_string}\"},\"query-input\":\"required name=search_term_string\"}],\"inLanguage\":\"it-IT\"},{\"@type\":\"Person\",\"@id\":\"https:\/\/www.pensieriparole.it\/magazine\/#\/schema\/person\/49f1be66417316e0f247f6ab85459aa0\",\"name\":\"Edoardo Crema\",\"sameAs\":[\"https:\/\/www.pensieriparole.it\/\"],\"url\":\"https:\/\/www.pensieriparole.it\/magazine\/author\/editor\"}]}<\/script>\n<!-- \/ Yoast SEO plugin. -->","yoast_head_json":{"title":"Einstein aveva previsto tutto: ora i buchi neri sono realt\u00e0 - PensieriParole magazine","description":"Da ieri i buchi neri non sono pi\u00f9 oggetti cosmici misteriosi: la prima foto che li ritrae conferma le teorie di Einstein.","robots":{"index":"index","follow":"follow","max-snippet":"max-snippet:-1","max-image-preview":"max-image-preview:large","max-video-preview":"max-video-preview:-1"},"canonical":"https:\/\/www.pensieriparole.it\/magazine\/2019046595\/einstein-aveva-previsto-tutto-ora-i-buchi-neri-sono-realta","og_locale":"it_IT","og_type":"article","og_title":"Einstein aveva previsto tutto: ora i buchi neri sono realt\u00e0 - PensieriParole magazine","og_description":"Da ieri i buchi neri non sono pi\u00f9 oggetti cosmici misteriosi: la prima foto che li ritrae conferma le teorie di Einstein.","og_url":"https:\/\/www.pensieriparole.it\/magazine\/2019046595\/einstein-aveva-previsto-tutto-ora-i-buchi-neri-sono-realta","og_site_name":"PensieriParole magazine","article_publisher":"https:\/\/www.facebook.com\/PensieriParole","article_published_time":"2019-04-11T15:54:50+00:00","og_image":[{"width":590,"height":350,"url":"https:\/\/www.pensieriparole.it\/magazine\/wp-content\/uploads\/2019\/04\/einstein.jpg","type":"image\/jpeg"}],"author":"Edoardo Crema","twitter_card":"summary_large_image","twitter_creator":"@pensieriparole","twitter_site":"@pensieriparole","twitter_misc":{"Scritto da":"Edoardo Crema","Tempo di lettura stimato":"1 minuto"},"schema":{"@context":"https:\/\/schema.org","@graph":[{"@type":"WebPage","@id":"https:\/\/www.pensieriparole.it\/magazine\/2019046595\/einstein-aveva-previsto-tutto-ora-i-buchi-neri-sono-realta","url":"https:\/\/www.pensieriparole.it\/magazine\/2019046595\/einstein-aveva-previsto-tutto-ora-i-buchi-neri-sono-realta","name":"Einstein aveva previsto tutto: ora i buchi neri sono realt\u00e0 - PensieriParole magazine","isPartOf":{"@id":"https:\/\/www.pensieriparole.it\/magazine\/#website"},"datePublished":"2019-04-11T15:54:50+00:00","dateModified":"2019-04-11T15:54:50+00:00","author":{"@id":"https:\/\/www.pensieriparole.it\/magazine\/#\/schema\/person\/49f1be66417316e0f247f6ab85459aa0"},"description":"Da ieri i buchi neri non sono pi\u00f9 oggetti cosmici misteriosi: la prima foto che li ritrae conferma le teorie di Einstein.","breadcrumb":{"@id":"https:\/\/www.pensieriparole.it\/magazine\/2019046595\/einstein-aveva-previsto-tutto-ora-i-buchi-neri-sono-realta#breadcrumb"},"inLanguage":"it-IT","potentialAction":[{"@type":"ReadAction","target":["https:\/\/www.pensieriparole.it\/magazine\/2019046595\/einstein-aveva-previsto-tutto-ora-i-buchi-neri-sono-realta"]}]},{"@type":"BreadcrumbList","@id":"https:\/\/www.pensieriparole.it\/magazine\/2019046595\/einstein-aveva-previsto-tutto-ora-i-buchi-neri-sono-realta#breadcrumb","itemListElement":[{"@type":"ListItem","position":1,"name":"Home","item":"https:\/\/www.pensieriparole.it\/magazine\/"},{"@type":"ListItem","position":2,"name":"Einstein aveva previsto tutto: ora i buchi neri sono realt\u00e0"}]},{"@type":"WebSite","@id":"https:\/\/www.pensieriparole.it\/magazine\/#website","url":"https:\/\/www.pensieriparole.it\/magazine\/","name":"PensieriParole magazine","description":"news &amp; curiosit\u00e0 dal mondo","potentialAction":[{"@type":"SearchAction","target":{"@type":"EntryPoint","urlTemplate":"https:\/\/www.pensieriparole.it\/magazine\/?s={search_term_string}"},"query-input":"required name=search_term_string"}],"inLanguage":"it-IT"},{"@type":"Person","@id":"https:\/\/www.pensieriparole.it\/magazine\/#\/schema\/person\/49f1be66417316e0f247f6ab85459aa0","name":"Edoardo Crema","sameAs":["https:\/\/www.pensieriparole.it\/"],"url":"https:\/\/www.pensieriparole.it\/magazine\/author\/editor"}]}},"_links":{"self":[{"href":"https:\/\/www.pensieriparole.it\/magazine\/wp-json\/wp\/v2\/posts\/6595"}],"collection":[{"href":"https:\/\/www.pensieriparole.it\/magazine\/wp-json\/wp\/v2\/posts"}],"about":[{"href":"https:\/\/www.pensieriparole.it\/magazine\/wp-json\/wp\/v2\/types\/post"}],"author":[{"embeddable":true,"href":"https:\/\/www.pensieriparole.it\/magazine\/wp-json\/wp\/v2\/users\/9"}],"replies":[{"embeddable":true,"href":"https:\/\/www.pensieriparole.it\/magazine\/wp-json\/wp\/v2\/comments?post=6595"}],"version-history":[{"count":1,"href":"https:\/\/www.pensieriparole.it\/magazine\/wp-json\/wp\/v2\/posts\/6595\/revisions"}],"predecessor-version":[{"id":6597,"href":"https:\/\/www.pensieriparole.it\/magazine\/wp-json\/wp\/v2\/posts\/6595\/revisions\/6597"}],"wp:featuredmedia":[{"embeddable":true,"href":"https:\/\/www.pensieriparole.it\/magazine\/wp-json\/wp\/v2\/media\/6596"}],"wp:attachment":[{"href":"https:\/\/www.pensieriparole.it\/magazine\/wp-json\/wp\/v2\/media?parent=6595"}],"wp:term":[{"taxonomy":"category","embeddable":true,"href":"https:\/\/www.pensieriparole.it\/magazine\/wp-json\/wp\/v2\/categories?post=6595"},{"taxonomy":"post_tag","embeddable":true,"href":"https:\/\/www.pensieriparole.it\/magazine\/wp-json\/wp\/v2\/tags?post=6595"}],"curies":[{"name":"wp","href":"https:\/\/api.w.org\/{rel}","templated":true}]}}