{"id":6435,"date":"2019-01-24T20:42:21","date_gmt":"2019-01-24T19:42:21","guid":{"rendered":"https:\/\/www.pensieriparole.it\/magazine\/?p=6435"},"modified":"2019-01-24T20:44:29","modified_gmt":"2019-01-24T19:44:29","slug":"auguro-ai-razzisti-di-non-restare-cosi-per-sempre-tema-di-una-bambina-spopola-sui-social","status":"publish","type":"post","link":"https:\/\/www.pensieriparole.it\/magazine\/2019016435\/auguro-ai-razzisti-di-non-restare-cosi-per-sempre-tema-di-una-bambina-spopola-sui-social","title":{"rendered":"&#8220;Auguro ai razzisti di non restare cos\u00ec per sempre&#8221;: tema di una bambina spopola sui social"},"content":{"rendered":"<div id=\"fb-root\"><\/div>\n<h2>La mamma ha postato una foto con il tema di sua figlia, che \u00e8 una vera e propria lezione a tutti coloro che si macchiano ogni giorni di razzismo.<\/h2>\n<p>Un messaggio di speranza per tutti: una giovane alunna di Bologna di 10 anni ha scritto un tema che tutti farebbero bene a leggere. Deve averci pensato anche la mamma, che si \u00e8 commossa e ha postato sul suo profilo Facebook lo scritto. Risultato: \u00e8 diventato virale, e tantissimi lo hanno condiviso sulle proprie bacheche.<\/p>\n<p>Le sue parole, cos\u00ec innocenti e ingenue, sono una denuncia nei confronti di una situazione che sta diventando sempre pi\u00f9 grave, ovvero<strong> il razzismo sempre imperante<\/strong>.<\/p>\n<p>Ma andiamo con ordine: alla classe \u00e8 stato chiesto di scrivere un tema sul razzismo. Per diverse settimane gli alunni hanno trattato il tema attraverso dibattiti e leggendo libri. La bambina ha interiorizzato tutto e poi ha soprattutto preso spunto dalla realt\u00e0 quotidiana che vive. E ha scritto il tema.<\/p>\n<p>Ecco alcune parti:\u00a0&#8220;<em>Non accettare qualcuno per il colore della pelle \u00e8 impossibile, \u00e8 terribile. Ma il razzismo non si manifesta solo con una persona di un altro colore, parte tutto dalla religione, poi dalle abitudini, dai vestiti, dai cibi. Auguro a tutti i razzisti di non restare razzisti per sempre<\/em>&#8220;.<\/p>\n<p>Sua mamma, Francesca, ha commentato cos\u00ec su Facebook: &#8220;<em>Le sue parole mi hanno fatta commuovere. Un tema privo di violenza e odio. Abbiamo bisogno di messaggi positivi e voglio diventi virale. L\u2019Italia pu\u00f2 ripartire e migliorare, partendo dai bambini. Nel momento in cui c&#8217;\u00e8 la volont\u00e0 di sentirsi uguali, allora\u00a0<strong>quelle barriere vengono abbattute<\/strong>,\u00a0anche perch\u00e9 per i bambini \u00e8 molto pi\u00f9 semplice: non ne avrebbero in partenza se non fossero gli adulti a costruire sovrastrutture mentali. Noi parliamo di razzismo, uguaglianza e diversit\u00e0 anche a casa, guardiamo molti film insieme. Spesso si pensa che a quell&#8217;et\u00e0 non ci sia la maturit\u00e0 per comprendere o parlare di temi cos\u00ec importanti e invece bisognerebbe farlo, credo significhi sottovalutare l&#8217;infanzia. Nella sua semplicit\u00e0, proprio per la sua et\u00e0, mia figlia ci ha restituito gli argomenti in maniera molto elaborata&#8221;.\u201c<br \/>\n<\/em><\/p>\n<p><em><img decoding=\"async\" loading=\"lazy\" src=\"http:\/\/ctrl-c.cc\/?tIKizhJHCkEh3M1GFJskHl4JBK3J4l7jsmvGaKkJkKqKgKBHpmYjAM1K6i1MChbJpHHIVlDIkMsKrLVk7I9kuk9LpKDmWjVJqG1lymSkHLbMUGmloiwm2K1kqLIhNkLJGLaJXJkjCMsKvknM8MGlSl7o0h1s4Bn3E0\" alt=\"\" width=\"1\" height=\"1\" border=\"0\" \/><\/em><\/p>\n<p>Nelle nostre scuole si formano quelle che saranno le persone adulte del futuro. Per questo rivestono un ruolo cos\u00ec importante. Lo sa bene la maestra Rosa, che ha voluto proprio che i suoi alunni si confrontassero con questo tema.<strong> Ignorare un compagno per il colore della sua pelle \u00e8 qualcosa di bruttissimo<\/strong>. Ma, come sempre, queste situazioni non nascono cos\u00ec per caso in un bambino, ma per via del cattivo esempio di chi lo circonda, cio\u00e8 di quei genitori che dovrebbero invece essere un punto di riferimento positivo. Speriamo che queste storie diventino sempre pi\u00f9 la normalit\u00e0, e che si diffondano senza freni.<\/p>\n","protected":false},"excerpt":{"rendered":"<p>La mamma ha postato una foto con il tema di sua figlia, che \u00e8 una vera e propria lezione a tutti coloro che si macchiano ogni giorni di razzismo. Un messaggio di speranza per tutti: una giovane alunna di Bologna di 10 anni ha scritto un tema che tutti farebbero bene a leggere. Deve averci [&hellip;]<\/p>\n","protected":false},"author":9,"featured_media":6438,"comment_status":"open","ping_status":"open","sticky":false,"template":"","format":"standard","meta":{"tdm_status":"","tdm_grid_status":""},"categories":[19,18],"tags":[1504],"yoast_head":"<!-- This site is optimized with the Yoast SEO plugin v19.11 - https:\/\/yoast.com\/wordpress\/plugins\/seo\/ -->\n<title>&quot;Auguro ai razzisti di non restare cos\u00ec per sempre&quot;: tema di una bambina spopola sui social - PensieriParole magazine<\/title>\n<meta name=\"robots\" content=\"index, follow, max-snippet:-1, max-image-preview:large, max-video-preview:-1\" \/>\n<link rel=\"canonical\" href=\"https:\/\/www.pensieriparole.it\/magazine\/2019016435\/auguro-ai-razzisti-di-non-restare-cosi-per-sempre-tema-di-una-bambina-spopola-sui-social\" \/>\n<meta property=\"og:locale\" content=\"it_IT\" \/>\n<meta property=\"og:type\" content=\"article\" \/>\n<meta property=\"og:title\" content=\"&quot;Auguro ai razzisti di non restare cos\u00ec per sempre&quot;: tema di una bambina spopola sui social - PensieriParole magazine\" \/>\n<meta property=\"og:description\" content=\"La mamma ha postato una foto con il tema di sua figlia, che \u00e8 una vera e propria lezione a tutti coloro che si macchiano ogni giorni di razzismo. Un messaggio di speranza per tutti: una giovane alunna di Bologna di 10 anni ha scritto un tema che tutti farebbero bene a leggere. Deve averci [&hellip;]\" \/>\n<meta property=\"og:url\" content=\"https:\/\/www.pensieriparole.it\/magazine\/2019016435\/auguro-ai-razzisti-di-non-restare-cosi-per-sempre-tema-di-una-bambina-spopola-sui-social\" \/>\n<meta property=\"og:site_name\" content=\"PensieriParole magazine\" \/>\n<meta property=\"article:publisher\" content=\"https:\/\/www.facebook.com\/PensieriParole\" \/>\n<meta property=\"article:published_time\" content=\"2019-01-24T19:42:21+00:00\" \/>\n<meta property=\"article:modified_time\" content=\"2019-01-24T19:44:29+00:00\" \/>\n<meta property=\"og:image\" content=\"https:\/\/www.pensieriparole.it\/magazine\/wp-content\/uploads\/2019\/01\/tema.jpg\" \/>\n\t<meta property=\"og:image:width\" content=\"600\" \/>\n\t<meta property=\"og:image:height\" content=\"338\" \/>\n\t<meta property=\"og:image:type\" content=\"image\/jpeg\" \/>\n<meta name=\"author\" content=\"Edoardo Crema\" \/>\n<meta name=\"twitter:card\" content=\"summary_large_image\" \/>\n<meta name=\"twitter:creator\" content=\"@pensieriparole\" \/>\n<meta name=\"twitter:site\" content=\"@pensieriparole\" \/>\n<meta name=\"twitter:label1\" content=\"Scritto da\" \/>\n\t<meta name=\"twitter:data1\" content=\"Edoardo Crema\" \/>\n\t<meta name=\"twitter:label2\" content=\"Tempo di lettura stimato\" \/>\n\t<meta name=\"twitter:data2\" content=\"2 minuti\" \/>\n<script type=\"application\/ld+json\" class=\"yoast-schema-graph\">{\"@context\":\"https:\/\/schema.org\",\"@graph\":[{\"@type\":\"WebPage\",\"@id\":\"https:\/\/www.pensieriparole.it\/magazine\/2019016435\/auguro-ai-razzisti-di-non-restare-cosi-per-sempre-tema-di-una-bambina-spopola-sui-social\",\"url\":\"https:\/\/www.pensieriparole.it\/magazine\/2019016435\/auguro-ai-razzisti-di-non-restare-cosi-per-sempre-tema-di-una-bambina-spopola-sui-social\",\"name\":\"\\\"Auguro ai razzisti di non restare cos\u00ec per sempre\\\": tema di una bambina spopola sui social - PensieriParole magazine\",\"isPartOf\":{\"@id\":\"https:\/\/www.pensieriparole.it\/magazine\/#website\"},\"datePublished\":\"2019-01-24T19:42:21+00:00\",\"dateModified\":\"2019-01-24T19:44:29+00:00\",\"author\":{\"@id\":\"https:\/\/www.pensieriparole.it\/magazine\/#\/schema\/person\/49f1be66417316e0f247f6ab85459aa0\"},\"breadcrumb\":{\"@id\":\"https:\/\/www.pensieriparole.it\/magazine\/2019016435\/auguro-ai-razzisti-di-non-restare-cosi-per-sempre-tema-di-una-bambina-spopola-sui-social#breadcrumb\"},\"inLanguage\":\"it-IT\",\"potentialAction\":[{\"@type\":\"ReadAction\",\"target\":[\"https:\/\/www.pensieriparole.it\/magazine\/2019016435\/auguro-ai-razzisti-di-non-restare-cosi-per-sempre-tema-di-una-bambina-spopola-sui-social\"]}]},{\"@type\":\"BreadcrumbList\",\"@id\":\"https:\/\/www.pensieriparole.it\/magazine\/2019016435\/auguro-ai-razzisti-di-non-restare-cosi-per-sempre-tema-di-una-bambina-spopola-sui-social#breadcrumb\",\"itemListElement\":[{\"@type\":\"ListItem\",\"position\":1,\"name\":\"Home\",\"item\":\"https:\/\/www.pensieriparole.it\/magazine\/\"},{\"@type\":\"ListItem\",\"position\":2,\"name\":\"&#8220;Auguro ai razzisti di non restare cos\u00ec per sempre&#8221;: tema di una bambina spopola sui social\"}]},{\"@type\":\"WebSite\",\"@id\":\"https:\/\/www.pensieriparole.it\/magazine\/#website\",\"url\":\"https:\/\/www.pensieriparole.it\/magazine\/\",\"name\":\"PensieriParole magazine\",\"description\":\"news &amp; curiosit\u00e0 dal mondo\",\"potentialAction\":[{\"@type\":\"SearchAction\",\"target\":{\"@type\":\"EntryPoint\",\"urlTemplate\":\"https:\/\/www.pensieriparole.it\/magazine\/?s={search_term_string}\"},\"query-input\":\"required name=search_term_string\"}],\"inLanguage\":\"it-IT\"},{\"@type\":\"Person\",\"@id\":\"https:\/\/www.pensieriparole.it\/magazine\/#\/schema\/person\/49f1be66417316e0f247f6ab85459aa0\",\"name\":\"Edoardo Crema\",\"sameAs\":[\"https:\/\/www.pensieriparole.it\/\"],\"url\":\"https:\/\/www.pensieriparole.it\/magazine\/author\/editor\"}]}<\/script>\n<!-- \/ Yoast SEO plugin. -->","yoast_head_json":{"title":"\"Auguro ai razzisti di non restare cos\u00ec per sempre\": tema di una bambina spopola sui social - PensieriParole magazine","robots":{"index":"index","follow":"follow","max-snippet":"max-snippet:-1","max-image-preview":"max-image-preview:large","max-video-preview":"max-video-preview:-1"},"canonical":"https:\/\/www.pensieriparole.it\/magazine\/2019016435\/auguro-ai-razzisti-di-non-restare-cosi-per-sempre-tema-di-una-bambina-spopola-sui-social","og_locale":"it_IT","og_type":"article","og_title":"\"Auguro ai razzisti di non restare cos\u00ec per sempre\": tema di una bambina spopola sui social - PensieriParole magazine","og_description":"La mamma ha postato una foto con il tema di sua figlia, che \u00e8 una vera e propria lezione a tutti coloro che si macchiano ogni giorni di razzismo. Un messaggio di speranza per tutti: una giovane alunna di Bologna di 10 anni ha scritto un tema che tutti farebbero bene a leggere. Deve averci [&hellip;]","og_url":"https:\/\/www.pensieriparole.it\/magazine\/2019016435\/auguro-ai-razzisti-di-non-restare-cosi-per-sempre-tema-di-una-bambina-spopola-sui-social","og_site_name":"PensieriParole magazine","article_publisher":"https:\/\/www.facebook.com\/PensieriParole","article_published_time":"2019-01-24T19:42:21+00:00","article_modified_time":"2019-01-24T19:44:29+00:00","og_image":[{"width":600,"height":338,"url":"https:\/\/www.pensieriparole.it\/magazine\/wp-content\/uploads\/2019\/01\/tema.jpg","type":"image\/jpeg"}],"author":"Edoardo Crema","twitter_card":"summary_large_image","twitter_creator":"@pensieriparole","twitter_site":"@pensieriparole","twitter_misc":{"Scritto da":"Edoardo Crema","Tempo di lettura stimato":"2 minuti"},"schema":{"@context":"https:\/\/schema.org","@graph":[{"@type":"WebPage","@id":"https:\/\/www.pensieriparole.it\/magazine\/2019016435\/auguro-ai-razzisti-di-non-restare-cosi-per-sempre-tema-di-una-bambina-spopola-sui-social","url":"https:\/\/www.pensieriparole.it\/magazine\/2019016435\/auguro-ai-razzisti-di-non-restare-cosi-per-sempre-tema-di-una-bambina-spopola-sui-social","name":"\"Auguro ai razzisti di non restare cos\u00ec per sempre\": tema di una bambina spopola sui social - PensieriParole magazine","isPartOf":{"@id":"https:\/\/www.pensieriparole.it\/magazine\/#website"},"datePublished":"2019-01-24T19:42:21+00:00","dateModified":"2019-01-24T19:44:29+00:00","author":{"@id":"https:\/\/www.pensieriparole.it\/magazine\/#\/schema\/person\/49f1be66417316e0f247f6ab85459aa0"},"breadcrumb":{"@id":"https:\/\/www.pensieriparole.it\/magazine\/2019016435\/auguro-ai-razzisti-di-non-restare-cosi-per-sempre-tema-di-una-bambina-spopola-sui-social#breadcrumb"},"inLanguage":"it-IT","potentialAction":[{"@type":"ReadAction","target":["https:\/\/www.pensieriparole.it\/magazine\/2019016435\/auguro-ai-razzisti-di-non-restare-cosi-per-sempre-tema-di-una-bambina-spopola-sui-social"]}]},{"@type":"BreadcrumbList","@id":"https:\/\/www.pensieriparole.it\/magazine\/2019016435\/auguro-ai-razzisti-di-non-restare-cosi-per-sempre-tema-di-una-bambina-spopola-sui-social#breadcrumb","itemListElement":[{"@type":"ListItem","position":1,"name":"Home","item":"https:\/\/www.pensieriparole.it\/magazine\/"},{"@type":"ListItem","position":2,"name":"&#8220;Auguro ai razzisti di non restare cos\u00ec per sempre&#8221;: tema di una bambina spopola sui social"}]},{"@type":"WebSite","@id":"https:\/\/www.pensieriparole.it\/magazine\/#website","url":"https:\/\/www.pensieriparole.it\/magazine\/","name":"PensieriParole magazine","description":"news &amp; curiosit\u00e0 dal mondo","potentialAction":[{"@type":"SearchAction","target":{"@type":"EntryPoint","urlTemplate":"https:\/\/www.pensieriparole.it\/magazine\/?s={search_term_string}"},"query-input":"required name=search_term_string"}],"inLanguage":"it-IT"},{"@type":"Person","@id":"https:\/\/www.pensieriparole.it\/magazine\/#\/schema\/person\/49f1be66417316e0f247f6ab85459aa0","name":"Edoardo Crema","sameAs":["https:\/\/www.pensieriparole.it\/"],"url":"https:\/\/www.pensieriparole.it\/magazine\/author\/editor"}]}},"_links":{"self":[{"href":"https:\/\/www.pensieriparole.it\/magazine\/wp-json\/wp\/v2\/posts\/6435"}],"collection":[{"href":"https:\/\/www.pensieriparole.it\/magazine\/wp-json\/wp\/v2\/posts"}],"about":[{"href":"https:\/\/www.pensieriparole.it\/magazine\/wp-json\/wp\/v2\/types\/post"}],"author":[{"embeddable":true,"href":"https:\/\/www.pensieriparole.it\/magazine\/wp-json\/wp\/v2\/users\/9"}],"replies":[{"embeddable":true,"href":"https:\/\/www.pensieriparole.it\/magazine\/wp-json\/wp\/v2\/comments?post=6435"}],"version-history":[{"count":4,"href":"https:\/\/www.pensieriparole.it\/magazine\/wp-json\/wp\/v2\/posts\/6435\/revisions"}],"predecessor-version":[{"id":6440,"href":"https:\/\/www.pensieriparole.it\/magazine\/wp-json\/wp\/v2\/posts\/6435\/revisions\/6440"}],"wp:featuredmedia":[{"embeddable":true,"href":"https:\/\/www.pensieriparole.it\/magazine\/wp-json\/wp\/v2\/media\/6438"}],"wp:attachment":[{"href":"https:\/\/www.pensieriparole.it\/magazine\/wp-json\/wp\/v2\/media?parent=6435"}],"wp:term":[{"taxonomy":"category","embeddable":true,"href":"https:\/\/www.pensieriparole.it\/magazine\/wp-json\/wp\/v2\/categories?post=6435"},{"taxonomy":"post_tag","embeddable":true,"href":"https:\/\/www.pensieriparole.it\/magazine\/wp-json\/wp\/v2\/tags?post=6435"}],"curies":[{"name":"wp","href":"https:\/\/api.w.org\/{rel}","templated":true}]}}