{"id":6333,"date":"2018-11-19T18:21:56","date_gmt":"2018-11-19T17:21:56","guid":{"rendered":"https:\/\/www.pensieriparole.it\/magazine\/?p=6333"},"modified":"2018-11-19T18:21:56","modified_gmt":"2018-11-19T17:21:56","slug":"arriva-la-neve","status":"publish","type":"post","link":"https:\/\/www.pensieriparole.it\/magazine\/2018116333\/arriva-la-neve","title":{"rendered":"Arriva la neve!"},"content":{"rendered":"<div id=\"fb-root\"><\/div>\n<h3>Oggi, luned\u00ec 19 novembre, \u00e8 arrivato il gelo quasi in tutta Italia. Al nord ecco la prima neve.<\/h3>\n<p>Ci siamo: dopo una buona parte di autunno soleggiata e soprattutto molto calda,<strong> \u00e8 arrivato il freddo<\/strong>. Pi\u00f9 invernale che autunnale, a giudicare da come si \u00e8 svegliata buona parte della popolazione italiana. Pioggia e soprattutto neve in diverse zone della Penisola, con temperature mai cos\u00ec vicine allo zero quest&#8217;anno. Perci\u00f2 prepariamoci ad<strong> un periodo molto pi\u00f9 freddo e instabile<\/strong>, con precipitazioni continue nei prossimi giorni. Questo per via di un Vortice Ciclonico in arrivo dal Mediterraneo occidentale, che da questa mattina ha contribuito in larga misura a ricoprire con le prime nevicate Alpi e Prealpi centro-occidentali a partire dai 3-400 metri di quota, specialmente in Piemonte e Lombardia.<\/p>\n<p>Nelle prossime ore per\u00f2 la quota potrebbe abbassarsi ulteriormente e la neve arrivare anche in pianura e fare capolinea dunque a Torino e Milano. In Veneto, Friuli ed Emilia Romagna le nevicate non scenderanno sotto quota 300 metri. Ovviamente a gioire saranno gli impianti sciistici, che si stanno preparando alla stagione invernale: la neve infatti dovrebbe gi\u00e0 arrivare anche a Cortina e in buona parte delle localit\u00e0 turistiche del Trentino. Sugli Appennini centrali invece la quota rimane alta: 1400 metri, la neve non scender\u00e0. La grande neve dovrebbe comunque arrivare da venerd\u00ec, prima sulle Alpi di Nordovest e poi anche al Nordest.<\/p>\n<p>E&#8217; arrivata la neve! Segno che ci stiamo avvicinando sempre di pi\u00f9 al periodo pi\u00f9 bello dell&#8217;anno, ovvero quello natalizio.<\/p>\n","protected":false},"excerpt":{"rendered":"<p>Oggi, luned\u00ec 19 novembre, \u00e8 arrivato il gelo quasi in tutta Italia. Al nord ecco la prima neve. Ci siamo: dopo una buona parte di autunno soleggiata e soprattutto molto calda, \u00e8 arrivato il freddo. Pi\u00f9 invernale che autunnale, a giudicare da come si \u00e8 svegliata buona parte della popolazione italiana. Pioggia e soprattutto neve [&hellip;]<\/p>\n","protected":false},"author":9,"featured_media":6335,"comment_status":"open","ping_status":"open","sticky":false,"template":"","format":"standard","meta":{"tdm_status":"","tdm_grid_status":""},"categories":[19,18],"tags":[1509],"yoast_head":"<!-- This site is optimized with the Yoast SEO plugin v19.11 - https:\/\/yoast.com\/wordpress\/plugins\/seo\/ -->\n<title>Arriva la neve! - PensieriParole magazine<\/title>\n<meta name=\"description\" content=\"Oggi, luned\u00ec 19 novembre, \u00e8 arrivato il gelo quasi in tutta Italia. Al nord ecco la prima neve! Ma il maltempo si sta estendendo in tutta la Penisola.\" \/>\n<meta name=\"robots\" content=\"index, follow, max-snippet:-1, max-image-preview:large, max-video-preview:-1\" \/>\n<link rel=\"canonical\" href=\"https:\/\/www.pensieriparole.it\/magazine\/2018116333\/arriva-la-neve\" \/>\n<meta property=\"og:locale\" content=\"it_IT\" \/>\n<meta property=\"og:type\" content=\"article\" \/>\n<meta property=\"og:title\" content=\"Arriva la neve! - PensieriParole magazine\" \/>\n<meta property=\"og:description\" content=\"Oggi, luned\u00ec 19 novembre, \u00e8 arrivato il gelo quasi in tutta Italia. Al nord ecco la prima neve! Ma il maltempo si sta estendendo in tutta la Penisola.\" \/>\n<meta property=\"og:url\" content=\"https:\/\/www.pensieriparole.it\/magazine\/2018116333\/arriva-la-neve\" \/>\n<meta property=\"og:site_name\" content=\"PensieriParole magazine\" \/>\n<meta property=\"article:publisher\" content=\"https:\/\/www.facebook.com\/PensieriParole\" \/>\n<meta property=\"article:published_time\" content=\"2018-11-19T17:21:56+00:00\" \/>\n<meta property=\"og:image\" content=\"https:\/\/www.pensieriparole.it\/magazine\/wp-content\/uploads\/2018\/11\/neve.jpg\" \/>\n\t<meta property=\"og:image:width\" content=\"633\" \/>\n\t<meta property=\"og:image:height\" content=\"376\" \/>\n\t<meta property=\"og:image:type\" content=\"image\/jpeg\" \/>\n<meta name=\"author\" content=\"Edoardo Crema\" \/>\n<meta name=\"twitter:card\" content=\"summary_large_image\" \/>\n<meta name=\"twitter:creator\" content=\"@pensieriparole\" \/>\n<meta name=\"twitter:site\" content=\"@pensieriparole\" \/>\n<meta name=\"twitter:label1\" content=\"Scritto da\" \/>\n\t<meta name=\"twitter:data1\" content=\"Edoardo Crema\" \/>\n\t<meta name=\"twitter:label2\" content=\"Tempo di lettura stimato\" \/>\n\t<meta name=\"twitter:data2\" content=\"1 minuto\" \/>\n<script type=\"application\/ld+json\" class=\"yoast-schema-graph\">{\"@context\":\"https:\/\/schema.org\",\"@graph\":[{\"@type\":\"WebPage\",\"@id\":\"https:\/\/www.pensieriparole.it\/magazine\/2018116333\/arriva-la-neve\",\"url\":\"https:\/\/www.pensieriparole.it\/magazine\/2018116333\/arriva-la-neve\",\"name\":\"Arriva la neve! - PensieriParole magazine\",\"isPartOf\":{\"@id\":\"https:\/\/www.pensieriparole.it\/magazine\/#website\"},\"datePublished\":\"2018-11-19T17:21:56+00:00\",\"dateModified\":\"2018-11-19T17:21:56+00:00\",\"author\":{\"@id\":\"https:\/\/www.pensieriparole.it\/magazine\/#\/schema\/person\/49f1be66417316e0f247f6ab85459aa0\"},\"description\":\"Oggi, luned\u00ec 19 novembre, \u00e8 arrivato il gelo quasi in tutta Italia. Al nord ecco la prima neve! Ma il maltempo si sta estendendo in tutta la Penisola.\",\"breadcrumb\":{\"@id\":\"https:\/\/www.pensieriparole.it\/magazine\/2018116333\/arriva-la-neve#breadcrumb\"},\"inLanguage\":\"it-IT\",\"potentialAction\":[{\"@type\":\"ReadAction\",\"target\":[\"https:\/\/www.pensieriparole.it\/magazine\/2018116333\/arriva-la-neve\"]}]},{\"@type\":\"BreadcrumbList\",\"@id\":\"https:\/\/www.pensieriparole.it\/magazine\/2018116333\/arriva-la-neve#breadcrumb\",\"itemListElement\":[{\"@type\":\"ListItem\",\"position\":1,\"name\":\"Home\",\"item\":\"https:\/\/www.pensieriparole.it\/magazine\/\"},{\"@type\":\"ListItem\",\"position\":2,\"name\":\"Arriva la neve!\"}]},{\"@type\":\"WebSite\",\"@id\":\"https:\/\/www.pensieriparole.it\/magazine\/#website\",\"url\":\"https:\/\/www.pensieriparole.it\/magazine\/\",\"name\":\"PensieriParole magazine\",\"description\":\"news &amp; curiosit\u00e0 dal mondo\",\"potentialAction\":[{\"@type\":\"SearchAction\",\"target\":{\"@type\":\"EntryPoint\",\"urlTemplate\":\"https:\/\/www.pensieriparole.it\/magazine\/?s={search_term_string}\"},\"query-input\":\"required name=search_term_string\"}],\"inLanguage\":\"it-IT\"},{\"@type\":\"Person\",\"@id\":\"https:\/\/www.pensieriparole.it\/magazine\/#\/schema\/person\/49f1be66417316e0f247f6ab85459aa0\",\"name\":\"Edoardo Crema\",\"sameAs\":[\"https:\/\/www.pensieriparole.it\/\"],\"url\":\"https:\/\/www.pensieriparole.it\/magazine\/author\/editor\"}]}<\/script>\n<!-- \/ Yoast SEO plugin. -->","yoast_head_json":{"title":"Arriva la neve! - PensieriParole magazine","description":"Oggi, luned\u00ec 19 novembre, \u00e8 arrivato il gelo quasi in tutta Italia. Al nord ecco la prima neve! Ma il maltempo si sta estendendo in tutta la Penisola.","robots":{"index":"index","follow":"follow","max-snippet":"max-snippet:-1","max-image-preview":"max-image-preview:large","max-video-preview":"max-video-preview:-1"},"canonical":"https:\/\/www.pensieriparole.it\/magazine\/2018116333\/arriva-la-neve","og_locale":"it_IT","og_type":"article","og_title":"Arriva la neve! - PensieriParole magazine","og_description":"Oggi, luned\u00ec 19 novembre, \u00e8 arrivato il gelo quasi in tutta Italia. Al nord ecco la prima neve! Ma il maltempo si sta estendendo in tutta la Penisola.","og_url":"https:\/\/www.pensieriparole.it\/magazine\/2018116333\/arriva-la-neve","og_site_name":"PensieriParole magazine","article_publisher":"https:\/\/www.facebook.com\/PensieriParole","article_published_time":"2018-11-19T17:21:56+00:00","og_image":[{"width":633,"height":376,"url":"https:\/\/www.pensieriparole.it\/magazine\/wp-content\/uploads\/2018\/11\/neve.jpg","type":"image\/jpeg"}],"author":"Edoardo Crema","twitter_card":"summary_large_image","twitter_creator":"@pensieriparole","twitter_site":"@pensieriparole","twitter_misc":{"Scritto da":"Edoardo Crema","Tempo di lettura stimato":"1 minuto"},"schema":{"@context":"https:\/\/schema.org","@graph":[{"@type":"WebPage","@id":"https:\/\/www.pensieriparole.it\/magazine\/2018116333\/arriva-la-neve","url":"https:\/\/www.pensieriparole.it\/magazine\/2018116333\/arriva-la-neve","name":"Arriva la neve! - PensieriParole magazine","isPartOf":{"@id":"https:\/\/www.pensieriparole.it\/magazine\/#website"},"datePublished":"2018-11-19T17:21:56+00:00","dateModified":"2018-11-19T17:21:56+00:00","author":{"@id":"https:\/\/www.pensieriparole.it\/magazine\/#\/schema\/person\/49f1be66417316e0f247f6ab85459aa0"},"description":"Oggi, luned\u00ec 19 novembre, \u00e8 arrivato il gelo quasi in tutta Italia. Al nord ecco la prima neve! Ma il maltempo si sta estendendo in tutta la Penisola.","breadcrumb":{"@id":"https:\/\/www.pensieriparole.it\/magazine\/2018116333\/arriva-la-neve#breadcrumb"},"inLanguage":"it-IT","potentialAction":[{"@type":"ReadAction","target":["https:\/\/www.pensieriparole.it\/magazine\/2018116333\/arriva-la-neve"]}]},{"@type":"BreadcrumbList","@id":"https:\/\/www.pensieriparole.it\/magazine\/2018116333\/arriva-la-neve#breadcrumb","itemListElement":[{"@type":"ListItem","position":1,"name":"Home","item":"https:\/\/www.pensieriparole.it\/magazine\/"},{"@type":"ListItem","position":2,"name":"Arriva la neve!"}]},{"@type":"WebSite","@id":"https:\/\/www.pensieriparole.it\/magazine\/#website","url":"https:\/\/www.pensieriparole.it\/magazine\/","name":"PensieriParole magazine","description":"news &amp; curiosit\u00e0 dal mondo","potentialAction":[{"@type":"SearchAction","target":{"@type":"EntryPoint","urlTemplate":"https:\/\/www.pensieriparole.it\/magazine\/?s={search_term_string}"},"query-input":"required name=search_term_string"}],"inLanguage":"it-IT"},{"@type":"Person","@id":"https:\/\/www.pensieriparole.it\/magazine\/#\/schema\/person\/49f1be66417316e0f247f6ab85459aa0","name":"Edoardo Crema","sameAs":["https:\/\/www.pensieriparole.it\/"],"url":"https:\/\/www.pensieriparole.it\/magazine\/author\/editor"}]}},"_links":{"self":[{"href":"https:\/\/www.pensieriparole.it\/magazine\/wp-json\/wp\/v2\/posts\/6333"}],"collection":[{"href":"https:\/\/www.pensieriparole.it\/magazine\/wp-json\/wp\/v2\/posts"}],"about":[{"href":"https:\/\/www.pensieriparole.it\/magazine\/wp-json\/wp\/v2\/types\/post"}],"author":[{"embeddable":true,"href":"https:\/\/www.pensieriparole.it\/magazine\/wp-json\/wp\/v2\/users\/9"}],"replies":[{"embeddable":true,"href":"https:\/\/www.pensieriparole.it\/magazine\/wp-json\/wp\/v2\/comments?post=6333"}],"version-history":[{"count":2,"href":"https:\/\/www.pensieriparole.it\/magazine\/wp-json\/wp\/v2\/posts\/6333\/revisions"}],"predecessor-version":[{"id":6336,"href":"https:\/\/www.pensieriparole.it\/magazine\/wp-json\/wp\/v2\/posts\/6333\/revisions\/6336"}],"wp:featuredmedia":[{"embeddable":true,"href":"https:\/\/www.pensieriparole.it\/magazine\/wp-json\/wp\/v2\/media\/6335"}],"wp:attachment":[{"href":"https:\/\/www.pensieriparole.it\/magazine\/wp-json\/wp\/v2\/media?parent=6333"}],"wp:term":[{"taxonomy":"category","embeddable":true,"href":"https:\/\/www.pensieriparole.it\/magazine\/wp-json\/wp\/v2\/categories?post=6333"},{"taxonomy":"post_tag","embeddable":true,"href":"https:\/\/www.pensieriparole.it\/magazine\/wp-json\/wp\/v2\/tags?post=6333"}],"curies":[{"name":"wp","href":"https:\/\/api.w.org\/{rel}","templated":true}]}}