{"id":630,"date":"2015-02-06T10:12:35","date_gmt":"2015-02-06T09:12:35","guid":{"rendered":"http:\/\/www.pensieriparole.it\/magazine\/?p=630"},"modified":"2015-03-02T16:36:14","modified_gmt":"2015-03-02T15:36:14","slug":"nascita-di-un-mito-bob-marley","status":"publish","type":"post","link":"https:\/\/www.pensieriparole.it\/magazine\/201502630\/nascita-di-un-mito-bob-marley","title":{"rendered":"Nascita di un mito, Bob Marley"},"content":{"rendered":"<div id=\"fb-root\"><\/div>\n<p><em>&#8220;La musica<img decoding=\"async\" loading=\"lazy\" class=\"alignleft size-medium wp-image-631\" src=\"https:\/\/www.pensieriparole.it\/magazine\/wp-content\/uploads\/2015\/02\/Bob-Marley-200x300.jpg\" alt=\"Bob Marley\" width=\"200\" height=\"300\" srcset=\"https:\/\/www.pensieriparole.it\/magazine\/wp-content\/uploads\/2015\/02\/Bob-Marley-200x300.jpg 200w, https:\/\/www.pensieriparole.it\/magazine\/wp-content\/uploads\/2015\/02\/Bob-Marley-281x420.jpg 281w, https:\/\/www.pensieriparole.it\/magazine\/wp-content\/uploads\/2015\/02\/Bob-Marley-640x958.jpg 640w, https:\/\/www.pensieriparole.it\/magazine\/wp-content\/uploads\/2015\/02\/Bob-Marley-681x1020.jpg 681w, https:\/\/www.pensieriparole.it\/magazine\/wp-content\/uploads\/2015\/02\/Bob-Marley-684x1024.jpg 684w, https:\/\/www.pensieriparole.it\/magazine\/wp-content\/uploads\/2015\/02\/Bob-Marley.jpg 700w\" sizes=\"(max-width: 200px) 100vw, 200px\" \/> \u00e8 l&#8217;unica cosa che quando ti colpisce non ti fa mai male.&#8221;<\/em><\/p>\n<div class=\"context\">\n<div class=\"author\"><em><span class=\"value\">Bob Marley<\/span><\/em><\/div>\n<\/div>\n<p>Il 6 febbraio 1945 nel villaggio di Rhoden Hall,\u00a0situato ai piedi della collina di\u00a0Nine Mile,\u00a0Saint Ann Parish, Jamaica, nasceva da padre britannico e madre giamaicana Robert Nesta Marley, meglio conosciuto con il nome di Bob.<\/p>\n<p>Adolescente decide di seguire la vita rasta e nel 1961 inizia la sua attivit\u00e0 di musicista con il singolo Judge Not. Il successo arriva per\u00f2 anni dopo nel 1975 quando irruppe nel mercato internazionale con il suo singolo storico &#8220;No Woman, No Cry&#8221;, dall&#8217;album Natty Dread seguito, nel 1976, dal successo Rastaman Vibration che rimase per ben quattro settimane nella top ten di Billboard Charts.<\/p>\n<p>La musica di <a title=\"Bob Marley\" href=\"https:\/\/www.pensieriparole.it\/frasi\/bob-marley\/\">Bob Marley<\/a> \u00e8 caratterizzata fortemente dal tema della lotta contro l&#8217;oppressione razziale e politica e un invito all&#8217;unificazione dei popoli di colore \u00a0come unico modo per raggiungere la libert\u00e0 e l&#8217;uguaglianza. Molto pi\u00f9 attivo in politica che nel fronte musicale, divenne un leader spirituale, politico e religioso e, nel 1978, gli fu conferita, a nome di 500 milioni di africani, la medaglia della pace dalle Nazioni Unite.<\/p>\n<p><em>&#8220;Finch\u00e9 il colore della pelle sar\u00e0 pi\u00f9 importante del colore degli occhi, sar\u00e0 sempre guerra.&#8221;<\/em><\/p>\n<div class=\"context\">\n<div class=\"author\"><em>Bob Marley<\/em><\/div>\n<\/div>\n<p>Mor\u00ec di cancro l&#8217;11 maggio 1981.<\/p>\n<p>PensieriParole vi invita a leggere alcune delle sue affermazioni pi\u00f9 belle nel nostro sito cliccando <a title=\"Frasi Bob Marley\" href=\"https:\/\/www.pensieriparole.it\/aforismi\/autori\/b\/bob-marley\/pag1\">qui<\/a>.<\/p>\n","protected":false},"excerpt":{"rendered":"<p>&#8220;La musica \u00e8 l&#8217;unica cosa che quando ti colpisce non ti fa mai male.&#8221; Bob Marley Il 6 febbraio 1945 nel villaggio di Rhoden Hall,\u00a0situato ai piedi della collina di\u00a0Nine Mile,\u00a0Saint Ann Parish, Jamaica, nasceva da padre britannico e madre giamaicana Robert Nesta Marley, meglio conosciuto con il nome di Bob. Adolescente decide di seguire [&hellip;]<\/p>\n","protected":false},"author":5,"featured_media":631,"comment_status":"open","ping_status":"open","sticky":false,"template":"","format":"standard","meta":{"tdm_status":"","tdm_grid_status":""},"categories":[14,17,3],"tags":[],"yoast_head":"<!-- This site is optimized with the Yoast SEO plugin v19.11 - https:\/\/yoast.com\/wordpress\/plugins\/seo\/ -->\n<title>Nascita di un mito, Bob Marley - PensieriParole magazine<\/title>\n<meta name=\"robots\" content=\"index, follow, max-snippet:-1, max-image-preview:large, max-video-preview:-1\" \/>\n<link rel=\"canonical\" href=\"https:\/\/www.pensieriparole.it\/magazine\/201502630\/nascita-di-un-mito-bob-marley\" \/>\n<meta property=\"og:locale\" content=\"it_IT\" \/>\n<meta property=\"og:type\" content=\"article\" \/>\n<meta property=\"og:title\" content=\"Nascita di un mito, Bob Marley - PensieriParole magazine\" \/>\n<meta property=\"og:description\" content=\"&#8220;La musica \u00e8 l&#8217;unica cosa che quando ti colpisce non ti fa mai male.&#8221; Bob Marley Il 6 febbraio 1945 nel villaggio di Rhoden Hall,\u00a0situato ai piedi della collina di\u00a0Nine Mile,\u00a0Saint Ann Parish, Jamaica, nasceva da padre britannico e madre giamaicana Robert Nesta Marley, meglio conosciuto con il nome di Bob. Adolescente decide di seguire [&hellip;]\" \/>\n<meta property=\"og:url\" content=\"https:\/\/www.pensieriparole.it\/magazine\/201502630\/nascita-di-un-mito-bob-marley\" \/>\n<meta property=\"og:site_name\" content=\"PensieriParole magazine\" \/>\n<meta property=\"article:publisher\" content=\"https:\/\/www.facebook.com\/PensieriParole\" \/>\n<meta property=\"article:published_time\" content=\"2015-02-06T09:12:35+00:00\" \/>\n<meta property=\"article:modified_time\" content=\"2015-03-02T15:36:14+00:00\" \/>\n<meta property=\"og:image\" content=\"https:\/\/www.pensieriparole.it\/magazine\/wp-content\/uploads\/2015\/02\/Bob-Marley.jpg\" \/>\n\t<meta property=\"og:image:width\" content=\"700\" \/>\n\t<meta property=\"og:image:height\" content=\"1048\" \/>\n\t<meta property=\"og:image:type\" content=\"image\/jpeg\" \/>\n<meta name=\"author\" content=\"Sylvia Drago\" \/>\n<meta name=\"twitter:card\" content=\"summary_large_image\" \/>\n<meta name=\"twitter:creator\" content=\"@pensieriparole\" \/>\n<meta name=\"twitter:site\" content=\"@pensieriparole\" \/>\n<meta name=\"twitter:label1\" content=\"Scritto da\" \/>\n\t<meta name=\"twitter:data1\" content=\"Sylvia Drago\" \/>\n\t<meta name=\"twitter:label2\" content=\"Tempo di lettura stimato\" \/>\n\t<meta name=\"twitter:data2\" content=\"1 minuto\" \/>\n<script type=\"application\/ld+json\" class=\"yoast-schema-graph\">{\"@context\":\"https:\/\/schema.org\",\"@graph\":[{\"@type\":\"WebPage\",\"@id\":\"https:\/\/www.pensieriparole.it\/magazine\/201502630\/nascita-di-un-mito-bob-marley\",\"url\":\"https:\/\/www.pensieriparole.it\/magazine\/201502630\/nascita-di-un-mito-bob-marley\",\"name\":\"Nascita di un mito, Bob Marley - PensieriParole magazine\",\"isPartOf\":{\"@id\":\"https:\/\/www.pensieriparole.it\/magazine\/#website\"},\"datePublished\":\"2015-02-06T09:12:35+00:00\",\"dateModified\":\"2015-03-02T15:36:14+00:00\",\"author\":{\"@id\":\"https:\/\/www.pensieriparole.it\/magazine\/#\/schema\/person\/626b86f7925f6c38a002140b5a05f902\"},\"breadcrumb\":{\"@id\":\"https:\/\/www.pensieriparole.it\/magazine\/201502630\/nascita-di-un-mito-bob-marley#breadcrumb\"},\"inLanguage\":\"it-IT\",\"potentialAction\":[{\"@type\":\"ReadAction\",\"target\":[\"https:\/\/www.pensieriparole.it\/magazine\/201502630\/nascita-di-un-mito-bob-marley\"]}]},{\"@type\":\"BreadcrumbList\",\"@id\":\"https:\/\/www.pensieriparole.it\/magazine\/201502630\/nascita-di-un-mito-bob-marley#breadcrumb\",\"itemListElement\":[{\"@type\":\"ListItem\",\"position\":1,\"name\":\"Home\",\"item\":\"https:\/\/www.pensieriparole.it\/magazine\/\"},{\"@type\":\"ListItem\",\"position\":2,\"name\":\"Nascita di un mito, Bob Marley\"}]},{\"@type\":\"WebSite\",\"@id\":\"https:\/\/www.pensieriparole.it\/magazine\/#website\",\"url\":\"https:\/\/www.pensieriparole.it\/magazine\/\",\"name\":\"PensieriParole magazine\",\"description\":\"news &amp; curiosit\u00e0 dal mondo\",\"potentialAction\":[{\"@type\":\"SearchAction\",\"target\":{\"@type\":\"EntryPoint\",\"urlTemplate\":\"https:\/\/www.pensieriparole.it\/magazine\/?s={search_term_string}\"},\"query-input\":\"required name=search_term_string\"}],\"inLanguage\":\"it-IT\"},{\"@type\":\"Person\",\"@id\":\"https:\/\/www.pensieriparole.it\/magazine\/#\/schema\/person\/626b86f7925f6c38a002140b5a05f902\",\"name\":\"Sylvia Drago\",\"url\":\"https:\/\/www.pensieriparole.it\/magazine\/author\/sylvia\"}]}<\/script>\n<!-- \/ Yoast SEO plugin. -->","yoast_head_json":{"title":"Nascita di un mito, Bob Marley - PensieriParole magazine","robots":{"index":"index","follow":"follow","max-snippet":"max-snippet:-1","max-image-preview":"max-image-preview:large","max-video-preview":"max-video-preview:-1"},"canonical":"https:\/\/www.pensieriparole.it\/magazine\/201502630\/nascita-di-un-mito-bob-marley","og_locale":"it_IT","og_type":"article","og_title":"Nascita di un mito, Bob Marley - PensieriParole magazine","og_description":"&#8220;La musica \u00e8 l&#8217;unica cosa che quando ti colpisce non ti fa mai male.&#8221; Bob Marley Il 6 febbraio 1945 nel villaggio di Rhoden Hall,\u00a0situato ai piedi della collina di\u00a0Nine Mile,\u00a0Saint Ann Parish, Jamaica, nasceva da padre britannico e madre giamaicana Robert Nesta Marley, meglio conosciuto con il nome di Bob. Adolescente decide di seguire [&hellip;]","og_url":"https:\/\/www.pensieriparole.it\/magazine\/201502630\/nascita-di-un-mito-bob-marley","og_site_name":"PensieriParole magazine","article_publisher":"https:\/\/www.facebook.com\/PensieriParole","article_published_time":"2015-02-06T09:12:35+00:00","article_modified_time":"2015-03-02T15:36:14+00:00","og_image":[{"width":700,"height":1048,"url":"https:\/\/www.pensieriparole.it\/magazine\/wp-content\/uploads\/2015\/02\/Bob-Marley.jpg","type":"image\/jpeg"}],"author":"Sylvia Drago","twitter_card":"summary_large_image","twitter_creator":"@pensieriparole","twitter_site":"@pensieriparole","twitter_misc":{"Scritto da":"Sylvia Drago","Tempo di lettura stimato":"1 minuto"},"schema":{"@context":"https:\/\/schema.org","@graph":[{"@type":"WebPage","@id":"https:\/\/www.pensieriparole.it\/magazine\/201502630\/nascita-di-un-mito-bob-marley","url":"https:\/\/www.pensieriparole.it\/magazine\/201502630\/nascita-di-un-mito-bob-marley","name":"Nascita di un mito, Bob Marley - PensieriParole magazine","isPartOf":{"@id":"https:\/\/www.pensieriparole.it\/magazine\/#website"},"datePublished":"2015-02-06T09:12:35+00:00","dateModified":"2015-03-02T15:36:14+00:00","author":{"@id":"https:\/\/www.pensieriparole.it\/magazine\/#\/schema\/person\/626b86f7925f6c38a002140b5a05f902"},"breadcrumb":{"@id":"https:\/\/www.pensieriparole.it\/magazine\/201502630\/nascita-di-un-mito-bob-marley#breadcrumb"},"inLanguage":"it-IT","potentialAction":[{"@type":"ReadAction","target":["https:\/\/www.pensieriparole.it\/magazine\/201502630\/nascita-di-un-mito-bob-marley"]}]},{"@type":"BreadcrumbList","@id":"https:\/\/www.pensieriparole.it\/magazine\/201502630\/nascita-di-un-mito-bob-marley#breadcrumb","itemListElement":[{"@type":"ListItem","position":1,"name":"Home","item":"https:\/\/www.pensieriparole.it\/magazine\/"},{"@type":"ListItem","position":2,"name":"Nascita di un mito, Bob Marley"}]},{"@type":"WebSite","@id":"https:\/\/www.pensieriparole.it\/magazine\/#website","url":"https:\/\/www.pensieriparole.it\/magazine\/","name":"PensieriParole magazine","description":"news &amp; curiosit\u00e0 dal mondo","potentialAction":[{"@type":"SearchAction","target":{"@type":"EntryPoint","urlTemplate":"https:\/\/www.pensieriparole.it\/magazine\/?s={search_term_string}"},"query-input":"required name=search_term_string"}],"inLanguage":"it-IT"},{"@type":"Person","@id":"https:\/\/www.pensieriparole.it\/magazine\/#\/schema\/person\/626b86f7925f6c38a002140b5a05f902","name":"Sylvia Drago","url":"https:\/\/www.pensieriparole.it\/magazine\/author\/sylvia"}]}},"_links":{"self":[{"href":"https:\/\/www.pensieriparole.it\/magazine\/wp-json\/wp\/v2\/posts\/630"}],"collection":[{"href":"https:\/\/www.pensieriparole.it\/magazine\/wp-json\/wp\/v2\/posts"}],"about":[{"href":"https:\/\/www.pensieriparole.it\/magazine\/wp-json\/wp\/v2\/types\/post"}],"author":[{"embeddable":true,"href":"https:\/\/www.pensieriparole.it\/magazine\/wp-json\/wp\/v2\/users\/5"}],"replies":[{"embeddable":true,"href":"https:\/\/www.pensieriparole.it\/magazine\/wp-json\/wp\/v2\/comments?post=630"}],"version-history":[{"count":2,"href":"https:\/\/www.pensieriparole.it\/magazine\/wp-json\/wp\/v2\/posts\/630\/revisions"}],"predecessor-version":[{"id":633,"href":"https:\/\/www.pensieriparole.it\/magazine\/wp-json\/wp\/v2\/posts\/630\/revisions\/633"}],"wp:featuredmedia":[{"embeddable":true,"href":"https:\/\/www.pensieriparole.it\/magazine\/wp-json\/wp\/v2\/media\/631"}],"wp:attachment":[{"href":"https:\/\/www.pensieriparole.it\/magazine\/wp-json\/wp\/v2\/media?parent=630"}],"wp:term":[{"taxonomy":"category","embeddable":true,"href":"https:\/\/www.pensieriparole.it\/magazine\/wp-json\/wp\/v2\/categories?post=630"},{"taxonomy":"post_tag","embeddable":true,"href":"https:\/\/www.pensieriparole.it\/magazine\/wp-json\/wp\/v2\/tags?post=630"}],"curies":[{"name":"wp","href":"https:\/\/api.w.org\/{rel}","templated":true}]}}