{"id":6129,"date":"2018-06-11T11:25:24","date_gmt":"2018-06-11T09:25:24","guid":{"rendered":"https:\/\/www.pensieriparole.it\/magazine\/?p=6129"},"modified":"2018-06-11T11:25:24","modified_gmt":"2018-06-11T09:25:24","slug":"sapore-di-mare-compie-35-anni-ecco-perche-riguardarlo-ancora-una-volta","status":"publish","type":"post","link":"https:\/\/www.pensieriparole.it\/magazine\/2018066129\/sapore-di-mare-compie-35-anni-ecco-perche-riguardarlo-ancora-una-volta","title":{"rendered":"&#8220;Sapore di Mare&#8221; compie 35 anni: ecco perch\u00e8 riguardarlo ancora una volta"},"content":{"rendered":"<div id=\"fb-root\"><\/div>\n<h2>35 anni fa usc\u00ec &#8220;Sapore di mare&#8221;, un film tuttora attuale e da (ri)vedere.<\/h2>\n<p>Era il 1983 quando usc\u00ec &#8220;<strong>Sapore di mare<\/strong>&#8220;, una delle pietre miliari di sempre della commedia all&#8217;italiana. Quindi il film dei fratelli Vanzina usc\u00ec esattamente 35 anni fa, ma il tempo \u00e8 come se si fosse fermato. L&#8217;estate, la spiaggia, gli amori che durano tre mesi e i malinconici ritorni a casa: sembra proprio non essere cambiato nulla da quegli anni &#8217;80 pieni di vita e ottimismo per il futuro, e in realt\u00e0 \u00e8 cambiato tutto.<\/p>\n<p>Ma perch\u00e8 &#8220;Sapore di mare&#8221; (1 e 2) \u00e8 un film cos\u00ec importante per gli italiani e per un certo immaginario di estate all&#8217;italiana? E perch\u00e8 vale la pena rivederlo ancora una volta? Innanzitutto perch\u00e8 talvolta fare un tuffo nel proprio passato pu\u00f2 farci scaldare il cuore. Pensiamo solo alla colonna sonora della pellicola: le canzoni di Piero Focaccia, Gino Paoli, Adriano Celentano, Gianni Morandi ed Edoardo Vianello solo per citarne alcune (quante volte ci siamo immedesimati in Karina Huff mentre balla sulle note de &#8220;I Watussi&#8221;?).<\/p>\n<p>E poi le battute di personaggi che da sempre caratterizzano questi lidi della costa adriatica: pensiamo a Jerry Cal\u00e0, che arriva in spiaggia con la sua Vespa celeste e canta &#8220;Per quest&#8217;anno, non cambiare, vengo al mare per ciulare&#8221;. O anche solo la presenza scenica di due bionde mozzafiato come Susan (la compianta attrice inglese Karina Huff) e Selvaggia (ovvero Isabella Ferrari, a lungo il sogno di milioni di italiani). E come dimenticare il &#8220;Dogui&#8221; Guido Nicheli? Il cumenda per eccellenza, trascura la moglie Virna Lisi perch\u00e8 in testa non ha altro posto che per le sue macchine.<\/p>\n<p>Con Gino Paoli che canta &#8220;Il gusto un po&#8217; amaro, di cose perdute&#8230;&#8221; l&#8217;effetto nostalgia \u00e8 garantito: &#8220;Sapore di Mare&#8221; \u00e8 un tuffo nel passato, quello degli anni &#8217;80 che fanno rivivere i &#8217;60, nostalgici e romantici con le loro estati caldissime e infinite.<\/p>\n","protected":false},"excerpt":{"rendered":"<p>35 anni fa usc\u00ec &#8220;Sapore di mare&#8221;, un film tuttora attuale e da (ri)vedere. Era il 1983 quando usc\u00ec &#8220;Sapore di mare&#8220;, una delle pietre miliari di sempre della commedia all&#8217;italiana. Quindi il film dei fratelli Vanzina usc\u00ec esattamente 35 anni fa, ma il tempo \u00e8 come se si fosse fermato. L&#8217;estate, la spiaggia, gli [&hellip;]<\/p>\n","protected":false},"author":9,"featured_media":6134,"comment_status":"open","ping_status":"open","sticky":false,"template":"","format":"standard","meta":{"tdm_status":"","tdm_grid_status":""},"categories":[204,18],"tags":[1480],"yoast_head":"<!-- This site is optimized with the Yoast SEO plugin v19.11 - https:\/\/yoast.com\/wordpress\/plugins\/seo\/ -->\n<title>&quot;Sapore di Mare&quot; compie 35 anni: ecco perch\u00e8 riguardarlo ancora una volta - PensieriParole magazine<\/title>\n<meta name=\"description\" content=\"&quot;Sapore di mare&quot; compie 35 anni, ma non sembra risentirne: ecco perch\u00e8 rivedere ancora una volta il capolavoro dei fratelli Vanzina.\" \/>\n<meta name=\"robots\" content=\"index, follow, max-snippet:-1, max-image-preview:large, max-video-preview:-1\" \/>\n<link rel=\"canonical\" href=\"https:\/\/www.pensieriparole.it\/magazine\/2018066129\/sapore-di-mare-compie-35-anni-ecco-perche-riguardarlo-ancora-una-volta\" \/>\n<meta property=\"og:locale\" content=\"it_IT\" \/>\n<meta property=\"og:type\" content=\"article\" \/>\n<meta property=\"og:title\" content=\"&quot;Sapore di Mare&quot; compie 35 anni: ecco perch\u00e8 riguardarlo ancora una volta - PensieriParole magazine\" \/>\n<meta property=\"og:description\" content=\"&quot;Sapore di mare&quot; compie 35 anni, ma non sembra risentirne: ecco perch\u00e8 rivedere ancora una volta il capolavoro dei fratelli Vanzina.\" \/>\n<meta property=\"og:url\" content=\"https:\/\/www.pensieriparole.it\/magazine\/2018066129\/sapore-di-mare-compie-35-anni-ecco-perche-riguardarlo-ancora-una-volta\" \/>\n<meta property=\"og:site_name\" content=\"PensieriParole magazine\" \/>\n<meta property=\"article:publisher\" content=\"https:\/\/www.facebook.com\/PensieriParole\" \/>\n<meta property=\"article:published_time\" content=\"2018-06-11T09:25:24+00:00\" \/>\n<meta property=\"og:image\" content=\"https:\/\/www.pensieriparole.it\/magazine\/wp-content\/uploads\/2018\/06\/sapore-di-mare.jpg\" \/>\n\t<meta property=\"og:image:width\" content=\"1021\" \/>\n\t<meta property=\"og:image:height\" content=\"580\" \/>\n\t<meta property=\"og:image:type\" content=\"image\/jpeg\" \/>\n<meta name=\"author\" content=\"Edoardo Crema\" \/>\n<meta name=\"twitter:card\" content=\"summary_large_image\" \/>\n<meta name=\"twitter:creator\" content=\"@pensieriparole\" \/>\n<meta name=\"twitter:site\" content=\"@pensieriparole\" \/>\n<meta name=\"twitter:label1\" content=\"Scritto da\" \/>\n\t<meta name=\"twitter:data1\" content=\"Edoardo Crema\" \/>\n\t<meta name=\"twitter:label2\" content=\"Tempo di lettura stimato\" \/>\n\t<meta name=\"twitter:data2\" content=\"2 minuti\" \/>\n<script type=\"application\/ld+json\" class=\"yoast-schema-graph\">{\"@context\":\"https:\/\/schema.org\",\"@graph\":[{\"@type\":\"WebPage\",\"@id\":\"https:\/\/www.pensieriparole.it\/magazine\/2018066129\/sapore-di-mare-compie-35-anni-ecco-perche-riguardarlo-ancora-una-volta\",\"url\":\"https:\/\/www.pensieriparole.it\/magazine\/2018066129\/sapore-di-mare-compie-35-anni-ecco-perche-riguardarlo-ancora-una-volta\",\"name\":\"\\\"Sapore di Mare\\\" compie 35 anni: ecco perch\u00e8 riguardarlo ancora una volta - PensieriParole magazine\",\"isPartOf\":{\"@id\":\"https:\/\/www.pensieriparole.it\/magazine\/#website\"},\"datePublished\":\"2018-06-11T09:25:24+00:00\",\"dateModified\":\"2018-06-11T09:25:24+00:00\",\"author\":{\"@id\":\"https:\/\/www.pensieriparole.it\/magazine\/#\/schema\/person\/49f1be66417316e0f247f6ab85459aa0\"},\"description\":\"\\\"Sapore di mare\\\" compie 35 anni, ma non sembra risentirne: ecco perch\u00e8 rivedere ancora una volta il capolavoro dei fratelli Vanzina.\",\"breadcrumb\":{\"@id\":\"https:\/\/www.pensieriparole.it\/magazine\/2018066129\/sapore-di-mare-compie-35-anni-ecco-perche-riguardarlo-ancora-una-volta#breadcrumb\"},\"inLanguage\":\"it-IT\",\"potentialAction\":[{\"@type\":\"ReadAction\",\"target\":[\"https:\/\/www.pensieriparole.it\/magazine\/2018066129\/sapore-di-mare-compie-35-anni-ecco-perche-riguardarlo-ancora-una-volta\"]}]},{\"@type\":\"BreadcrumbList\",\"@id\":\"https:\/\/www.pensieriparole.it\/magazine\/2018066129\/sapore-di-mare-compie-35-anni-ecco-perche-riguardarlo-ancora-una-volta#breadcrumb\",\"itemListElement\":[{\"@type\":\"ListItem\",\"position\":1,\"name\":\"Home\",\"item\":\"https:\/\/www.pensieriparole.it\/magazine\/\"},{\"@type\":\"ListItem\",\"position\":2,\"name\":\"&#8220;Sapore di Mare&#8221; compie 35 anni: ecco perch\u00e8 riguardarlo ancora una volta\"}]},{\"@type\":\"WebSite\",\"@id\":\"https:\/\/www.pensieriparole.it\/magazine\/#website\",\"url\":\"https:\/\/www.pensieriparole.it\/magazine\/\",\"name\":\"PensieriParole magazine\",\"description\":\"news &amp; curiosit\u00e0 dal mondo\",\"potentialAction\":[{\"@type\":\"SearchAction\",\"target\":{\"@type\":\"EntryPoint\",\"urlTemplate\":\"https:\/\/www.pensieriparole.it\/magazine\/?s={search_term_string}\"},\"query-input\":\"required name=search_term_string\"}],\"inLanguage\":\"it-IT\"},{\"@type\":\"Person\",\"@id\":\"https:\/\/www.pensieriparole.it\/magazine\/#\/schema\/person\/49f1be66417316e0f247f6ab85459aa0\",\"name\":\"Edoardo Crema\",\"sameAs\":[\"https:\/\/www.pensieriparole.it\/\"],\"url\":\"https:\/\/www.pensieriparole.it\/magazine\/author\/editor\"}]}<\/script>\n<!-- \/ Yoast SEO plugin. -->","yoast_head_json":{"title":"\"Sapore di Mare\" compie 35 anni: ecco perch\u00e8 riguardarlo ancora una volta - PensieriParole magazine","description":"\"Sapore di mare\" compie 35 anni, ma non sembra risentirne: ecco perch\u00e8 rivedere ancora una volta il capolavoro dei fratelli Vanzina.","robots":{"index":"index","follow":"follow","max-snippet":"max-snippet:-1","max-image-preview":"max-image-preview:large","max-video-preview":"max-video-preview:-1"},"canonical":"https:\/\/www.pensieriparole.it\/magazine\/2018066129\/sapore-di-mare-compie-35-anni-ecco-perche-riguardarlo-ancora-una-volta","og_locale":"it_IT","og_type":"article","og_title":"\"Sapore di Mare\" compie 35 anni: ecco perch\u00e8 riguardarlo ancora una volta - PensieriParole magazine","og_description":"\"Sapore di mare\" compie 35 anni, ma non sembra risentirne: ecco perch\u00e8 rivedere ancora una volta il capolavoro dei fratelli Vanzina.","og_url":"https:\/\/www.pensieriparole.it\/magazine\/2018066129\/sapore-di-mare-compie-35-anni-ecco-perche-riguardarlo-ancora-una-volta","og_site_name":"PensieriParole magazine","article_publisher":"https:\/\/www.facebook.com\/PensieriParole","article_published_time":"2018-06-11T09:25:24+00:00","og_image":[{"width":1021,"height":580,"url":"https:\/\/www.pensieriparole.it\/magazine\/wp-content\/uploads\/2018\/06\/sapore-di-mare.jpg","type":"image\/jpeg"}],"author":"Edoardo Crema","twitter_card":"summary_large_image","twitter_creator":"@pensieriparole","twitter_site":"@pensieriparole","twitter_misc":{"Scritto da":"Edoardo Crema","Tempo di lettura stimato":"2 minuti"},"schema":{"@context":"https:\/\/schema.org","@graph":[{"@type":"WebPage","@id":"https:\/\/www.pensieriparole.it\/magazine\/2018066129\/sapore-di-mare-compie-35-anni-ecco-perche-riguardarlo-ancora-una-volta","url":"https:\/\/www.pensieriparole.it\/magazine\/2018066129\/sapore-di-mare-compie-35-anni-ecco-perche-riguardarlo-ancora-una-volta","name":"\"Sapore di Mare\" compie 35 anni: ecco perch\u00e8 riguardarlo ancora una volta - PensieriParole magazine","isPartOf":{"@id":"https:\/\/www.pensieriparole.it\/magazine\/#website"},"datePublished":"2018-06-11T09:25:24+00:00","dateModified":"2018-06-11T09:25:24+00:00","author":{"@id":"https:\/\/www.pensieriparole.it\/magazine\/#\/schema\/person\/49f1be66417316e0f247f6ab85459aa0"},"description":"\"Sapore di mare\" compie 35 anni, ma non sembra risentirne: ecco perch\u00e8 rivedere ancora una volta il capolavoro dei fratelli Vanzina.","breadcrumb":{"@id":"https:\/\/www.pensieriparole.it\/magazine\/2018066129\/sapore-di-mare-compie-35-anni-ecco-perche-riguardarlo-ancora-una-volta#breadcrumb"},"inLanguage":"it-IT","potentialAction":[{"@type":"ReadAction","target":["https:\/\/www.pensieriparole.it\/magazine\/2018066129\/sapore-di-mare-compie-35-anni-ecco-perche-riguardarlo-ancora-una-volta"]}]},{"@type":"BreadcrumbList","@id":"https:\/\/www.pensieriparole.it\/magazine\/2018066129\/sapore-di-mare-compie-35-anni-ecco-perche-riguardarlo-ancora-una-volta#breadcrumb","itemListElement":[{"@type":"ListItem","position":1,"name":"Home","item":"https:\/\/www.pensieriparole.it\/magazine\/"},{"@type":"ListItem","position":2,"name":"&#8220;Sapore di Mare&#8221; compie 35 anni: ecco perch\u00e8 riguardarlo ancora una volta"}]},{"@type":"WebSite","@id":"https:\/\/www.pensieriparole.it\/magazine\/#website","url":"https:\/\/www.pensieriparole.it\/magazine\/","name":"PensieriParole magazine","description":"news &amp; curiosit\u00e0 dal mondo","potentialAction":[{"@type":"SearchAction","target":{"@type":"EntryPoint","urlTemplate":"https:\/\/www.pensieriparole.it\/magazine\/?s={search_term_string}"},"query-input":"required name=search_term_string"}],"inLanguage":"it-IT"},{"@type":"Person","@id":"https:\/\/www.pensieriparole.it\/magazine\/#\/schema\/person\/49f1be66417316e0f247f6ab85459aa0","name":"Edoardo Crema","sameAs":["https:\/\/www.pensieriparole.it\/"],"url":"https:\/\/www.pensieriparole.it\/magazine\/author\/editor"}]}},"_links":{"self":[{"href":"https:\/\/www.pensieriparole.it\/magazine\/wp-json\/wp\/v2\/posts\/6129"}],"collection":[{"href":"https:\/\/www.pensieriparole.it\/magazine\/wp-json\/wp\/v2\/posts"}],"about":[{"href":"https:\/\/www.pensieriparole.it\/magazine\/wp-json\/wp\/v2\/types\/post"}],"author":[{"embeddable":true,"href":"https:\/\/www.pensieriparole.it\/magazine\/wp-json\/wp\/v2\/users\/9"}],"replies":[{"embeddable":true,"href":"https:\/\/www.pensieriparole.it\/magazine\/wp-json\/wp\/v2\/comments?post=6129"}],"version-history":[{"count":4,"href":"https:\/\/www.pensieriparole.it\/magazine\/wp-json\/wp\/v2\/posts\/6129\/revisions"}],"predecessor-version":[{"id":6135,"href":"https:\/\/www.pensieriparole.it\/magazine\/wp-json\/wp\/v2\/posts\/6129\/revisions\/6135"}],"wp:featuredmedia":[{"embeddable":true,"href":"https:\/\/www.pensieriparole.it\/magazine\/wp-json\/wp\/v2\/media\/6134"}],"wp:attachment":[{"href":"https:\/\/www.pensieriparole.it\/magazine\/wp-json\/wp\/v2\/media?parent=6129"}],"wp:term":[{"taxonomy":"category","embeddable":true,"href":"https:\/\/www.pensieriparole.it\/magazine\/wp-json\/wp\/v2\/categories?post=6129"},{"taxonomy":"post_tag","embeddable":true,"href":"https:\/\/www.pensieriparole.it\/magazine\/wp-json\/wp\/v2\/tags?post=6129"}],"curies":[{"name":"wp","href":"https:\/\/api.w.org\/{rel}","templated":true}]}}