{"id":6050,"date":"2018-04-05T11:42:42","date_gmt":"2018-04-05T09:42:42","guid":{"rendered":"https:\/\/www.pensieriparole.it\/magazine\/?p=6050"},"modified":"2018-04-05T11:42:42","modified_gmt":"2018-04-05T09:42:42","slug":"a-rischio-mattino-cinque-federica-panicucci-risponde-sui-social","status":"publish","type":"post","link":"https:\/\/www.pensieriparole.it\/magazine\/2018046050\/a-rischio-mattino-cinque-federica-panicucci-risponde-sui-social","title":{"rendered":"A rischio Mattino 5? Federica Panicucci risponde sui social"},"content":{"rendered":"<div id=\"fb-root\"><\/div>\n<p>La notizia prende il sopravvento grazie al settimanale Chi. Con una dichiarazione breve ma estremamente si legge:<\/p>\n<blockquote><p>\u00abMediaset, dopo aver deciso di affidare a\u00a0Nicola Savino\u00a0il programma sul calcio in seconda serata, su Canale 5, sta pensando ad un programma in onda anche al mattino che sostituirebbe\u00a0Mattino Cinque. Nuovi conduttori, un uomo e una donna, esperti ovviamente di pallone\u00bb.<\/p><\/blockquote>\n<p>Il tam-tam intorno alla sopravvivenza di Mattino 5 \u00e8 iniziato a diventare virale, con molti pronti a sottolineare che fosse una presa di posizione dell&#8217;azienda nei confronti della conduttrice beccata poco tempo fa da Striscia La Notizia a pontificare sul suo collega di diretta con epiteti poco carini (che l&#8217;hanno portata a scusarsi pi\u00f9 e pi\u00f9 volte). \u00c8 stata tuttavia la stessa Panicucci, <a href=\"https:\/\/www.facebook.com\/federicapanicucci\/posts\/10155377474334212\" target=\"_blank\" rel=\"noopener\">sui social<\/a>, a smentire a chiare lettere la questione:<\/p>\n<blockquote><p>Leggo su vari blog &#8220;notizie bomba&#8221; o &#8220;rivelazioni sconvolgenti&#8221; che riguarderebbero la sospensione\u00a0 o addirittura la chiusura di &#8220;Mattino Cinque&#8221;. Uso questa pagina per fare un po\u2019 di chiarezza: NESSUNA CHIUSURA IMPROVVISA O SOSPENSIONE. Mediaset sta giustamente pensando ad un programma sui mondiali di calcio che vada ad occupare lo spazio di Mattino5 durante il periodo dei mondiali stessi. Mattino 5 pertanto chiuder\u00e0 regolarmente l&#8217;8 giugno per tornare a Settembre!<\/p><\/blockquote>\n<p>Fine della storia? Il direttore di Chi, Alfonso Signorini, si \u00e8 sempre dimostrato particolarmente veritiero nelle sue dichiarazioni.\u00a0Vedremo.<\/p>\n","protected":false},"excerpt":{"rendered":"<p>La notizia prende il sopravvento grazie al settimanale Chi. Con una dichiarazione breve ma estremamente si legge: \u00abMediaset, dopo aver deciso di affidare a\u00a0Nicola Savino\u00a0il programma sul calcio in seconda serata, su Canale 5, sta pensando ad un programma in onda anche al mattino che sostituirebbe\u00a0Mattino Cinque. Nuovi conduttori, un uomo e una donna, esperti [&hellip;]<\/p>\n","protected":false},"author":2,"featured_media":6051,"comment_status":"open","ping_status":"open","sticky":false,"template":"","format":"standard","meta":{"tdm_status":"","tdm_grid_status":""},"categories":[18,143,21],"tags":[1472,1473,1474],"yoast_head":"<!-- This site is optimized with the Yoast SEO plugin v19.11 - https:\/\/yoast.com\/wordpress\/plugins\/seo\/ -->\n<title>A rischio Mattino 5? Federica Panicucci risponde sui social - PensieriParole magazine<\/title>\n<meta name=\"robots\" content=\"index, follow, max-snippet:-1, max-image-preview:large, max-video-preview:-1\" \/>\n<link rel=\"canonical\" href=\"https:\/\/www.pensieriparole.it\/magazine\/2018046050\/a-rischio-mattino-cinque-federica-panicucci-risponde-sui-social\" \/>\n<meta property=\"og:locale\" content=\"it_IT\" \/>\n<meta property=\"og:type\" content=\"article\" \/>\n<meta property=\"og:title\" content=\"A rischio Mattino 5? Federica Panicucci risponde sui social - PensieriParole magazine\" \/>\n<meta property=\"og:description\" content=\"La notizia prende il sopravvento grazie al settimanale Chi. Con una dichiarazione breve ma estremamente si legge: \u00abMediaset, dopo aver deciso di affidare a\u00a0Nicola Savino\u00a0il programma sul calcio in seconda serata, su Canale 5, sta pensando ad un programma in onda anche al mattino che sostituirebbe\u00a0Mattino Cinque. Nuovi conduttori, un uomo e una donna, esperti [&hellip;]\" \/>\n<meta property=\"og:url\" content=\"https:\/\/www.pensieriparole.it\/magazine\/2018046050\/a-rischio-mattino-cinque-federica-panicucci-risponde-sui-social\" \/>\n<meta property=\"og:site_name\" content=\"PensieriParole magazine\" \/>\n<meta property=\"article:publisher\" content=\"https:\/\/www.facebook.com\/PensieriParole\" \/>\n<meta property=\"article:author\" content=\"https:\/\/www.facebook.com\/giusva\" \/>\n<meta property=\"article:published_time\" content=\"2018-04-05T09:42:42+00:00\" \/>\n<meta property=\"og:image\" content=\"https:\/\/www.pensieriparole.it\/magazine\/wp-content\/uploads\/2018\/04\/federica_panicucci.jpg\" \/>\n\t<meta property=\"og:image:width\" content=\"1288\" \/>\n\t<meta property=\"og:image:height\" content=\"724\" \/>\n\t<meta property=\"og:image:type\" content=\"image\/jpeg\" \/>\n<meta name=\"author\" content=\"G. Iannitelli\" \/>\n<meta name=\"twitter:card\" content=\"summary_large_image\" \/>\n<meta name=\"twitter:creator\" content=\"@giusva\" \/>\n<meta name=\"twitter:site\" content=\"@pensieriparole\" \/>\n<meta name=\"twitter:label1\" content=\"Scritto da\" \/>\n\t<meta name=\"twitter:data1\" content=\"G. Iannitelli\" \/>\n\t<meta name=\"twitter:label2\" content=\"Tempo di lettura stimato\" \/>\n\t<meta name=\"twitter:data2\" content=\"1 minuto\" \/>\n<script type=\"application\/ld+json\" class=\"yoast-schema-graph\">{\"@context\":\"https:\/\/schema.org\",\"@graph\":[{\"@type\":\"WebPage\",\"@id\":\"https:\/\/www.pensieriparole.it\/magazine\/2018046050\/a-rischio-mattino-cinque-federica-panicucci-risponde-sui-social\",\"url\":\"https:\/\/www.pensieriparole.it\/magazine\/2018046050\/a-rischio-mattino-cinque-federica-panicucci-risponde-sui-social\",\"name\":\"A rischio Mattino 5? Federica Panicucci risponde sui social - PensieriParole magazine\",\"isPartOf\":{\"@id\":\"https:\/\/www.pensieriparole.it\/magazine\/#website\"},\"datePublished\":\"2018-04-05T09:42:42+00:00\",\"dateModified\":\"2018-04-05T09:42:42+00:00\",\"author\":{\"@id\":\"https:\/\/www.pensieriparole.it\/magazine\/#\/schema\/person\/0f9371603d4761e5770d27e7cf2f0e5a\"},\"breadcrumb\":{\"@id\":\"https:\/\/www.pensieriparole.it\/magazine\/2018046050\/a-rischio-mattino-cinque-federica-panicucci-risponde-sui-social#breadcrumb\"},\"inLanguage\":\"it-IT\",\"potentialAction\":[{\"@type\":\"ReadAction\",\"target\":[\"https:\/\/www.pensieriparole.it\/magazine\/2018046050\/a-rischio-mattino-cinque-federica-panicucci-risponde-sui-social\"]}]},{\"@type\":\"BreadcrumbList\",\"@id\":\"https:\/\/www.pensieriparole.it\/magazine\/2018046050\/a-rischio-mattino-cinque-federica-panicucci-risponde-sui-social#breadcrumb\",\"itemListElement\":[{\"@type\":\"ListItem\",\"position\":1,\"name\":\"Home\",\"item\":\"https:\/\/www.pensieriparole.it\/magazine\/\"},{\"@type\":\"ListItem\",\"position\":2,\"name\":\"A rischio Mattino 5? Federica Panicucci risponde sui social\"}]},{\"@type\":\"WebSite\",\"@id\":\"https:\/\/www.pensieriparole.it\/magazine\/#website\",\"url\":\"https:\/\/www.pensieriparole.it\/magazine\/\",\"name\":\"PensieriParole magazine\",\"description\":\"news &amp; curiosit\u00e0 dal mondo\",\"potentialAction\":[{\"@type\":\"SearchAction\",\"target\":{\"@type\":\"EntryPoint\",\"urlTemplate\":\"https:\/\/www.pensieriparole.it\/magazine\/?s={search_term_string}\"},\"query-input\":\"required name=search_term_string\"}],\"inLanguage\":\"it-IT\"},{\"@type\":\"Person\",\"@id\":\"https:\/\/www.pensieriparole.it\/magazine\/#\/schema\/person\/0f9371603d4761e5770d27e7cf2f0e5a\",\"name\":\"G. Iannitelli\",\"sameAs\":[\"https:\/\/www.pensieriparole.it\/\",\"https:\/\/www.facebook.com\/giusva\",\"https:\/\/instagram.com\/giusva\/\",\"https:\/\/twitter.com\/giusva\"],\"url\":\"https:\/\/www.pensieriparole.it\/magazine\/author\/giusva\"}]}<\/script>\n<!-- \/ Yoast SEO plugin. -->","yoast_head_json":{"title":"A rischio Mattino 5? Federica Panicucci risponde sui social - PensieriParole magazine","robots":{"index":"index","follow":"follow","max-snippet":"max-snippet:-1","max-image-preview":"max-image-preview:large","max-video-preview":"max-video-preview:-1"},"canonical":"https:\/\/www.pensieriparole.it\/magazine\/2018046050\/a-rischio-mattino-cinque-federica-panicucci-risponde-sui-social","og_locale":"it_IT","og_type":"article","og_title":"A rischio Mattino 5? Federica Panicucci risponde sui social - PensieriParole magazine","og_description":"La notizia prende il sopravvento grazie al settimanale Chi. Con una dichiarazione breve ma estremamente si legge: \u00abMediaset, dopo aver deciso di affidare a\u00a0Nicola Savino\u00a0il programma sul calcio in seconda serata, su Canale 5, sta pensando ad un programma in onda anche al mattino che sostituirebbe\u00a0Mattino Cinque. Nuovi conduttori, un uomo e una donna, esperti [&hellip;]","og_url":"https:\/\/www.pensieriparole.it\/magazine\/2018046050\/a-rischio-mattino-cinque-federica-panicucci-risponde-sui-social","og_site_name":"PensieriParole magazine","article_publisher":"https:\/\/www.facebook.com\/PensieriParole","article_author":"https:\/\/www.facebook.com\/giusva","article_published_time":"2018-04-05T09:42:42+00:00","og_image":[{"width":1288,"height":724,"url":"https:\/\/www.pensieriparole.it\/magazine\/wp-content\/uploads\/2018\/04\/federica_panicucci.jpg","type":"image\/jpeg"}],"author":"G. Iannitelli","twitter_card":"summary_large_image","twitter_creator":"@giusva","twitter_site":"@pensieriparole","twitter_misc":{"Scritto da":"G. Iannitelli","Tempo di lettura stimato":"1 minuto"},"schema":{"@context":"https:\/\/schema.org","@graph":[{"@type":"WebPage","@id":"https:\/\/www.pensieriparole.it\/magazine\/2018046050\/a-rischio-mattino-cinque-federica-panicucci-risponde-sui-social","url":"https:\/\/www.pensieriparole.it\/magazine\/2018046050\/a-rischio-mattino-cinque-federica-panicucci-risponde-sui-social","name":"A rischio Mattino 5? Federica Panicucci risponde sui social - PensieriParole magazine","isPartOf":{"@id":"https:\/\/www.pensieriparole.it\/magazine\/#website"},"datePublished":"2018-04-05T09:42:42+00:00","dateModified":"2018-04-05T09:42:42+00:00","author":{"@id":"https:\/\/www.pensieriparole.it\/magazine\/#\/schema\/person\/0f9371603d4761e5770d27e7cf2f0e5a"},"breadcrumb":{"@id":"https:\/\/www.pensieriparole.it\/magazine\/2018046050\/a-rischio-mattino-cinque-federica-panicucci-risponde-sui-social#breadcrumb"},"inLanguage":"it-IT","potentialAction":[{"@type":"ReadAction","target":["https:\/\/www.pensieriparole.it\/magazine\/2018046050\/a-rischio-mattino-cinque-federica-panicucci-risponde-sui-social"]}]},{"@type":"BreadcrumbList","@id":"https:\/\/www.pensieriparole.it\/magazine\/2018046050\/a-rischio-mattino-cinque-federica-panicucci-risponde-sui-social#breadcrumb","itemListElement":[{"@type":"ListItem","position":1,"name":"Home","item":"https:\/\/www.pensieriparole.it\/magazine\/"},{"@type":"ListItem","position":2,"name":"A rischio Mattino 5? Federica Panicucci risponde sui social"}]},{"@type":"WebSite","@id":"https:\/\/www.pensieriparole.it\/magazine\/#website","url":"https:\/\/www.pensieriparole.it\/magazine\/","name":"PensieriParole magazine","description":"news &amp; curiosit\u00e0 dal mondo","potentialAction":[{"@type":"SearchAction","target":{"@type":"EntryPoint","urlTemplate":"https:\/\/www.pensieriparole.it\/magazine\/?s={search_term_string}"},"query-input":"required name=search_term_string"}],"inLanguage":"it-IT"},{"@type":"Person","@id":"https:\/\/www.pensieriparole.it\/magazine\/#\/schema\/person\/0f9371603d4761e5770d27e7cf2f0e5a","name":"G. Iannitelli","sameAs":["https:\/\/www.pensieriparole.it\/","https:\/\/www.facebook.com\/giusva","https:\/\/instagram.com\/giusva\/","https:\/\/twitter.com\/giusva"],"url":"https:\/\/www.pensieriparole.it\/magazine\/author\/giusva"}]}},"_links":{"self":[{"href":"https:\/\/www.pensieriparole.it\/magazine\/wp-json\/wp\/v2\/posts\/6050"}],"collection":[{"href":"https:\/\/www.pensieriparole.it\/magazine\/wp-json\/wp\/v2\/posts"}],"about":[{"href":"https:\/\/www.pensieriparole.it\/magazine\/wp-json\/wp\/v2\/types\/post"}],"author":[{"embeddable":true,"href":"https:\/\/www.pensieriparole.it\/magazine\/wp-json\/wp\/v2\/users\/2"}],"replies":[{"embeddable":true,"href":"https:\/\/www.pensieriparole.it\/magazine\/wp-json\/wp\/v2\/comments?post=6050"}],"version-history":[{"count":1,"href":"https:\/\/www.pensieriparole.it\/magazine\/wp-json\/wp\/v2\/posts\/6050\/revisions"}],"predecessor-version":[{"id":6052,"href":"https:\/\/www.pensieriparole.it\/magazine\/wp-json\/wp\/v2\/posts\/6050\/revisions\/6052"}],"wp:featuredmedia":[{"embeddable":true,"href":"https:\/\/www.pensieriparole.it\/magazine\/wp-json\/wp\/v2\/media\/6051"}],"wp:attachment":[{"href":"https:\/\/www.pensieriparole.it\/magazine\/wp-json\/wp\/v2\/media?parent=6050"}],"wp:term":[{"taxonomy":"category","embeddable":true,"href":"https:\/\/www.pensieriparole.it\/magazine\/wp-json\/wp\/v2\/categories?post=6050"},{"taxonomy":"post_tag","embeddable":true,"href":"https:\/\/www.pensieriparole.it\/magazine\/wp-json\/wp\/v2\/tags?post=6050"}],"curies":[{"name":"wp","href":"https:\/\/api.w.org\/{rel}","templated":true}]}}