{"id":5893,"date":"2018-02-06T15:36:08","date_gmt":"2018-02-06T14:36:08","guid":{"rendered":"https:\/\/www.pensieriparole.it\/magazine\/?p=5893"},"modified":"2018-02-06T15:36:08","modified_gmt":"2018-02-06T14:36:08","slug":"sanremo-2018-il-programma-della-prima-serata-ospiti-e-cantanti-in-gara","status":"publish","type":"post","link":"https:\/\/www.pensieriparole.it\/magazine\/2018025893\/sanremo-2018-il-programma-della-prima-serata-ospiti-e-cantanti-in-gara","title":{"rendered":"Sanremo 2018, il programma della prima serata: ospiti e cantanti in gara"},"content":{"rendered":"<div id=\"fb-root\"><\/div>\n<p><strong>Sanremo 2018<\/strong> sta per partire: mancano poche ore all&#8217;inizio della 68esima edizione del Festival nazionale, ed \u00e8 ufficiale l&#8217;ordine di uscita con cui si sfideranno i cantanti in gara. Ad aprire la kermesse ci penser\u00e0 Annalisa (dovrebbe attaccare poco prima delle 22, subito dopo la comparsata di Fiorello), poi ecco tutti gli altri:\u00a0Ron, Kolors, Gazz\u00e8, Vanoni-Bungaro-Pacifico, Metal-Moro, Mario Biondi, Fogli-Facchinetti, Stato Sociale, Noemi, Decibel, Elio e le Storie Tese, Caccamo, Canzian, Barbarossa, Diodato e Roy Paci, Nina Zilli, Avitabile-Servillo, Le Vibrazioni. Oltre allo showman siciliano, gli altri ospiti della serata saranno Gianni Morandi e il cast del film di Gabriele Muccino &#8220;A casa tutti bene&#8221;.<\/p>\n<h2>Sanremo 2018, Laura Pausini slitta a sabato<\/h2>\n<p>Nella prima serata di <strong>Sanremo 2018<\/strong> non ci sar\u00e0 Laura Pausini: la presenza della cantante romagnola \u00e8 slittata a sabato, ufficialmente per via di una grave forma di laringite. Tuttavia c&#8217;\u00e8 chi d\u00e0 un&#8217;altra versione: l&#8217;artista nostrana non avrebbe voluto condividere i riflettori della &#8220;prima&#8221; con Fiorello, per paura di rimanere oscurata dalla forza travolgente del comico. La Pausini non avrebbe gradito molto il fatto di essersi vista paracadutare davanti Fiorello, e per questo motivo avrebbe insistito per essere inserita come super ospite nella serata di chiusura.<\/p>\n<p>Il condizionale \u00e8 d&#8217;obbligo, anche se la voce circola con molta insistenza. Le sue parole per\u00f2 sono state chiare:\u00a0&#8220;<em>Ho fatto il possibile per partire ma la mia laringite non mi consente di venire. Per qualche giorno continuer\u00f2 con le medicine. Sanremo \u00e8 troppo importante per me, \u00e8 casa mia, e quindi garantisco che ci sar\u00f2 sabato. Dar\u00f2 tutta me stessa<\/em>&#8220;.<\/p>\n<p>Probabilmente \u00e8 anche meglio cos\u00ec: tre big come Fiorello, Pausini e Morandi avrebbero forse congestionato troppo la prima serata. C&#8217;\u00e8 suspense per questo inizio di Festival, appuntamento alle ore 21 su Rai 1.<\/p>\n","protected":false},"excerpt":{"rendered":"<p>Sanremo 2018 sta per partire: mancano poche ore all&#8217;inizio della 68esima edizione del Festival nazionale, ed \u00e8 ufficiale l&#8217;ordine di uscita con cui si sfideranno i cantanti in gara. Ad aprire la kermesse ci penser\u00e0 Annalisa (dovrebbe attaccare poco prima delle 22, subito dopo la comparsata di Fiorello), poi ecco tutti gli altri:\u00a0Ron, Kolors, Gazz\u00e8, [&hellip;]<\/p>\n","protected":false},"author":9,"featured_media":5895,"comment_status":"open","ping_status":"open","sticky":false,"template":"","format":"standard","meta":{"tdm_status":"","tdm_grid_status":""},"categories":[18,1429],"tags":[1430],"yoast_head":"<!-- This site is optimized with the Yoast SEO plugin v19.11 - https:\/\/yoast.com\/wordpress\/plugins\/seo\/ -->\n<title>Sanremo 2018, il programma della prima serata: ospiti e cantanti in gara - PensieriParole magazine<\/title>\n<meta name=\"description\" content=\"Oggi partir\u00e0 ufficialmente la 68esima edizione del Festival di Sanremo 2018: vediamo quali sono i cantanti in gara e gli ospiti che scenderanno le scale dell&#039;Ariston.\" \/>\n<meta name=\"robots\" content=\"index, follow, max-snippet:-1, max-image-preview:large, max-video-preview:-1\" \/>\n<link rel=\"canonical\" href=\"https:\/\/www.pensieriparole.it\/magazine\/2018025893\/sanremo-2018-il-programma-della-prima-serata-ospiti-e-cantanti-in-gara\" \/>\n<meta property=\"og:locale\" content=\"it_IT\" \/>\n<meta property=\"og:type\" content=\"article\" \/>\n<meta property=\"og:title\" content=\"Sanremo 2018, il programma della prima serata: ospiti e cantanti in gara - PensieriParole magazine\" \/>\n<meta property=\"og:description\" content=\"Oggi partir\u00e0 ufficialmente la 68esima edizione del Festival di Sanremo 2018: vediamo quali sono i cantanti in gara e gli ospiti che scenderanno le scale dell&#039;Ariston.\" \/>\n<meta property=\"og:url\" content=\"https:\/\/www.pensieriparole.it\/magazine\/2018025893\/sanremo-2018-il-programma-della-prima-serata-ospiti-e-cantanti-in-gara\" \/>\n<meta property=\"og:site_name\" content=\"PensieriParole magazine\" \/>\n<meta property=\"article:publisher\" content=\"https:\/\/www.facebook.com\/PensieriParole\" \/>\n<meta property=\"article:published_time\" content=\"2018-02-06T14:36:08+00:00\" \/>\n<meta property=\"og:image\" content=\"https:\/\/www.pensieriparole.it\/magazine\/wp-content\/uploads\/2018\/02\/elio-e-le-storie-tese.jpg\" \/>\n\t<meta property=\"og:image:width\" content=\"1024\" \/>\n\t<meta property=\"og:image:height\" content=\"682\" \/>\n\t<meta property=\"og:image:type\" content=\"image\/jpeg\" \/>\n<meta name=\"author\" content=\"Edoardo Crema\" \/>\n<meta name=\"twitter:card\" content=\"summary_large_image\" \/>\n<meta name=\"twitter:creator\" content=\"@pensieriparole\" \/>\n<meta name=\"twitter:site\" content=\"@pensieriparole\" \/>\n<meta name=\"twitter:label1\" content=\"Scritto da\" \/>\n\t<meta name=\"twitter:data1\" content=\"Edoardo Crema\" \/>\n\t<meta name=\"twitter:label2\" content=\"Tempo di lettura stimato\" \/>\n\t<meta name=\"twitter:data2\" content=\"1 minuto\" \/>\n<script type=\"application\/ld+json\" class=\"yoast-schema-graph\">{\"@context\":\"https:\/\/schema.org\",\"@graph\":[{\"@type\":\"WebPage\",\"@id\":\"https:\/\/www.pensieriparole.it\/magazine\/2018025893\/sanremo-2018-il-programma-della-prima-serata-ospiti-e-cantanti-in-gara\",\"url\":\"https:\/\/www.pensieriparole.it\/magazine\/2018025893\/sanremo-2018-il-programma-della-prima-serata-ospiti-e-cantanti-in-gara\",\"name\":\"Sanremo 2018, il programma della prima serata: ospiti e cantanti in gara - PensieriParole magazine\",\"isPartOf\":{\"@id\":\"https:\/\/www.pensieriparole.it\/magazine\/#website\"},\"datePublished\":\"2018-02-06T14:36:08+00:00\",\"dateModified\":\"2018-02-06T14:36:08+00:00\",\"author\":{\"@id\":\"https:\/\/www.pensieriparole.it\/magazine\/#\/schema\/person\/49f1be66417316e0f247f6ab85459aa0\"},\"description\":\"Oggi partir\u00e0 ufficialmente la 68esima edizione del Festival di Sanremo 2018: vediamo quali sono i cantanti in gara e gli ospiti che scenderanno le scale dell'Ariston.\",\"breadcrumb\":{\"@id\":\"https:\/\/www.pensieriparole.it\/magazine\/2018025893\/sanremo-2018-il-programma-della-prima-serata-ospiti-e-cantanti-in-gara#breadcrumb\"},\"inLanguage\":\"it-IT\",\"potentialAction\":[{\"@type\":\"ReadAction\",\"target\":[\"https:\/\/www.pensieriparole.it\/magazine\/2018025893\/sanremo-2018-il-programma-della-prima-serata-ospiti-e-cantanti-in-gara\"]}]},{\"@type\":\"BreadcrumbList\",\"@id\":\"https:\/\/www.pensieriparole.it\/magazine\/2018025893\/sanremo-2018-il-programma-della-prima-serata-ospiti-e-cantanti-in-gara#breadcrumb\",\"itemListElement\":[{\"@type\":\"ListItem\",\"position\":1,\"name\":\"Home\",\"item\":\"https:\/\/www.pensieriparole.it\/magazine\/\"},{\"@type\":\"ListItem\",\"position\":2,\"name\":\"Sanremo 2018, il programma della prima serata: ospiti e cantanti in gara\"}]},{\"@type\":\"WebSite\",\"@id\":\"https:\/\/www.pensieriparole.it\/magazine\/#website\",\"url\":\"https:\/\/www.pensieriparole.it\/magazine\/\",\"name\":\"PensieriParole magazine\",\"description\":\"news &amp; curiosit\u00e0 dal mondo\",\"potentialAction\":[{\"@type\":\"SearchAction\",\"target\":{\"@type\":\"EntryPoint\",\"urlTemplate\":\"https:\/\/www.pensieriparole.it\/magazine\/?s={search_term_string}\"},\"query-input\":\"required name=search_term_string\"}],\"inLanguage\":\"it-IT\"},{\"@type\":\"Person\",\"@id\":\"https:\/\/www.pensieriparole.it\/magazine\/#\/schema\/person\/49f1be66417316e0f247f6ab85459aa0\",\"name\":\"Edoardo Crema\",\"sameAs\":[\"https:\/\/www.pensieriparole.it\/\"],\"url\":\"https:\/\/www.pensieriparole.it\/magazine\/author\/editor\"}]}<\/script>\n<!-- \/ Yoast SEO plugin. -->","yoast_head_json":{"title":"Sanremo 2018, il programma della prima serata: ospiti e cantanti in gara - PensieriParole magazine","description":"Oggi partir\u00e0 ufficialmente la 68esima edizione del Festival di Sanremo 2018: vediamo quali sono i cantanti in gara e gli ospiti che scenderanno le scale dell'Ariston.","robots":{"index":"index","follow":"follow","max-snippet":"max-snippet:-1","max-image-preview":"max-image-preview:large","max-video-preview":"max-video-preview:-1"},"canonical":"https:\/\/www.pensieriparole.it\/magazine\/2018025893\/sanremo-2018-il-programma-della-prima-serata-ospiti-e-cantanti-in-gara","og_locale":"it_IT","og_type":"article","og_title":"Sanremo 2018, il programma della prima serata: ospiti e cantanti in gara - PensieriParole magazine","og_description":"Oggi partir\u00e0 ufficialmente la 68esima edizione del Festival di Sanremo 2018: vediamo quali sono i cantanti in gara e gli ospiti che scenderanno le scale dell'Ariston.","og_url":"https:\/\/www.pensieriparole.it\/magazine\/2018025893\/sanremo-2018-il-programma-della-prima-serata-ospiti-e-cantanti-in-gara","og_site_name":"PensieriParole magazine","article_publisher":"https:\/\/www.facebook.com\/PensieriParole","article_published_time":"2018-02-06T14:36:08+00:00","og_image":[{"width":1024,"height":682,"url":"https:\/\/www.pensieriparole.it\/magazine\/wp-content\/uploads\/2018\/02\/elio-e-le-storie-tese.jpg","type":"image\/jpeg"}],"author":"Edoardo Crema","twitter_card":"summary_large_image","twitter_creator":"@pensieriparole","twitter_site":"@pensieriparole","twitter_misc":{"Scritto da":"Edoardo Crema","Tempo di lettura stimato":"1 minuto"},"schema":{"@context":"https:\/\/schema.org","@graph":[{"@type":"WebPage","@id":"https:\/\/www.pensieriparole.it\/magazine\/2018025893\/sanremo-2018-il-programma-della-prima-serata-ospiti-e-cantanti-in-gara","url":"https:\/\/www.pensieriparole.it\/magazine\/2018025893\/sanremo-2018-il-programma-della-prima-serata-ospiti-e-cantanti-in-gara","name":"Sanremo 2018, il programma della prima serata: ospiti e cantanti in gara - PensieriParole magazine","isPartOf":{"@id":"https:\/\/www.pensieriparole.it\/magazine\/#website"},"datePublished":"2018-02-06T14:36:08+00:00","dateModified":"2018-02-06T14:36:08+00:00","author":{"@id":"https:\/\/www.pensieriparole.it\/magazine\/#\/schema\/person\/49f1be66417316e0f247f6ab85459aa0"},"description":"Oggi partir\u00e0 ufficialmente la 68esima edizione del Festival di Sanremo 2018: vediamo quali sono i cantanti in gara e gli ospiti che scenderanno le scale dell'Ariston.","breadcrumb":{"@id":"https:\/\/www.pensieriparole.it\/magazine\/2018025893\/sanremo-2018-il-programma-della-prima-serata-ospiti-e-cantanti-in-gara#breadcrumb"},"inLanguage":"it-IT","potentialAction":[{"@type":"ReadAction","target":["https:\/\/www.pensieriparole.it\/magazine\/2018025893\/sanremo-2018-il-programma-della-prima-serata-ospiti-e-cantanti-in-gara"]}]},{"@type":"BreadcrumbList","@id":"https:\/\/www.pensieriparole.it\/magazine\/2018025893\/sanremo-2018-il-programma-della-prima-serata-ospiti-e-cantanti-in-gara#breadcrumb","itemListElement":[{"@type":"ListItem","position":1,"name":"Home","item":"https:\/\/www.pensieriparole.it\/magazine\/"},{"@type":"ListItem","position":2,"name":"Sanremo 2018, il programma della prima serata: ospiti e cantanti in gara"}]},{"@type":"WebSite","@id":"https:\/\/www.pensieriparole.it\/magazine\/#website","url":"https:\/\/www.pensieriparole.it\/magazine\/","name":"PensieriParole magazine","description":"news &amp; curiosit\u00e0 dal mondo","potentialAction":[{"@type":"SearchAction","target":{"@type":"EntryPoint","urlTemplate":"https:\/\/www.pensieriparole.it\/magazine\/?s={search_term_string}"},"query-input":"required name=search_term_string"}],"inLanguage":"it-IT"},{"@type":"Person","@id":"https:\/\/www.pensieriparole.it\/magazine\/#\/schema\/person\/49f1be66417316e0f247f6ab85459aa0","name":"Edoardo Crema","sameAs":["https:\/\/www.pensieriparole.it\/"],"url":"https:\/\/www.pensieriparole.it\/magazine\/author\/editor"}]}},"_links":{"self":[{"href":"https:\/\/www.pensieriparole.it\/magazine\/wp-json\/wp\/v2\/posts\/5893"}],"collection":[{"href":"https:\/\/www.pensieriparole.it\/magazine\/wp-json\/wp\/v2\/posts"}],"about":[{"href":"https:\/\/www.pensieriparole.it\/magazine\/wp-json\/wp\/v2\/types\/post"}],"author":[{"embeddable":true,"href":"https:\/\/www.pensieriparole.it\/magazine\/wp-json\/wp\/v2\/users\/9"}],"replies":[{"embeddable":true,"href":"https:\/\/www.pensieriparole.it\/magazine\/wp-json\/wp\/v2\/comments?post=5893"}],"version-history":[{"count":2,"href":"https:\/\/www.pensieriparole.it\/magazine\/wp-json\/wp\/v2\/posts\/5893\/revisions"}],"predecessor-version":[{"id":5896,"href":"https:\/\/www.pensieriparole.it\/magazine\/wp-json\/wp\/v2\/posts\/5893\/revisions\/5896"}],"wp:featuredmedia":[{"embeddable":true,"href":"https:\/\/www.pensieriparole.it\/magazine\/wp-json\/wp\/v2\/media\/5895"}],"wp:attachment":[{"href":"https:\/\/www.pensieriparole.it\/magazine\/wp-json\/wp\/v2\/media?parent=5893"}],"wp:term":[{"taxonomy":"category","embeddable":true,"href":"https:\/\/www.pensieriparole.it\/magazine\/wp-json\/wp\/v2\/categories?post=5893"},{"taxonomy":"post_tag","embeddable":true,"href":"https:\/\/www.pensieriparole.it\/magazine\/wp-json\/wp\/v2\/tags?post=5893"}],"curies":[{"name":"wp","href":"https:\/\/api.w.org\/{rel}","templated":true}]}}