{"id":5871,"date":"2018-01-25T17:39:24","date_gmt":"2018-01-25T16:39:24","guid":{"rendered":"https:\/\/www.pensieriparole.it\/magazine\/?p=5871"},"modified":"2018-01-25T17:39:24","modified_gmt":"2018-01-25T16:39:24","slug":"sanremo-2018-ritorno-dei-neri-caso-23-anni","status":"publish","type":"post","link":"https:\/\/www.pensieriparole.it\/magazine\/2018015871\/sanremo-2018-ritorno-dei-neri-caso-23-anni","title":{"rendered":"Sanremo 2018, ecco il ritorno dei Neri per Caso a 23 anni dalla loro vittoria"},"content":{"rendered":"<div id=\"fb-root\"><\/div>\n<p>Tra i tanti duetti annunciati per <strong>Sanremo 2018<\/strong> spicca sicuramente quello che vedr\u00e0 protagonisti insieme gli Elio e le Storie Tese e i <strong>Neri per Caso<\/strong>. Ve li ricordate? Il gruppo salernitano vinse la categoria &#8220;Nuove proposte&#8221; nell&#8217;edizione del 1995 con il brano &#8220;Le ragazze&#8221;. A 23 anni da quella vittoria torneranno a calcare il palco dell&#8217;Ariston (avevano gi\u00e0 fatto una sortita nel 2008 cantando con Mietta), non partecipando alla gara ma solo come ospiti a fianco della band di Stefano Belisari. Con cui il gruppo peraltro condivide un&#8217;amicizia ventennale, come confermano i diretti interessati: &#8220;<em>Con gli Elii siamo amici<\/em> <i>da vent&#8217;anni,<\/i>\u00a0<em>nutriamo da sempre grandissima stima verso di loro<\/em>&#8220;.<\/p>\n<h2>Neri per Caso con una nuova formazione al Festival di Sanremo<\/h2>\n<p>Non saranno i Neri per Caso che avevamo visto trionfare due decenni fa: la loro formazione \u00e8 infatti in parte cambiata, dal momento che dei fratelli Ciro e Diego Caravano \u00e8 rimasto solo il primo. L&#8217;altro infatti ha deciso di non proseguire la carriera artistica per dedicarsi completamente all&#8217;insegnamento. Nel 2015 \u00e8 cos\u00ec subentrato al suo posto Daniele Blaquier. Chi sono gli altri componenti?\u00a0Gonzalo e Mim\u00ec Caravano, Mario Crescenzo e Massimo de Divitiis.<\/p>\n<p>E pensare che il loro nome originale del gruppo era Creacason, poi per\u00f2 una sera Claudio Mattone vide una loro performance in un locale di Roma. Erano tutti vestiti di nero, con jeans neri e maglia nera. Domand\u00f2 cos\u00ec se erano soliti vestirsi cos\u00ec, la loro risposta fu &#8220;No, \u00e8 stato un caso&#8221;. Ed ecco spiegato Neri per caso. Dopo aver suonato in giro per il meridione, ottennero la partecipazione al Festival del 1994 nella sezione &#8220;Giovani&#8221;, e un anno dopo trionfarono con la canzone &#8220;Le ragazze&#8221;, eseguita a cappella.<\/p>\n<p>Il loro disco vinse sei dischi di platino quell&#8217;anno. Sembra passata una vita, ma tra il 6 e il 10 febbraio potremo di nuovo rivederli in quella che per loro \u00e8 quasi come una seconda casa.<\/p>\n","protected":false},"excerpt":{"rendered":"<p>Tra i tanti duetti annunciati per Sanremo 2018 spicca sicuramente quello che vedr\u00e0 protagonisti insieme gli Elio e le Storie Tese e i Neri per Caso. Ve li ricordate? Il gruppo salernitano vinse la categoria &#8220;Nuove proposte&#8221; nell&#8217;edizione del 1995 con il brano &#8220;Le ragazze&#8221;. A 23 anni da quella vittoria torneranno a calcare il [&hellip;]<\/p>\n","protected":false},"author":9,"featured_media":5872,"comment_status":"open","ping_status":"open","sticky":false,"template":"","format":"standard","meta":{"tdm_status":"","tdm_grid_status":""},"categories":[18,16],"tags":[1414],"yoast_head":"<!-- This site is optimized with the Yoast SEO plugin v19.11 - https:\/\/yoast.com\/wordpress\/plugins\/seo\/ -->\n<title>Sanremo 2018, ecco il ritorno dei Neri per Caso a 23 anni dalla loro vittoria - PensieriParole magazine<\/title>\n<meta name=\"description\" content=\"A Sanremo 2018 torneranno anche i Neri per Caso, a 23 anni dalla loro vittoria con il brano &quot;Le ragazze&quot;. Ve li ricordate?\" \/>\n<meta name=\"robots\" content=\"index, follow, max-snippet:-1, max-image-preview:large, max-video-preview:-1\" \/>\n<link rel=\"canonical\" href=\"https:\/\/www.pensieriparole.it\/magazine\/2018015871\/sanremo-2018-ritorno-dei-neri-caso-23-anni\" \/>\n<meta property=\"og:locale\" content=\"it_IT\" \/>\n<meta property=\"og:type\" content=\"article\" \/>\n<meta property=\"og:title\" content=\"Sanremo 2018, ecco il ritorno dei Neri per Caso a 23 anni dalla loro vittoria - PensieriParole magazine\" \/>\n<meta property=\"og:description\" content=\"A Sanremo 2018 torneranno anche i Neri per Caso, a 23 anni dalla loro vittoria con il brano &quot;Le ragazze&quot;. Ve li ricordate?\" \/>\n<meta property=\"og:url\" content=\"https:\/\/www.pensieriparole.it\/magazine\/2018015871\/sanremo-2018-ritorno-dei-neri-caso-23-anni\" \/>\n<meta property=\"og:site_name\" content=\"PensieriParole magazine\" \/>\n<meta property=\"article:publisher\" content=\"https:\/\/www.facebook.com\/PensieriParole\" \/>\n<meta property=\"article:published_time\" content=\"2018-01-25T16:39:24+00:00\" \/>\n<meta property=\"og:image\" content=\"https:\/\/www.pensieriparole.it\/magazine\/wp-content\/uploads\/2018\/01\/neri-per-caso.jpg\" \/>\n\t<meta property=\"og:image:width\" content=\"941\" \/>\n\t<meta property=\"og:image:height\" content=\"710\" \/>\n\t<meta property=\"og:image:type\" content=\"image\/jpeg\" \/>\n<meta name=\"author\" content=\"Edoardo Crema\" \/>\n<meta name=\"twitter:card\" content=\"summary_large_image\" \/>\n<meta name=\"twitter:creator\" content=\"@pensieriparole\" \/>\n<meta name=\"twitter:site\" content=\"@pensieriparole\" \/>\n<meta name=\"twitter:label1\" content=\"Scritto da\" \/>\n\t<meta name=\"twitter:data1\" content=\"Edoardo Crema\" \/>\n\t<meta name=\"twitter:label2\" content=\"Tempo di lettura stimato\" \/>\n\t<meta name=\"twitter:data2\" content=\"2 minuti\" \/>\n<script type=\"application\/ld+json\" class=\"yoast-schema-graph\">{\"@context\":\"https:\/\/schema.org\",\"@graph\":[{\"@type\":\"WebPage\",\"@id\":\"https:\/\/www.pensieriparole.it\/magazine\/2018015871\/sanremo-2018-ritorno-dei-neri-caso-23-anni\",\"url\":\"https:\/\/www.pensieriparole.it\/magazine\/2018015871\/sanremo-2018-ritorno-dei-neri-caso-23-anni\",\"name\":\"Sanremo 2018, ecco il ritorno dei Neri per Caso a 23 anni dalla loro vittoria - PensieriParole magazine\",\"isPartOf\":{\"@id\":\"https:\/\/www.pensieriparole.it\/magazine\/#website\"},\"datePublished\":\"2018-01-25T16:39:24+00:00\",\"dateModified\":\"2018-01-25T16:39:24+00:00\",\"author\":{\"@id\":\"https:\/\/www.pensieriparole.it\/magazine\/#\/schema\/person\/49f1be66417316e0f247f6ab85459aa0\"},\"description\":\"A Sanremo 2018 torneranno anche i Neri per Caso, a 23 anni dalla loro vittoria con il brano \\\"Le ragazze\\\". Ve li ricordate?\",\"breadcrumb\":{\"@id\":\"https:\/\/www.pensieriparole.it\/magazine\/2018015871\/sanremo-2018-ritorno-dei-neri-caso-23-anni#breadcrumb\"},\"inLanguage\":\"it-IT\",\"potentialAction\":[{\"@type\":\"ReadAction\",\"target\":[\"https:\/\/www.pensieriparole.it\/magazine\/2018015871\/sanremo-2018-ritorno-dei-neri-caso-23-anni\"]}]},{\"@type\":\"BreadcrumbList\",\"@id\":\"https:\/\/www.pensieriparole.it\/magazine\/2018015871\/sanremo-2018-ritorno-dei-neri-caso-23-anni#breadcrumb\",\"itemListElement\":[{\"@type\":\"ListItem\",\"position\":1,\"name\":\"Home\",\"item\":\"https:\/\/www.pensieriparole.it\/magazine\/\"},{\"@type\":\"ListItem\",\"position\":2,\"name\":\"Sanremo 2018, ecco il ritorno dei Neri per Caso a 23 anni dalla loro vittoria\"}]},{\"@type\":\"WebSite\",\"@id\":\"https:\/\/www.pensieriparole.it\/magazine\/#website\",\"url\":\"https:\/\/www.pensieriparole.it\/magazine\/\",\"name\":\"PensieriParole magazine\",\"description\":\"news &amp; curiosit\u00e0 dal mondo\",\"potentialAction\":[{\"@type\":\"SearchAction\",\"target\":{\"@type\":\"EntryPoint\",\"urlTemplate\":\"https:\/\/www.pensieriparole.it\/magazine\/?s={search_term_string}\"},\"query-input\":\"required name=search_term_string\"}],\"inLanguage\":\"it-IT\"},{\"@type\":\"Person\",\"@id\":\"https:\/\/www.pensieriparole.it\/magazine\/#\/schema\/person\/49f1be66417316e0f247f6ab85459aa0\",\"name\":\"Edoardo Crema\",\"sameAs\":[\"https:\/\/www.pensieriparole.it\/\"],\"url\":\"https:\/\/www.pensieriparole.it\/magazine\/author\/editor\"}]}<\/script>\n<!-- \/ Yoast SEO plugin. -->","yoast_head_json":{"title":"Sanremo 2018, ecco il ritorno dei Neri per Caso a 23 anni dalla loro vittoria - PensieriParole magazine","description":"A Sanremo 2018 torneranno anche i Neri per Caso, a 23 anni dalla loro vittoria con il brano \"Le ragazze\". Ve li ricordate?","robots":{"index":"index","follow":"follow","max-snippet":"max-snippet:-1","max-image-preview":"max-image-preview:large","max-video-preview":"max-video-preview:-1"},"canonical":"https:\/\/www.pensieriparole.it\/magazine\/2018015871\/sanremo-2018-ritorno-dei-neri-caso-23-anni","og_locale":"it_IT","og_type":"article","og_title":"Sanremo 2018, ecco il ritorno dei Neri per Caso a 23 anni dalla loro vittoria - PensieriParole magazine","og_description":"A Sanremo 2018 torneranno anche i Neri per Caso, a 23 anni dalla loro vittoria con il brano \"Le ragazze\". Ve li ricordate?","og_url":"https:\/\/www.pensieriparole.it\/magazine\/2018015871\/sanremo-2018-ritorno-dei-neri-caso-23-anni","og_site_name":"PensieriParole magazine","article_publisher":"https:\/\/www.facebook.com\/PensieriParole","article_published_time":"2018-01-25T16:39:24+00:00","og_image":[{"width":941,"height":710,"url":"https:\/\/www.pensieriparole.it\/magazine\/wp-content\/uploads\/2018\/01\/neri-per-caso.jpg","type":"image\/jpeg"}],"author":"Edoardo Crema","twitter_card":"summary_large_image","twitter_creator":"@pensieriparole","twitter_site":"@pensieriparole","twitter_misc":{"Scritto da":"Edoardo Crema","Tempo di lettura stimato":"2 minuti"},"schema":{"@context":"https:\/\/schema.org","@graph":[{"@type":"WebPage","@id":"https:\/\/www.pensieriparole.it\/magazine\/2018015871\/sanremo-2018-ritorno-dei-neri-caso-23-anni","url":"https:\/\/www.pensieriparole.it\/magazine\/2018015871\/sanremo-2018-ritorno-dei-neri-caso-23-anni","name":"Sanremo 2018, ecco il ritorno dei Neri per Caso a 23 anni dalla loro vittoria - PensieriParole magazine","isPartOf":{"@id":"https:\/\/www.pensieriparole.it\/magazine\/#website"},"datePublished":"2018-01-25T16:39:24+00:00","dateModified":"2018-01-25T16:39:24+00:00","author":{"@id":"https:\/\/www.pensieriparole.it\/magazine\/#\/schema\/person\/49f1be66417316e0f247f6ab85459aa0"},"description":"A Sanremo 2018 torneranno anche i Neri per Caso, a 23 anni dalla loro vittoria con il brano \"Le ragazze\". Ve li ricordate?","breadcrumb":{"@id":"https:\/\/www.pensieriparole.it\/magazine\/2018015871\/sanremo-2018-ritorno-dei-neri-caso-23-anni#breadcrumb"},"inLanguage":"it-IT","potentialAction":[{"@type":"ReadAction","target":["https:\/\/www.pensieriparole.it\/magazine\/2018015871\/sanremo-2018-ritorno-dei-neri-caso-23-anni"]}]},{"@type":"BreadcrumbList","@id":"https:\/\/www.pensieriparole.it\/magazine\/2018015871\/sanremo-2018-ritorno-dei-neri-caso-23-anni#breadcrumb","itemListElement":[{"@type":"ListItem","position":1,"name":"Home","item":"https:\/\/www.pensieriparole.it\/magazine\/"},{"@type":"ListItem","position":2,"name":"Sanremo 2018, ecco il ritorno dei Neri per Caso a 23 anni dalla loro vittoria"}]},{"@type":"WebSite","@id":"https:\/\/www.pensieriparole.it\/magazine\/#website","url":"https:\/\/www.pensieriparole.it\/magazine\/","name":"PensieriParole magazine","description":"news &amp; curiosit\u00e0 dal mondo","potentialAction":[{"@type":"SearchAction","target":{"@type":"EntryPoint","urlTemplate":"https:\/\/www.pensieriparole.it\/magazine\/?s={search_term_string}"},"query-input":"required name=search_term_string"}],"inLanguage":"it-IT"},{"@type":"Person","@id":"https:\/\/www.pensieriparole.it\/magazine\/#\/schema\/person\/49f1be66417316e0f247f6ab85459aa0","name":"Edoardo Crema","sameAs":["https:\/\/www.pensieriparole.it\/"],"url":"https:\/\/www.pensieriparole.it\/magazine\/author\/editor"}]}},"_links":{"self":[{"href":"https:\/\/www.pensieriparole.it\/magazine\/wp-json\/wp\/v2\/posts\/5871"}],"collection":[{"href":"https:\/\/www.pensieriparole.it\/magazine\/wp-json\/wp\/v2\/posts"}],"about":[{"href":"https:\/\/www.pensieriparole.it\/magazine\/wp-json\/wp\/v2\/types\/post"}],"author":[{"embeddable":true,"href":"https:\/\/www.pensieriparole.it\/magazine\/wp-json\/wp\/v2\/users\/9"}],"replies":[{"embeddable":true,"href":"https:\/\/www.pensieriparole.it\/magazine\/wp-json\/wp\/v2\/comments?post=5871"}],"version-history":[{"count":1,"href":"https:\/\/www.pensieriparole.it\/magazine\/wp-json\/wp\/v2\/posts\/5871\/revisions"}],"predecessor-version":[{"id":5873,"href":"https:\/\/www.pensieriparole.it\/magazine\/wp-json\/wp\/v2\/posts\/5871\/revisions\/5873"}],"wp:featuredmedia":[{"embeddable":true,"href":"https:\/\/www.pensieriparole.it\/magazine\/wp-json\/wp\/v2\/media\/5872"}],"wp:attachment":[{"href":"https:\/\/www.pensieriparole.it\/magazine\/wp-json\/wp\/v2\/media?parent=5871"}],"wp:term":[{"taxonomy":"category","embeddable":true,"href":"https:\/\/www.pensieriparole.it\/magazine\/wp-json\/wp\/v2\/categories?post=5871"},{"taxonomy":"post_tag","embeddable":true,"href":"https:\/\/www.pensieriparole.it\/magazine\/wp-json\/wp\/v2\/tags?post=5871"}],"curies":[{"name":"wp","href":"https:\/\/api.w.org\/{rel}","templated":true}]}}