{"id":5824,"date":"2017-03-18T15:21:54","date_gmt":"2017-03-18T14:21:54","guid":{"rendered":"https:\/\/www.pensieriparole.it\/magazine\/?p=5824"},"modified":"2018-01-17T18:58:50","modified_gmt":"2018-01-17T17:58:50","slug":"ultra-resistance-approda-ad-ibiza","status":"publish","type":"post","link":"https:\/\/www.pensieriparole.it\/magazine\/2017035824\/ultra-resistance-approda-ad-ibiza","title":{"rendered":"Ultra Resistance approda ad Ibiza"},"content":{"rendered":"<div id=\"fb-root\"><\/div>\n<div class=\"cllist\">\n<div class=\"result-dict-wrapper\">\n<div class=\"result\">\n<div class=\"text-wrap\">\n<div class=\"result-shield-container\"><span class=\"translation\">Il 25 luglio 2017, RESISTANCE \u2122 atterrer\u00e0 su Ibiza per la serata di apertura di una residenza di otto settimane presso il nightclub pi\u00f9 grande del mondo, il Privilege.\u00a0 \u00a0E&#8217; la prima incursione ufficiale del marchio sull&#8217;Isola Bianca e si terr\u00e0 ogni marted\u00ec dal 25 luglio fino alla festa di chiusura ufficiale il 12 settembre.\u00a0 Confermati per le prime sei feste, le leggende britanniche <strong>Sasha<\/strong> e <strong>John Digweed<\/strong> avranno l&#8217;esclusiva a Ibiza, e la coppia che non far\u00e0 altre apparizioni insieme sull&#8217;isola quest&#8217;estate.<\/span><\/div>\n<div><\/div>\n<div class=\"result-shield-container\"><span class=\"translation\">&#8220;RESISTANCE ha fatto enormi progressi in tutto il mondo con le loro linee di pensiero avanzate, il suono di alta qualit\u00e0 e le produzioni di livello successivo. Essere parte della loro prima residenza a Ibiza \u00e8 un grande onore e qualcosa di cui sono entusiasta di far parte. Non c&#8217;\u00e8 miglior feeling che suonare in una stanza piena di persone che pulsano all&#8217;unisono con la musica. Non vedo l&#8217;ora di suonare al fianco di Sasha e una serie di DJ di fama mondiale &#8220;- John Digweed \u00a0<\/span><\/div>\n<div><\/div>\n<div class=\"result-shield-container\"><span class=\"translation\"> &#8220;Dopo essermi seduto con i ragazzi di Ultra\/RESISTANCE, aver visto gli incredibili piani che hanno per trasformare il luogo e poi vedere il resto delle lineup per gli spettacoli, non avrei potuto dire di s\u00ec pi\u00f9 velocemente! Sono cos\u00ec eccitato di suonare con John quest&#8217;estate. Quando la gente vedr\u00e0 la produzione che RESISTANCE sta inserendo in questo luogo iconico li far\u00e0 esplodere &#8220;- Sasha <\/span><\/div>\n<div><\/div>\n<div class=\"result-shield-container\"><span class=\"translation\">Questa residenza esclusiva di Ibiza fa parte dell&#8217;enorme tour mondiale RESISTANCE \u2122 di Sasha &amp; John Digweed, con il duo che si esibir\u00e0 insieme negli eventi RESISTANCE \u2122 in 11 destinazioni quest&#8217;anno: Miami, Corea, Singapore, Croazia, Ibiza, Cina, Bali, Giappone, Brasile, Argentina e Per\u00f9.\u00a0 <\/span><\/div>\n<div><\/div>\n<div class=\"result-shield-container\"><span class=\"translation\">I biglietti per tutte e otto le feste di Ibiza sono ora in vendita su resistanceibiza.com. Le formazioni complete per ogni evento saranno annunciate presto.\u00a0 <img decoding=\"async\" loading=\"lazy\" class=\"aligncenter size-full wp-image-5826\" src=\"https:\/\/www.pensieriparole.it\/magazine\/wp-content\/uploads\/2018\/01\/cuvm_RESISTANCEWorldwideTour02-1.jpg\" alt=\"\" width=\"575\" height=\"767\" srcset=\"https:\/\/www.pensieriparole.it\/magazine\/wp-content\/uploads\/2018\/01\/cuvm_RESISTANCEWorldwideTour02-1.jpg 575w, https:\/\/www.pensieriparole.it\/magazine\/wp-content\/uploads\/2018\/01\/cuvm_RESISTANCEWorldwideTour02-1-225x300.jpg 225w, https:\/\/www.pensieriparole.it\/magazine\/wp-content\/uploads\/2018\/01\/cuvm_RESISTANCEWorldwideTour02-1-315x420.jpg 315w\" sizes=\"(max-width: 575px) 100vw, 575px\" \/>Un concetto unico lanciato da ULTRA in tutto il mondo nel 2015, RESISTANCE \u2122 \u00e8 diventato famoso per la produzione di alcune delle migliori esperienze di house e techno in tutto il mondo.<\/span><\/div>\n<\/div>\n<div class=\"result-footer\">\n<div class=\"more-wrapper\">\n<div class=\"morebutton jfk-button-flat goog-inline-block goog-menu-button\" tabindex=\"0\" role=\"button\" aria-expanded=\"false\" aria-haspopup=\"true\" aria-label=\"Altro\">\n<div class=\"goog-inline-block goog-menu-button-outer-box\">\n<div class=\"goog-inline-block goog-menu-button-inner-box\">\n<div class=\"goog-inline-block goog-menu-button-caption\">\n<div class=\"jfk-button-img\"><\/div>\n<\/div>\n<div class=\"goog-inline-block goog-menu-button-dropdown\"><\/div>\n<\/div>\n<\/div>\n<\/div>\n<\/div>\n<div class=\"copybutton jfk-button-flat jfk-button\" tabindex=\"0\" role=\"button\" aria-label=\"Copia traduzione\">\n<div class=\"jfk-button-img\"><\/div>\n<\/div>\n<div class=\"res-tts ttsbutton ttsbutton-res jfk-button-flat jfk-button\" tabindex=\"0\" role=\"button\" aria-label=\"Ascolta\" aria-pressed=\"false\" aria-disabled=\"false\">\n<div class=\"jfk-button-img\"><\/div>\n<\/div>\n<\/div>\n<\/div>\n<div class=\"cp-promo-wrapper\"><\/div>\n<\/div>\n<\/div>\n<div class=\"gp-footer\">\n<div class=\"ft-icon-row\">\n<div class=\"ft-icon-ctr\">\n<div><\/div>\n<\/div>\n<\/div>\n<\/div>\n","protected":false},"excerpt":{"rendered":"<p>Il 25 luglio 2017, RESISTANCE \u2122 atterrer\u00e0 su Ibiza per la serata di apertura di una residenza di otto settimane presso il nightclub pi\u00f9 grande del mondo, il Privilege.\u00a0 \u00a0E&#8217; la prima incursione ufficiale del marchio sull&#8217;Isola Bianca e si terr\u00e0 ogni marted\u00ec dal 25 luglio fino alla festa di chiusura ufficiale il 12 settembre.\u00a0 [&hellip;]<\/p>\n","protected":false},"author":6,"featured_media":5825,"comment_status":"open","ping_status":"open","sticky":false,"template":"","format":"standard","meta":{"tdm_status":"","tdm_grid_status":""},"categories":[14,16],"tags":[1388,1392,1393,1389,1390,1391,1215],"yoast_head":"<!-- This site is optimized with the Yoast SEO plugin v19.11 - https:\/\/yoast.com\/wordpress\/plugins\/seo\/ -->\n<title>Ultra Resistance approda ad Ibiza - PensieriParole magazine<\/title>\n<meta name=\"robots\" content=\"index, follow, max-snippet:-1, max-image-preview:large, max-video-preview:-1\" \/>\n<link rel=\"canonical\" href=\"https:\/\/www.pensieriparole.it\/magazine\/2017035824\/ultra-resistance-approda-ad-ibiza\" \/>\n<meta property=\"og:locale\" content=\"it_IT\" \/>\n<meta property=\"og:type\" content=\"article\" \/>\n<meta property=\"og:title\" content=\"Ultra Resistance approda ad Ibiza - PensieriParole magazine\" \/>\n<meta property=\"og:description\" content=\"Il 25 luglio 2017, RESISTANCE \u2122 atterrer\u00e0 su Ibiza per la serata di apertura di una residenza di otto settimane presso il nightclub pi\u00f9 grande del mondo, il Privilege.\u00a0 \u00a0E&#8217; la prima incursione ufficiale del marchio sull&#8217;Isola Bianca e si terr\u00e0 ogni marted\u00ec dal 25 luglio fino alla festa di chiusura ufficiale il 12 settembre.\u00a0 [&hellip;]\" \/>\n<meta property=\"og:url\" content=\"https:\/\/www.pensieriparole.it\/magazine\/2017035824\/ultra-resistance-approda-ad-ibiza\" \/>\n<meta property=\"og:site_name\" content=\"PensieriParole magazine\" \/>\n<meta property=\"article:publisher\" content=\"https:\/\/www.facebook.com\/PensieriParole\" \/>\n<meta property=\"article:published_time\" content=\"2017-03-18T14:21:54+00:00\" \/>\n<meta property=\"article:modified_time\" content=\"2018-01-17T17:58:50+00:00\" \/>\n<meta property=\"og:image\" content=\"https:\/\/www.pensieriparole.it\/magazine\/wp-content\/uploads\/2018\/01\/cuvm_layoutsSJ02-1.jpg\" \/>\n\t<meta property=\"og:image:width\" content=\"575\" \/>\n\t<meta property=\"og:image:height\" content=\"803\" \/>\n\t<meta property=\"og:image:type\" content=\"image\/jpeg\" \/>\n<meta name=\"author\" content=\"Rubina Gobbo\" \/>\n<meta name=\"twitter:card\" content=\"summary_large_image\" \/>\n<meta name=\"twitter:creator\" content=\"@pensieriparole\" \/>\n<meta name=\"twitter:site\" content=\"@pensieriparole\" \/>\n<meta name=\"twitter:label1\" content=\"Scritto da\" \/>\n\t<meta name=\"twitter:data1\" content=\"Rubina Gobbo\" \/>\n\t<meta name=\"twitter:label2\" content=\"Tempo di lettura stimato\" \/>\n\t<meta name=\"twitter:data2\" content=\"2 minuti\" \/>\n<script type=\"application\/ld+json\" class=\"yoast-schema-graph\">{\"@context\":\"https:\/\/schema.org\",\"@graph\":[{\"@type\":\"WebPage\",\"@id\":\"https:\/\/www.pensieriparole.it\/magazine\/2017035824\/ultra-resistance-approda-ad-ibiza\",\"url\":\"https:\/\/www.pensieriparole.it\/magazine\/2017035824\/ultra-resistance-approda-ad-ibiza\",\"name\":\"Ultra Resistance approda ad Ibiza - PensieriParole magazine\",\"isPartOf\":{\"@id\":\"https:\/\/www.pensieriparole.it\/magazine\/#website\"},\"datePublished\":\"2017-03-18T14:21:54+00:00\",\"dateModified\":\"2018-01-17T17:58:50+00:00\",\"author\":{\"@id\":\"https:\/\/www.pensieriparole.it\/magazine\/#\/schema\/person\/ae9b91aa0b9337382f39366a91bb2795\"},\"breadcrumb\":{\"@id\":\"https:\/\/www.pensieriparole.it\/magazine\/2017035824\/ultra-resistance-approda-ad-ibiza#breadcrumb\"},\"inLanguage\":\"it-IT\",\"potentialAction\":[{\"@type\":\"ReadAction\",\"target\":[\"https:\/\/www.pensieriparole.it\/magazine\/2017035824\/ultra-resistance-approda-ad-ibiza\"]}]},{\"@type\":\"BreadcrumbList\",\"@id\":\"https:\/\/www.pensieriparole.it\/magazine\/2017035824\/ultra-resistance-approda-ad-ibiza#breadcrumb\",\"itemListElement\":[{\"@type\":\"ListItem\",\"position\":1,\"name\":\"Home\",\"item\":\"https:\/\/www.pensieriparole.it\/magazine\/\"},{\"@type\":\"ListItem\",\"position\":2,\"name\":\"Ultra Resistance approda ad Ibiza\"}]},{\"@type\":\"WebSite\",\"@id\":\"https:\/\/www.pensieriparole.it\/magazine\/#website\",\"url\":\"https:\/\/www.pensieriparole.it\/magazine\/\",\"name\":\"PensieriParole magazine\",\"description\":\"news &amp; curiosit\u00e0 dal mondo\",\"potentialAction\":[{\"@type\":\"SearchAction\",\"target\":{\"@type\":\"EntryPoint\",\"urlTemplate\":\"https:\/\/www.pensieriparole.it\/magazine\/?s={search_term_string}\"},\"query-input\":\"required name=search_term_string\"}],\"inLanguage\":\"it-IT\"},{\"@type\":\"Person\",\"@id\":\"https:\/\/www.pensieriparole.it\/magazine\/#\/schema\/person\/ae9b91aa0b9337382f39366a91bb2795\",\"name\":\"Rubina Gobbo\",\"sameAs\":[\"https:\/\/instagram.com\/ruby.gi\/\"],\"url\":\"https:\/\/www.pensieriparole.it\/magazine\/author\/rubina\"}]}<\/script>\n<!-- \/ Yoast SEO plugin. -->","yoast_head_json":{"title":"Ultra Resistance approda ad Ibiza - PensieriParole magazine","robots":{"index":"index","follow":"follow","max-snippet":"max-snippet:-1","max-image-preview":"max-image-preview:large","max-video-preview":"max-video-preview:-1"},"canonical":"https:\/\/www.pensieriparole.it\/magazine\/2017035824\/ultra-resistance-approda-ad-ibiza","og_locale":"it_IT","og_type":"article","og_title":"Ultra Resistance approda ad Ibiza - PensieriParole magazine","og_description":"Il 25 luglio 2017, RESISTANCE \u2122 atterrer\u00e0 su Ibiza per la serata di apertura di una residenza di otto settimane presso il nightclub pi\u00f9 grande del mondo, il Privilege.\u00a0 \u00a0E&#8217; la prima incursione ufficiale del marchio sull&#8217;Isola Bianca e si terr\u00e0 ogni marted\u00ec dal 25 luglio fino alla festa di chiusura ufficiale il 12 settembre.\u00a0 [&hellip;]","og_url":"https:\/\/www.pensieriparole.it\/magazine\/2017035824\/ultra-resistance-approda-ad-ibiza","og_site_name":"PensieriParole magazine","article_publisher":"https:\/\/www.facebook.com\/PensieriParole","article_published_time":"2017-03-18T14:21:54+00:00","article_modified_time":"2018-01-17T17:58:50+00:00","og_image":[{"width":575,"height":803,"url":"https:\/\/www.pensieriparole.it\/magazine\/wp-content\/uploads\/2018\/01\/cuvm_layoutsSJ02-1.jpg","type":"image\/jpeg"}],"author":"Rubina Gobbo","twitter_card":"summary_large_image","twitter_creator":"@pensieriparole","twitter_site":"@pensieriparole","twitter_misc":{"Scritto da":"Rubina Gobbo","Tempo di lettura stimato":"2 minuti"},"schema":{"@context":"https:\/\/schema.org","@graph":[{"@type":"WebPage","@id":"https:\/\/www.pensieriparole.it\/magazine\/2017035824\/ultra-resistance-approda-ad-ibiza","url":"https:\/\/www.pensieriparole.it\/magazine\/2017035824\/ultra-resistance-approda-ad-ibiza","name":"Ultra Resistance approda ad Ibiza - PensieriParole magazine","isPartOf":{"@id":"https:\/\/www.pensieriparole.it\/magazine\/#website"},"datePublished":"2017-03-18T14:21:54+00:00","dateModified":"2018-01-17T17:58:50+00:00","author":{"@id":"https:\/\/www.pensieriparole.it\/magazine\/#\/schema\/person\/ae9b91aa0b9337382f39366a91bb2795"},"breadcrumb":{"@id":"https:\/\/www.pensieriparole.it\/magazine\/2017035824\/ultra-resistance-approda-ad-ibiza#breadcrumb"},"inLanguage":"it-IT","potentialAction":[{"@type":"ReadAction","target":["https:\/\/www.pensieriparole.it\/magazine\/2017035824\/ultra-resistance-approda-ad-ibiza"]}]},{"@type":"BreadcrumbList","@id":"https:\/\/www.pensieriparole.it\/magazine\/2017035824\/ultra-resistance-approda-ad-ibiza#breadcrumb","itemListElement":[{"@type":"ListItem","position":1,"name":"Home","item":"https:\/\/www.pensieriparole.it\/magazine\/"},{"@type":"ListItem","position":2,"name":"Ultra Resistance approda ad Ibiza"}]},{"@type":"WebSite","@id":"https:\/\/www.pensieriparole.it\/magazine\/#website","url":"https:\/\/www.pensieriparole.it\/magazine\/","name":"PensieriParole magazine","description":"news &amp; curiosit\u00e0 dal mondo","potentialAction":[{"@type":"SearchAction","target":{"@type":"EntryPoint","urlTemplate":"https:\/\/www.pensieriparole.it\/magazine\/?s={search_term_string}"},"query-input":"required name=search_term_string"}],"inLanguage":"it-IT"},{"@type":"Person","@id":"https:\/\/www.pensieriparole.it\/magazine\/#\/schema\/person\/ae9b91aa0b9337382f39366a91bb2795","name":"Rubina Gobbo","sameAs":["https:\/\/instagram.com\/ruby.gi\/"],"url":"https:\/\/www.pensieriparole.it\/magazine\/author\/rubina"}]}},"_links":{"self":[{"href":"https:\/\/www.pensieriparole.it\/magazine\/wp-json\/wp\/v2\/posts\/5824"}],"collection":[{"href":"https:\/\/www.pensieriparole.it\/magazine\/wp-json\/wp\/v2\/posts"}],"about":[{"href":"https:\/\/www.pensieriparole.it\/magazine\/wp-json\/wp\/v2\/types\/post"}],"author":[{"embeddable":true,"href":"https:\/\/www.pensieriparole.it\/magazine\/wp-json\/wp\/v2\/users\/6"}],"replies":[{"embeddable":true,"href":"https:\/\/www.pensieriparole.it\/magazine\/wp-json\/wp\/v2\/comments?post=5824"}],"version-history":[{"count":1,"href":"https:\/\/www.pensieriparole.it\/magazine\/wp-json\/wp\/v2\/posts\/5824\/revisions"}],"predecessor-version":[{"id":5827,"href":"https:\/\/www.pensieriparole.it\/magazine\/wp-json\/wp\/v2\/posts\/5824\/revisions\/5827"}],"wp:featuredmedia":[{"embeddable":true,"href":"https:\/\/www.pensieriparole.it\/magazine\/wp-json\/wp\/v2\/media\/5825"}],"wp:attachment":[{"href":"https:\/\/www.pensieriparole.it\/magazine\/wp-json\/wp\/v2\/media?parent=5824"}],"wp:term":[{"taxonomy":"category","embeddable":true,"href":"https:\/\/www.pensieriparole.it\/magazine\/wp-json\/wp\/v2\/categories?post=5824"},{"taxonomy":"post_tag","embeddable":true,"href":"https:\/\/www.pensieriparole.it\/magazine\/wp-json\/wp\/v2\/tags?post=5824"}],"curies":[{"name":"wp","href":"https:\/\/api.w.org\/{rel}","templated":true}]}}