{"id":5731,"date":"2017-12-11T16:29:50","date_gmt":"2017-12-11T15:29:50","guid":{"rendered":"https:\/\/www.pensieriparole.it\/magazine\/?p=5731"},"modified":"2017-12-11T16:30:07","modified_gmt":"2017-12-11T15:30:07","slug":"labbra-screpolate-cause-rimedi-la-secchezza","status":"publish","type":"post","link":"https:\/\/www.pensieriparole.it\/magazine\/2017125731\/labbra-screpolate-cause-rimedi-la-secchezza","title":{"rendered":"Labbra screpolate: cause e rimedi contro la secchezza"},"content":{"rendered":"<div id=\"fb-root\"><\/div>\n<div class=\"donnam-mod25 donnam-mod25-freetext donnam-news donnam-marginbottom20\">\n<p>Tutti, almeno una volta, abbiamo avuto le <strong>labbra screpolate<\/strong>: per alcuni \u00e8 un fenomeno pi\u00f9 frequente (estate e inverno non fa differenza), mentre altri non ne soffrono particolarmente. Partendo dal presupposto che alcune persone sono pi\u00f9 esposte di altre a questo problema, bisogna partire dal capire quali sono le cause che portano ad una secchezza eccessiva delle nostre labbra.<\/p>\n<p>Andiamo dunque a scoprire i fattori che portano ad avere le labbra screpolate ma soprattutto i rimedi per fronteggiare questo problema, di ordine sia estetico che prettamente di salute.<\/p>\n<p><strong>Labbra screpolate: causa<\/strong><\/p>\n<p>Possono esserci diverse cause delle labbra screpolate: in primis i fattori climatici, in special modo il sole, vento e freddo. In questi giorni di neve \u00e8 perci\u00f2 bene coprirsi il pi\u00f9 possibile e magari uscire con un burrocacao a portata di mano. Questi agenti atmosferici infatti vanno a intaccare il film idrolipico della mucosa delle labbra. Anche la mancanza di idratazione pu\u00f2 portare alla medesima situazione, quindi a secchezza e screpolatura.<\/p>\n<p>Anche alcuni gesti, se ripetuti troppo, possono portare ad avere le labbra screpolate: ad esempio il bagnarle troppo spesso con la saliva. A volte pu\u00f2 succedere che questo problema sia dovuto a reazioni allergiche, carenza di vitamine o banalmente quando si sta poco bene (raffreddore e influenze in generale).<\/p>\n<p><strong>Labbra screpolate: rimedi<\/strong><\/p>\n<p>A volte sono i comportamenti pi\u00f9 scontati a portare benefici, come bere acqua e consumare il fabbisogno quotidiano di frutta e verdura. Tuttavia a volte pu\u00f2 accadere che le labbra si screpolino indipendentemente da queste buone condotte, ed \u00e8 perci\u00f2 meglio agire con soluzioni cosmetiche come il burro di karit\u00e8, oli naturali e burrocacao.\u00a0<span style=\"text-align: justify;\">Esistono poi alcuni rimedi naturali fai da te, come ad esmepio balsami ammorbidenti composti da burrocacao, cera d&#8217;api, burro di karit\u00e8: basta fonderli a bagnomaria aggiungendo una goccia di olio essenziale di calendula.<\/span><\/p>\n<p>Insomma, le nostre labbra vanno curate sia per un fattore estetico che per motivi di salute.<\/p>\n<\/div>\n","protected":false},"excerpt":{"rendered":"<p>Tutti, almeno una volta, abbiamo avuto le labbra screpolate: per alcuni \u00e8 un fenomeno pi\u00f9 frequente (estate e inverno non fa differenza), mentre altri non ne soffrono particolarmente. Partendo dal presupposto che alcune persone sono pi\u00f9 esposte di altre a questo problema, bisogna partire dal capire quali sono le cause che portano ad una secchezza [&hellip;]<\/p>\n","protected":false},"author":9,"featured_media":5732,"comment_status":"open","ping_status":"open","sticky":false,"template":"","format":"standard","meta":{"tdm_status":"","tdm_grid_status":""},"categories":[18,26],"tags":[1358],"yoast_head":"<!-- This site is optimized with the Yoast SEO plugin v19.11 - https:\/\/yoast.com\/wordpress\/plugins\/seo\/ -->\n<title>Labbra screpolate: cause e rimedi contro la secchezza - PensieriParole magazine<\/title>\n<meta name=\"description\" content=\"Labbra screpolate: un problema sia a livello estetico che pi\u00f9 in generale di salute. Quali sono le cause? E come fronteggiarlo con i rimedi migliori?\" \/>\n<meta name=\"robots\" content=\"index, follow, max-snippet:-1, max-image-preview:large, max-video-preview:-1\" \/>\n<link rel=\"canonical\" href=\"https:\/\/www.pensieriparole.it\/magazine\/2017125731\/labbra-screpolate-cause-rimedi-la-secchezza\" \/>\n<meta property=\"og:locale\" content=\"it_IT\" \/>\n<meta property=\"og:type\" content=\"article\" \/>\n<meta property=\"og:title\" content=\"Labbra screpolate: cause e rimedi contro la secchezza - PensieriParole magazine\" \/>\n<meta property=\"og:description\" content=\"Labbra screpolate: un problema sia a livello estetico che pi\u00f9 in generale di salute. Quali sono le cause? E come fronteggiarlo con i rimedi migliori?\" \/>\n<meta property=\"og:url\" content=\"https:\/\/www.pensieriparole.it\/magazine\/2017125731\/labbra-screpolate-cause-rimedi-la-secchezza\" \/>\n<meta property=\"og:site_name\" content=\"PensieriParole magazine\" \/>\n<meta property=\"article:publisher\" content=\"https:\/\/www.facebook.com\/PensieriParole\" \/>\n<meta property=\"article:published_time\" content=\"2017-12-11T15:29:50+00:00\" \/>\n<meta property=\"article:modified_time\" content=\"2017-12-11T15:30:07+00:00\" \/>\n<meta property=\"og:image\" content=\"https:\/\/www.pensieriparole.it\/magazine\/wp-content\/uploads\/2017\/12\/labbra-screpolate.jpg\" \/>\n\t<meta property=\"og:image:width\" content=\"868\" \/>\n\t<meta property=\"og:image:height\" content=\"574\" \/>\n\t<meta property=\"og:image:type\" content=\"image\/jpeg\" \/>\n<meta name=\"author\" content=\"Edoardo Crema\" \/>\n<meta name=\"twitter:card\" content=\"summary_large_image\" \/>\n<meta name=\"twitter:creator\" content=\"@pensieriparole\" \/>\n<meta name=\"twitter:site\" content=\"@pensieriparole\" \/>\n<meta name=\"twitter:label1\" content=\"Scritto da\" \/>\n\t<meta name=\"twitter:data1\" content=\"Edoardo Crema\" \/>\n\t<meta name=\"twitter:label2\" content=\"Tempo di lettura stimato\" \/>\n\t<meta name=\"twitter:data2\" content=\"2 minuti\" \/>\n<script type=\"application\/ld+json\" class=\"yoast-schema-graph\">{\"@context\":\"https:\/\/schema.org\",\"@graph\":[{\"@type\":\"WebPage\",\"@id\":\"https:\/\/www.pensieriparole.it\/magazine\/2017125731\/labbra-screpolate-cause-rimedi-la-secchezza\",\"url\":\"https:\/\/www.pensieriparole.it\/magazine\/2017125731\/labbra-screpolate-cause-rimedi-la-secchezza\",\"name\":\"Labbra screpolate: cause e rimedi contro la secchezza - PensieriParole magazine\",\"isPartOf\":{\"@id\":\"https:\/\/www.pensieriparole.it\/magazine\/#website\"},\"datePublished\":\"2017-12-11T15:29:50+00:00\",\"dateModified\":\"2017-12-11T15:30:07+00:00\",\"author\":{\"@id\":\"https:\/\/www.pensieriparole.it\/magazine\/#\/schema\/person\/49f1be66417316e0f247f6ab85459aa0\"},\"description\":\"Labbra screpolate: un problema sia a livello estetico che pi\u00f9 in generale di salute. Quali sono le cause? E come fronteggiarlo con i rimedi migliori?\",\"breadcrumb\":{\"@id\":\"https:\/\/www.pensieriparole.it\/magazine\/2017125731\/labbra-screpolate-cause-rimedi-la-secchezza#breadcrumb\"},\"inLanguage\":\"it-IT\",\"potentialAction\":[{\"@type\":\"ReadAction\",\"target\":[\"https:\/\/www.pensieriparole.it\/magazine\/2017125731\/labbra-screpolate-cause-rimedi-la-secchezza\"]}]},{\"@type\":\"BreadcrumbList\",\"@id\":\"https:\/\/www.pensieriparole.it\/magazine\/2017125731\/labbra-screpolate-cause-rimedi-la-secchezza#breadcrumb\",\"itemListElement\":[{\"@type\":\"ListItem\",\"position\":1,\"name\":\"Home\",\"item\":\"https:\/\/www.pensieriparole.it\/magazine\/\"},{\"@type\":\"ListItem\",\"position\":2,\"name\":\"Labbra screpolate: cause e rimedi contro la secchezza\"}]},{\"@type\":\"WebSite\",\"@id\":\"https:\/\/www.pensieriparole.it\/magazine\/#website\",\"url\":\"https:\/\/www.pensieriparole.it\/magazine\/\",\"name\":\"PensieriParole magazine\",\"description\":\"news &amp; curiosit\u00e0 dal mondo\",\"potentialAction\":[{\"@type\":\"SearchAction\",\"target\":{\"@type\":\"EntryPoint\",\"urlTemplate\":\"https:\/\/www.pensieriparole.it\/magazine\/?s={search_term_string}\"},\"query-input\":\"required name=search_term_string\"}],\"inLanguage\":\"it-IT\"},{\"@type\":\"Person\",\"@id\":\"https:\/\/www.pensieriparole.it\/magazine\/#\/schema\/person\/49f1be66417316e0f247f6ab85459aa0\",\"name\":\"Edoardo Crema\",\"sameAs\":[\"https:\/\/www.pensieriparole.it\/\"],\"url\":\"https:\/\/www.pensieriparole.it\/magazine\/author\/editor\"}]}<\/script>\n<!-- \/ Yoast SEO plugin. -->","yoast_head_json":{"title":"Labbra screpolate: cause e rimedi contro la secchezza - PensieriParole magazine","description":"Labbra screpolate: un problema sia a livello estetico che pi\u00f9 in generale di salute. Quali sono le cause? E come fronteggiarlo con i rimedi migliori?","robots":{"index":"index","follow":"follow","max-snippet":"max-snippet:-1","max-image-preview":"max-image-preview:large","max-video-preview":"max-video-preview:-1"},"canonical":"https:\/\/www.pensieriparole.it\/magazine\/2017125731\/labbra-screpolate-cause-rimedi-la-secchezza","og_locale":"it_IT","og_type":"article","og_title":"Labbra screpolate: cause e rimedi contro la secchezza - PensieriParole magazine","og_description":"Labbra screpolate: un problema sia a livello estetico che pi\u00f9 in generale di salute. Quali sono le cause? E come fronteggiarlo con i rimedi migliori?","og_url":"https:\/\/www.pensieriparole.it\/magazine\/2017125731\/labbra-screpolate-cause-rimedi-la-secchezza","og_site_name":"PensieriParole magazine","article_publisher":"https:\/\/www.facebook.com\/PensieriParole","article_published_time":"2017-12-11T15:29:50+00:00","article_modified_time":"2017-12-11T15:30:07+00:00","og_image":[{"width":868,"height":574,"url":"https:\/\/www.pensieriparole.it\/magazine\/wp-content\/uploads\/2017\/12\/labbra-screpolate.jpg","type":"image\/jpeg"}],"author":"Edoardo Crema","twitter_card":"summary_large_image","twitter_creator":"@pensieriparole","twitter_site":"@pensieriparole","twitter_misc":{"Scritto da":"Edoardo Crema","Tempo di lettura stimato":"2 minuti"},"schema":{"@context":"https:\/\/schema.org","@graph":[{"@type":"WebPage","@id":"https:\/\/www.pensieriparole.it\/magazine\/2017125731\/labbra-screpolate-cause-rimedi-la-secchezza","url":"https:\/\/www.pensieriparole.it\/magazine\/2017125731\/labbra-screpolate-cause-rimedi-la-secchezza","name":"Labbra screpolate: cause e rimedi contro la secchezza - PensieriParole magazine","isPartOf":{"@id":"https:\/\/www.pensieriparole.it\/magazine\/#website"},"datePublished":"2017-12-11T15:29:50+00:00","dateModified":"2017-12-11T15:30:07+00:00","author":{"@id":"https:\/\/www.pensieriparole.it\/magazine\/#\/schema\/person\/49f1be66417316e0f247f6ab85459aa0"},"description":"Labbra screpolate: un problema sia a livello estetico che pi\u00f9 in generale di salute. Quali sono le cause? E come fronteggiarlo con i rimedi migliori?","breadcrumb":{"@id":"https:\/\/www.pensieriparole.it\/magazine\/2017125731\/labbra-screpolate-cause-rimedi-la-secchezza#breadcrumb"},"inLanguage":"it-IT","potentialAction":[{"@type":"ReadAction","target":["https:\/\/www.pensieriparole.it\/magazine\/2017125731\/labbra-screpolate-cause-rimedi-la-secchezza"]}]},{"@type":"BreadcrumbList","@id":"https:\/\/www.pensieriparole.it\/magazine\/2017125731\/labbra-screpolate-cause-rimedi-la-secchezza#breadcrumb","itemListElement":[{"@type":"ListItem","position":1,"name":"Home","item":"https:\/\/www.pensieriparole.it\/magazine\/"},{"@type":"ListItem","position":2,"name":"Labbra screpolate: cause e rimedi contro la secchezza"}]},{"@type":"WebSite","@id":"https:\/\/www.pensieriparole.it\/magazine\/#website","url":"https:\/\/www.pensieriparole.it\/magazine\/","name":"PensieriParole magazine","description":"news &amp; curiosit\u00e0 dal mondo","potentialAction":[{"@type":"SearchAction","target":{"@type":"EntryPoint","urlTemplate":"https:\/\/www.pensieriparole.it\/magazine\/?s={search_term_string}"},"query-input":"required name=search_term_string"}],"inLanguage":"it-IT"},{"@type":"Person","@id":"https:\/\/www.pensieriparole.it\/magazine\/#\/schema\/person\/49f1be66417316e0f247f6ab85459aa0","name":"Edoardo Crema","sameAs":["https:\/\/www.pensieriparole.it\/"],"url":"https:\/\/www.pensieriparole.it\/magazine\/author\/editor"}]}},"_links":{"self":[{"href":"https:\/\/www.pensieriparole.it\/magazine\/wp-json\/wp\/v2\/posts\/5731"}],"collection":[{"href":"https:\/\/www.pensieriparole.it\/magazine\/wp-json\/wp\/v2\/posts"}],"about":[{"href":"https:\/\/www.pensieriparole.it\/magazine\/wp-json\/wp\/v2\/types\/post"}],"author":[{"embeddable":true,"href":"https:\/\/www.pensieriparole.it\/magazine\/wp-json\/wp\/v2\/users\/9"}],"replies":[{"embeddable":true,"href":"https:\/\/www.pensieriparole.it\/magazine\/wp-json\/wp\/v2\/comments?post=5731"}],"version-history":[{"count":1,"href":"https:\/\/www.pensieriparole.it\/magazine\/wp-json\/wp\/v2\/posts\/5731\/revisions"}],"predecessor-version":[{"id":5733,"href":"https:\/\/www.pensieriparole.it\/magazine\/wp-json\/wp\/v2\/posts\/5731\/revisions\/5733"}],"wp:featuredmedia":[{"embeddable":true,"href":"https:\/\/www.pensieriparole.it\/magazine\/wp-json\/wp\/v2\/media\/5732"}],"wp:attachment":[{"href":"https:\/\/www.pensieriparole.it\/magazine\/wp-json\/wp\/v2\/media?parent=5731"}],"wp:term":[{"taxonomy":"category","embeddable":true,"href":"https:\/\/www.pensieriparole.it\/magazine\/wp-json\/wp\/v2\/categories?post=5731"},{"taxonomy":"post_tag","embeddable":true,"href":"https:\/\/www.pensieriparole.it\/magazine\/wp-json\/wp\/v2\/tags?post=5731"}],"curies":[{"name":"wp","href":"https:\/\/api.w.org\/{rel}","templated":true}]}}