{"id":5645,"date":"2017-11-01T10:55:21","date_gmt":"2017-11-01T09:55:21","guid":{"rendered":"https:\/\/www.pensieriparole.it\/magazine\/?p=5645"},"modified":"2017-11-01T10:55:21","modified_gmt":"2017-11-01T09:55:21","slug":"calze-autunno-inverno-2017-ecco-le-proposte-dalle-catwalks","status":"publish","type":"post","link":"https:\/\/www.pensieriparole.it\/magazine\/2017115645\/calze-autunno-inverno-2017-ecco-le-proposte-dalle-catwalks","title":{"rendered":"Calze autunno inverno 2017: ecco le proposte dalle catwalks"},"content":{"rendered":"<div id=\"fb-root\"><\/div>\n<p>In passerella o indossate dalle star di tutto il mondo, in queste settimane ne abbiamo viste davvero tantissime: stiamo parlando delle <strong>calze autunno inverno 2017<\/strong> di cui non potrete fare a meno da qui a marzo almeno. Colorate, a rete, operate e velate: ce n&#8217;\u00e8 davvero per tutti i gusti! Un cambio di rotta rispetto agli scorsi anni, dove nelle sfilate era la gamba nuda a dominare anche nelle stagioni pi\u00f9 fredde. Calze e calzini sono tornate prepotentemente in auge, e il trend viene cavalcato anche e soprattutto dal jet set di tutto il mondo. Modelli classici o fuori dagli schemi, sobri o eccentrici, quello sta al gusto di ciascuna di noi; quello che \u00e8 sicuro, \u00e8 che i collant ora piacciono sempre di pi\u00f9. E le fashion addicted non potrebbero essere pi\u00f9 contente.<\/p>\n<p>Carine Roitfeld, ex modella e precedentemente direttrice di Vogue Paris, ha sempre avuto un debole per le calze. E proprio alla scorsa Fashion Week di febbraio aveva sorpreso tutti facendo sfilare in passerella le modelle con i collant in pizzo nero. Anche Balenciaga e C\u00e9line hanno optato per calze operate, mentre la campagna di Alexander Wang e Bella Hadid \u00e8 incentrata sull&#8217;effetto pitone. Quest&#8217;ultima, fuori dalle catwalks, preferisce la rete, indossata con dei sandali listini sottili, jeans tagliati sopra al ginocchio e bomber. Anche Kim Kardashian e Kylie Jenner hanno scelto questo stile.<\/p>\n<p>Per quanto riguarda i colori delle calze autunno inverno 2017, come abbiamo avuto modo di dire pi\u00f9 su, c&#8217;\u00e8 un&#8217;ampia gamma di scelta: Givenchy ha lanciato la sua collezione Fail 2017 con una nuance rosso fuoco, mentre Veronique Branquinho e Nina Ricci hanno scelto il bianco. Argento glitter invece per Chanel. Viviene Westwood ed Esteban Cortazar hanno optato per le stampe multicolor, floreali e tartan.<\/p>\n<p>Insomma, c&#8217;\u00e8 davvero l&#8217;imbarazzo della scelta: le varie proposte abbracciano stili molto diversi, e voi quale sceglierete?<\/p>\n","protected":false},"excerpt":{"rendered":"<p>In passerella o indossate dalle star di tutto il mondo, in queste settimane ne abbiamo viste davvero tantissime: stiamo parlando delle calze autunno inverno 2017 di cui non potrete fare a meno da qui a marzo almeno. Colorate, a rete, operate e velate: ce n&#8217;\u00e8 davvero per tutti i gusti! Un cambio di rotta rispetto [&hellip;]<\/p>\n","protected":false},"author":9,"featured_media":5648,"comment_status":"open","ping_status":"open","sticky":false,"template":"","format":"standard","meta":{"tdm_status":"","tdm_grid_status":""},"categories":[18,20],"tags":[1335],"yoast_head":"<!-- This site is optimized with the Yoast SEO plugin v19.11 - https:\/\/yoast.com\/wordpress\/plugins\/seo\/ -->\n<title>Calze autunno inverno 2017: ecco le proposte dalle catwalks - PensieriParole magazine<\/title>\n<meta name=\"description\" content=\"Quali sono le calze autunno inverno 2017 pi\u00f9 cool? Ecco una serie di consigli, direttamente dalle sfilate di tutto il mondo.\" \/>\n<meta name=\"robots\" content=\"index, follow, max-snippet:-1, max-image-preview:large, max-video-preview:-1\" \/>\n<link rel=\"canonical\" href=\"https:\/\/www.pensieriparole.it\/magazine\/2017115645\/calze-autunno-inverno-2017-ecco-le-proposte-dalle-catwalks\" \/>\n<meta property=\"og:locale\" content=\"it_IT\" \/>\n<meta property=\"og:type\" content=\"article\" \/>\n<meta property=\"og:title\" content=\"Calze autunno inverno 2017: ecco le proposte dalle catwalks - PensieriParole magazine\" \/>\n<meta property=\"og:description\" content=\"Quali sono le calze autunno inverno 2017 pi\u00f9 cool? Ecco una serie di consigli, direttamente dalle sfilate di tutto il mondo.\" \/>\n<meta property=\"og:url\" content=\"https:\/\/www.pensieriparole.it\/magazine\/2017115645\/calze-autunno-inverno-2017-ecco-le-proposte-dalle-catwalks\" \/>\n<meta property=\"og:site_name\" content=\"PensieriParole magazine\" \/>\n<meta property=\"article:publisher\" content=\"https:\/\/www.facebook.com\/PensieriParole\" \/>\n<meta property=\"article:published_time\" content=\"2017-11-01T09:55:21+00:00\" \/>\n<meta property=\"og:image\" content=\"https:\/\/www.pensieriparole.it\/magazine\/wp-content\/uploads\/2017\/11\/calze-autunno-inverno-2017.jpg\" \/>\n\t<meta property=\"og:image:width\" content=\"820\" \/>\n\t<meta property=\"og:image:height\" content=\"529\" \/>\n\t<meta property=\"og:image:type\" content=\"image\/jpeg\" \/>\n<meta name=\"author\" content=\"Edoardo Crema\" \/>\n<meta name=\"twitter:card\" content=\"summary_large_image\" \/>\n<meta name=\"twitter:creator\" content=\"@pensieriparole\" \/>\n<meta name=\"twitter:site\" content=\"@pensieriparole\" \/>\n<meta name=\"twitter:label1\" content=\"Scritto da\" \/>\n\t<meta name=\"twitter:data1\" content=\"Edoardo Crema\" \/>\n\t<meta name=\"twitter:label2\" content=\"Tempo di lettura stimato\" \/>\n\t<meta name=\"twitter:data2\" content=\"2 minuti\" \/>\n<script type=\"application\/ld+json\" class=\"yoast-schema-graph\">{\"@context\":\"https:\/\/schema.org\",\"@graph\":[{\"@type\":\"WebPage\",\"@id\":\"https:\/\/www.pensieriparole.it\/magazine\/2017115645\/calze-autunno-inverno-2017-ecco-le-proposte-dalle-catwalks\",\"url\":\"https:\/\/www.pensieriparole.it\/magazine\/2017115645\/calze-autunno-inverno-2017-ecco-le-proposte-dalle-catwalks\",\"name\":\"Calze autunno inverno 2017: ecco le proposte dalle catwalks - PensieriParole magazine\",\"isPartOf\":{\"@id\":\"https:\/\/www.pensieriparole.it\/magazine\/#website\"},\"datePublished\":\"2017-11-01T09:55:21+00:00\",\"dateModified\":\"2017-11-01T09:55:21+00:00\",\"author\":{\"@id\":\"https:\/\/www.pensieriparole.it\/magazine\/#\/schema\/person\/49f1be66417316e0f247f6ab85459aa0\"},\"description\":\"Quali sono le calze autunno inverno 2017 pi\u00f9 cool? Ecco una serie di consigli, direttamente dalle sfilate di tutto il mondo.\",\"breadcrumb\":{\"@id\":\"https:\/\/www.pensieriparole.it\/magazine\/2017115645\/calze-autunno-inverno-2017-ecco-le-proposte-dalle-catwalks#breadcrumb\"},\"inLanguage\":\"it-IT\",\"potentialAction\":[{\"@type\":\"ReadAction\",\"target\":[\"https:\/\/www.pensieriparole.it\/magazine\/2017115645\/calze-autunno-inverno-2017-ecco-le-proposte-dalle-catwalks\"]}]},{\"@type\":\"BreadcrumbList\",\"@id\":\"https:\/\/www.pensieriparole.it\/magazine\/2017115645\/calze-autunno-inverno-2017-ecco-le-proposte-dalle-catwalks#breadcrumb\",\"itemListElement\":[{\"@type\":\"ListItem\",\"position\":1,\"name\":\"Home\",\"item\":\"https:\/\/www.pensieriparole.it\/magazine\/\"},{\"@type\":\"ListItem\",\"position\":2,\"name\":\"Calze autunno inverno 2017: ecco le proposte dalle catwalks\"}]},{\"@type\":\"WebSite\",\"@id\":\"https:\/\/www.pensieriparole.it\/magazine\/#website\",\"url\":\"https:\/\/www.pensieriparole.it\/magazine\/\",\"name\":\"PensieriParole magazine\",\"description\":\"news &amp; curiosit\u00e0 dal mondo\",\"potentialAction\":[{\"@type\":\"SearchAction\",\"target\":{\"@type\":\"EntryPoint\",\"urlTemplate\":\"https:\/\/www.pensieriparole.it\/magazine\/?s={search_term_string}\"},\"query-input\":\"required name=search_term_string\"}],\"inLanguage\":\"it-IT\"},{\"@type\":\"Person\",\"@id\":\"https:\/\/www.pensieriparole.it\/magazine\/#\/schema\/person\/49f1be66417316e0f247f6ab85459aa0\",\"name\":\"Edoardo Crema\",\"sameAs\":[\"https:\/\/www.pensieriparole.it\/\"],\"url\":\"https:\/\/www.pensieriparole.it\/magazine\/author\/editor\"}]}<\/script>\n<!-- \/ Yoast SEO plugin. -->","yoast_head_json":{"title":"Calze autunno inverno 2017: ecco le proposte dalle catwalks - PensieriParole magazine","description":"Quali sono le calze autunno inverno 2017 pi\u00f9 cool? Ecco una serie di consigli, direttamente dalle sfilate di tutto il mondo.","robots":{"index":"index","follow":"follow","max-snippet":"max-snippet:-1","max-image-preview":"max-image-preview:large","max-video-preview":"max-video-preview:-1"},"canonical":"https:\/\/www.pensieriparole.it\/magazine\/2017115645\/calze-autunno-inverno-2017-ecco-le-proposte-dalle-catwalks","og_locale":"it_IT","og_type":"article","og_title":"Calze autunno inverno 2017: ecco le proposte dalle catwalks - PensieriParole magazine","og_description":"Quali sono le calze autunno inverno 2017 pi\u00f9 cool? Ecco una serie di consigli, direttamente dalle sfilate di tutto il mondo.","og_url":"https:\/\/www.pensieriparole.it\/magazine\/2017115645\/calze-autunno-inverno-2017-ecco-le-proposte-dalle-catwalks","og_site_name":"PensieriParole magazine","article_publisher":"https:\/\/www.facebook.com\/PensieriParole","article_published_time":"2017-11-01T09:55:21+00:00","og_image":[{"width":820,"height":529,"url":"https:\/\/www.pensieriparole.it\/magazine\/wp-content\/uploads\/2017\/11\/calze-autunno-inverno-2017.jpg","type":"image\/jpeg"}],"author":"Edoardo Crema","twitter_card":"summary_large_image","twitter_creator":"@pensieriparole","twitter_site":"@pensieriparole","twitter_misc":{"Scritto da":"Edoardo Crema","Tempo di lettura stimato":"2 minuti"},"schema":{"@context":"https:\/\/schema.org","@graph":[{"@type":"WebPage","@id":"https:\/\/www.pensieriparole.it\/magazine\/2017115645\/calze-autunno-inverno-2017-ecco-le-proposte-dalle-catwalks","url":"https:\/\/www.pensieriparole.it\/magazine\/2017115645\/calze-autunno-inverno-2017-ecco-le-proposte-dalle-catwalks","name":"Calze autunno inverno 2017: ecco le proposte dalle catwalks - PensieriParole magazine","isPartOf":{"@id":"https:\/\/www.pensieriparole.it\/magazine\/#website"},"datePublished":"2017-11-01T09:55:21+00:00","dateModified":"2017-11-01T09:55:21+00:00","author":{"@id":"https:\/\/www.pensieriparole.it\/magazine\/#\/schema\/person\/49f1be66417316e0f247f6ab85459aa0"},"description":"Quali sono le calze autunno inverno 2017 pi\u00f9 cool? Ecco una serie di consigli, direttamente dalle sfilate di tutto il mondo.","breadcrumb":{"@id":"https:\/\/www.pensieriparole.it\/magazine\/2017115645\/calze-autunno-inverno-2017-ecco-le-proposte-dalle-catwalks#breadcrumb"},"inLanguage":"it-IT","potentialAction":[{"@type":"ReadAction","target":["https:\/\/www.pensieriparole.it\/magazine\/2017115645\/calze-autunno-inverno-2017-ecco-le-proposte-dalle-catwalks"]}]},{"@type":"BreadcrumbList","@id":"https:\/\/www.pensieriparole.it\/magazine\/2017115645\/calze-autunno-inverno-2017-ecco-le-proposte-dalle-catwalks#breadcrumb","itemListElement":[{"@type":"ListItem","position":1,"name":"Home","item":"https:\/\/www.pensieriparole.it\/magazine\/"},{"@type":"ListItem","position":2,"name":"Calze autunno inverno 2017: ecco le proposte dalle catwalks"}]},{"@type":"WebSite","@id":"https:\/\/www.pensieriparole.it\/magazine\/#website","url":"https:\/\/www.pensieriparole.it\/magazine\/","name":"PensieriParole magazine","description":"news &amp; curiosit\u00e0 dal mondo","potentialAction":[{"@type":"SearchAction","target":{"@type":"EntryPoint","urlTemplate":"https:\/\/www.pensieriparole.it\/magazine\/?s={search_term_string}"},"query-input":"required name=search_term_string"}],"inLanguage":"it-IT"},{"@type":"Person","@id":"https:\/\/www.pensieriparole.it\/magazine\/#\/schema\/person\/49f1be66417316e0f247f6ab85459aa0","name":"Edoardo Crema","sameAs":["https:\/\/www.pensieriparole.it\/"],"url":"https:\/\/www.pensieriparole.it\/magazine\/author\/editor"}]}},"_links":{"self":[{"href":"https:\/\/www.pensieriparole.it\/magazine\/wp-json\/wp\/v2\/posts\/5645"}],"collection":[{"href":"https:\/\/www.pensieriparole.it\/magazine\/wp-json\/wp\/v2\/posts"}],"about":[{"href":"https:\/\/www.pensieriparole.it\/magazine\/wp-json\/wp\/v2\/types\/post"}],"author":[{"embeddable":true,"href":"https:\/\/www.pensieriparole.it\/magazine\/wp-json\/wp\/v2\/users\/9"}],"replies":[{"embeddable":true,"href":"https:\/\/www.pensieriparole.it\/magazine\/wp-json\/wp\/v2\/comments?post=5645"}],"version-history":[{"count":3,"href":"https:\/\/www.pensieriparole.it\/magazine\/wp-json\/wp\/v2\/posts\/5645\/revisions"}],"predecessor-version":[{"id":5649,"href":"https:\/\/www.pensieriparole.it\/magazine\/wp-json\/wp\/v2\/posts\/5645\/revisions\/5649"}],"wp:featuredmedia":[{"embeddable":true,"href":"https:\/\/www.pensieriparole.it\/magazine\/wp-json\/wp\/v2\/media\/5648"}],"wp:attachment":[{"href":"https:\/\/www.pensieriparole.it\/magazine\/wp-json\/wp\/v2\/media?parent=5645"}],"wp:term":[{"taxonomy":"category","embeddable":true,"href":"https:\/\/www.pensieriparole.it\/magazine\/wp-json\/wp\/v2\/categories?post=5645"},{"taxonomy":"post_tag","embeddable":true,"href":"https:\/\/www.pensieriparole.it\/magazine\/wp-json\/wp\/v2\/tags?post=5645"}],"curies":[{"name":"wp","href":"https:\/\/api.w.org\/{rel}","templated":true}]}}