{"id":5446,"date":"2017-03-08T16:06:53","date_gmt":"2017-03-08T15:06:53","guid":{"rendered":"http:\/\/www.pensieriparole.it\/magazine\/?p=5446"},"modified":"2017-03-08T16:06:53","modified_gmt":"2017-03-08T15:06:53","slug":"carlo-cracco-lascia-masterchef-la-tv","status":"publish","type":"post","link":"https:\/\/www.pensieriparole.it\/magazine\/2017035446\/carlo-cracco-lascia-masterchef-la-tv","title":{"rendered":"Carlo Cracco lascia Masterchef e la TV"},"content":{"rendered":"<div id=\"fb-root\"><\/div>\n<p>Mancano poche ore alla finale della sesta edizione di <a href=\"https:\/\/www.pensieriparole.it\/magazine\/tag\/masterchef-italia\">MasterChef Italia<\/a>, programma televisivo che non solo ha consacrato l&#8217;alta cucina in tv, ma ha anche dato estrema rilevanza mediatica ai suoi giudici: <a href=\"https:\/\/www.pensieriparole.it\/frasi\/carlo-cracco\/\"><strong>Carlo Cracco<\/strong><\/a>, <a href=\"https:\/\/www.pensieriparole.it\/magazine\/?s=bruno+barbieri\">Bruno Barbieri<\/a>, <a href=\"https:\/\/www.pensieriparole.it\/magazine\/tag\/joe-bastianich\">Joe Bastianich<\/a> e Antonino Cannavacciuolo.<\/p>\n<p>Ed \u00e8 proprio il primo ad aver dichiarato, durante una recente intervista che <strong>intende lasciare il programma<\/strong>. L&#8217;idea serpeggiava gi\u00e0 dall&#8217;arrivo del giudice partenopeo,\u00a0chef patron del Ristorante Hotel Villa Crespi , ma l&#8217;adattamento a quattro giudici (unico caso nel mondo), aveva risollevato ascolti e appeal nella serie.<\/p>\n<p>Arriva come una doccia fredda la notizia che, incoronato il nuovo MasterChef Italia 2017, <strong>lo chef pluristellato Carlo Cracco lascer\u00e0 il mondo della televisione<\/strong>: nessun litigio o separazione forzata, ma il semplice bisogno di concentrarsi sul proprio lavoro, l&#8217;alta cucina. Sono infatti due i progetti che lo stanno assorbendo, uno in Galleria a Milano e l\u2019altro\u00a0in una zona pi\u00f9 decentrata, a piazzale Accursio. La produzione\u00a0non demorde e, in attesa di trovare un degno sostituto, Sky partir\u00e0 gi\u00e0 dalla settimana prossima con la programmazione\u00a0della prima stagione di <strong>Celebrity MasterChef Italia<\/strong> dove, impegnati a giudicare, ci saranno\u00a0Bruno Barbieri, Joe Bastianich e Antonino Cannavacciuolo.<\/p>\n\r\n                <style type=\"text\/css\">\r\n                    \r\n                    #tdi_1  .td-doubleSlider-2 .td-item1 {\r\n                        background: url(https:\/\/www.pensieriparole.it\/magazine\/wp-content\/uploads\/2017\/03\/carlo-cracco-1-80x60.jpg) 0 0 no-repeat;\r\n                    }\r\n                    #tdi_1  .td-doubleSlider-2 .td-item2 {\r\n                        background: url(https:\/\/www.pensieriparole.it\/magazine\/wp-content\/uploads\/2017\/03\/carlo-cracco-2-80x60.jpg) 0 0 no-repeat;\r\n                    }\r\n                    #tdi_1  .td-doubleSlider-2 .td-item3 {\r\n                        background: url(https:\/\/www.pensieriparole.it\/magazine\/wp-content\/uploads\/2017\/03\/carlo-cracco-3-80x60.jpg) 0 0 no-repeat;\r\n                    }\r\n                <\/style>\r\n\r\n                <div id=\"tdi_1\" class=\"td-gallery td-slide-on-2-columns\">\r\n                    <div class=\"post_td_gallery\">\r\n                        <div class=\"td-gallery-slide-top\">\r\n                           <div class=\"td-gallery-title\"><\/div>\r\n\r\n                            <div class=\"td-gallery-controls-wrapper\">\r\n                                <div class=\"td-gallery-slide-count\"><span class=\"td-gallery-slide-item-focus\">1<\/span> of 3<\/div>\r\n                                <div class=\"td-gallery-slide-prev-next-but\">\r\n                                    <i class = \"td-icon-left doubleSliderPrevButton\"><\/i>\r\n                                    <i class = \"td-icon-right doubleSliderNextButton\"><\/i>\r\n                                <\/div>\r\n                            <\/div>\r\n                        <\/div>\r\n\r\n                        <div class = \"td-doubleSlider-1 \">\r\n                            <div class = \"td-slider\">\r\n                                \r\n                    <div class = \"td-slide-item td-item1\">\r\n                        <figure class=\"td-slide-galery-figure td-slide-popup-gallery\">\r\n                            <a class=\"slide-gallery-image-link\" href=\"https:\/\/www.pensieriparole.it\/magazine\/wp-content\/uploads\/2017\/03\/carlo-cracco-1.jpg\" title=\"Carlo Cracco\"  data-caption=\"Carlo Cracco\"  data-description=\"\">\r\n                                <img src=\"https:\/\/www.pensieriparole.it\/magazine\/wp-content\/uploads\/2017\/03\/carlo-cracco-1-721x420.jpg\" srcset=\"https:\/\/www.pensieriparole.it\/magazine\/wp-content\/uploads\/2017\/03\/carlo-cracco-1-721x420.jpg 721w, https:\/\/www.pensieriparole.it\/magazine\/wp-content\/uploads\/2017\/03\/carlo-cracco-1-300x175.jpg 300w, https:\/\/www.pensieriparole.it\/magazine\/wp-content\/uploads\/2017\/03\/carlo-cracco-1-768x447.jpg 768w, https:\/\/www.pensieriparole.it\/magazine\/wp-content\/uploads\/2017\/03\/carlo-cracco-1-640x373.jpg 640w, https:\/\/www.pensieriparole.it\/magazine\/wp-content\/uploads\/2017\/03\/carlo-cracco-1-681x397.jpg 681w, https:\/\/www.pensieriparole.it\/magazine\/wp-content\/uploads\/2017\/03\/carlo-cracco-1.jpg 980w\" sizes=\"(max-width: 721px) 100vw, 721px\" alt=\"\">\r\n                            <\/a>\r\n                            <figcaption class = \"td-slide-caption td-gallery-slide-content\"><div class = \"td-gallery-slide-copywrite\">Carlo Cracco<\/div><\/figcaption>\r\n                        <\/figure>\r\n                    <\/div>\r\n                    <div class = \"td-slide-item td-item2\">\r\n                        <figure class=\"td-slide-galery-figure td-slide-popup-gallery\">\r\n                            <a class=\"slide-gallery-image-link\" href=\"https:\/\/www.pensieriparole.it\/magazine\/wp-content\/uploads\/2017\/03\/carlo-cracco-2.jpg\" title=\"carlo-cracco-2\"  data-caption=\"Carlo Cracco\"  data-description=\"\">\r\n                                <img src=\"https:\/\/www.pensieriparole.it\/magazine\/wp-content\/uploads\/2017\/03\/carlo-cracco-2-527x420.jpg\" srcset=\"https:\/\/www.pensieriparole.it\/magazine\/wp-content\/uploads\/2017\/03\/carlo-cracco-2-527x420.jpg 527w, https:\/\/www.pensieriparole.it\/magazine\/wp-content\/uploads\/2017\/03\/carlo-cracco-2-300x239.jpg 300w, https:\/\/www.pensieriparole.it\/magazine\/wp-content\/uploads\/2017\/03\/carlo-cracco-2-768x613.jpg 768w, https:\/\/www.pensieriparole.it\/magazine\/wp-content\/uploads\/2017\/03\/carlo-cracco-2-1024x817.jpg 1024w, https:\/\/www.pensieriparole.it\/magazine\/wp-content\/uploads\/2017\/03\/carlo-cracco-2-640x511.jpg 640w, https:\/\/www.pensieriparole.it\/magazine\/wp-content\/uploads\/2017\/03\/carlo-cracco-2-681x543.jpg 681w, https:\/\/www.pensieriparole.it\/magazine\/wp-content\/uploads\/2017\/03\/carlo-cracco-2.jpg 1280w\" sizes=\"(max-width: 527px) 100vw, 527px\" alt=\"\">\r\n                            <\/a>\r\n                            <figcaption class = \"td-slide-caption td-gallery-slide-content\"><div class = \"td-gallery-slide-copywrite\">Carlo Cracco<\/div><\/figcaption>\r\n                        <\/figure>\r\n                    <\/div>\r\n                    <div class = \"td-slide-item td-item3\">\r\n                        <figure class=\"td-slide-galery-figure td-slide-popup-gallery\">\r\n                            <a class=\"slide-gallery-image-link\" href=\"https:\/\/www.pensieriparole.it\/magazine\/wp-content\/uploads\/2017\/03\/carlo-cracco-3.jpg\" title=\"carlo-cracco-3\"  data-caption=\"I quattro giudici di MasterChef 2017\"  data-description=\"\">\r\n                                <img src=\"https:\/\/www.pensieriparole.it\/magazine\/wp-content\/uploads\/2017\/03\/carlo-cracco-3.jpg\" srcset=\"https:\/\/www.pensieriparole.it\/magazine\/wp-content\/uploads\/2017\/03\/carlo-cracco-3.jpg 625w, https:\/\/www.pensieriparole.it\/magazine\/wp-content\/uploads\/2017\/03\/carlo-cracco-3-300x172.jpg 300w\" sizes=\"(max-width: 625px) 100vw, 625px\" alt=\"\">\r\n                            <\/a>\r\n                            <figcaption class = \"td-slide-caption td-gallery-slide-content\"><div class = \"td-gallery-slide-copywrite\">I quattro giudici di MasterChef 2017<\/div><\/figcaption>\r\n                        <\/figure>\r\n                    <\/div>\r\n                            <\/div>\r\n                        <\/div>\r\n\r\n                        <div class = \"td-doubleSlider-2\">\r\n                            <div class = \"td-slider\">\r\n                                \r\n                    <div class = \"td-button td-item1\">\r\n                        <div class = \"td-border\"><\/div>\r\n                    <\/div>\r\n                    <div class = \"td-button td-item2\">\r\n                        <div class = \"td-border\"><\/div>\r\n                    <\/div>\r\n                    <div class = \"td-button td-item3\">\r\n                        <div class = \"td-border\"><\/div>\r\n                    <\/div>\r\n                            <\/div>\r\n                        <\/div>\r\n\r\n                    <\/div>\r\n\r\n                <\/div>\r\n                \n<p>L&#8217;augurio dello Chef Cracco \u00e8 quasi un invito al toto nome, mentre spiega i suoi motivi:<\/p>\n<blockquote><p>&#8220;Il nostro lavoro adesso non \u00e8 solo stare in cucina. Questa \u00e8 una visione vecchia del mestiere. Devi essere manager, le nostre sono aziende, hai la responsabilit\u00e0 di tante persone. E comunque in cucina ci sono sempre stato, anche in questi sei anni. Mettiamola cos\u00ec, star\u00f2 ancora di pi\u00f9 in cucina&#8221;.\u00a0[Riguardo la scelta del sostituto] &#8220;non dipende da me, magari una donna&#8221;.<\/p><\/blockquote>\n<p>Qualcuno ipotizza <strong>Antonia Klugmann<\/strong>, chef stellato considerato uno dei migliori cuochi di tutto il Nord Italia. Sar\u00e0 lei?<\/p>\n<p><img decoding=\"async\" loading=\"lazy\" class=\"aligncenter size-large wp-image-5449\" src=\"https:\/\/www.pensieriparole.it\/magazine\/wp-content\/uploads\/2017\/03\/antonia-klugmann-nuovo-giudice-masterchef-1024x576.jpg\" alt=\"\" width=\"640\" height=\"360\" srcset=\"https:\/\/www.pensieriparole.it\/magazine\/wp-content\/uploads\/2017\/03\/antonia-klugmann-nuovo-giudice-masterchef-1024x576.jpg 1024w, https:\/\/www.pensieriparole.it\/magazine\/wp-content\/uploads\/2017\/03\/antonia-klugmann-nuovo-giudice-masterchef-300x169.jpg 300w, https:\/\/www.pensieriparole.it\/magazine\/wp-content\/uploads\/2017\/03\/antonia-klugmann-nuovo-giudice-masterchef-768x432.jpg 768w, https:\/\/www.pensieriparole.it\/magazine\/wp-content\/uploads\/2017\/03\/antonia-klugmann-nuovo-giudice-masterchef-747x420.jpg 747w, https:\/\/www.pensieriparole.it\/magazine\/wp-content\/uploads\/2017\/03\/antonia-klugmann-nuovo-giudice-masterchef-640x360.jpg 640w, https:\/\/www.pensieriparole.it\/magazine\/wp-content\/uploads\/2017\/03\/antonia-klugmann-nuovo-giudice-masterchef-681x383.jpg 681w, https:\/\/www.pensieriparole.it\/magazine\/wp-content\/uploads\/2017\/03\/antonia-klugmann-nuovo-giudice-masterchef.jpg 1600w\" sizes=\"(max-width: 640px) 100vw, 640px\" \/><\/p>\n","protected":false},"excerpt":{"rendered":"<p>Mancano poche ore alla finale della sesta edizione di MasterChef Italia, programma televisivo che non solo ha consacrato l&#8217;alta cucina in tv, ma ha anche dato estrema rilevanza mediatica ai suoi giudici: Carlo Cracco, Bruno Barbieri, Joe Bastianich e Antonino Cannavacciuolo. Ed \u00e8 proprio il primo ad aver dichiarato, durante una recente intervista che intende [&hellip;]<\/p>\n","protected":false},"author":2,"featured_media":5448,"comment_status":"open","ping_status":"open","sticky":false,"template":"","format":"standard","meta":{"tdm_status":"","tdm_grid_status":""},"categories":[18,122],"tags":[1282,123,126],"yoast_head":"<!-- This site is optimized with the Yoast SEO plugin v19.11 - https:\/\/yoast.com\/wordpress\/plugins\/seo\/ -->\n<title>Carlo Cracco lascia Masterchef e la TV - PensieriParole magazine<\/title>\n<meta name=\"robots\" content=\"index, follow, max-snippet:-1, max-image-preview:large, max-video-preview:-1\" \/>\n<link rel=\"canonical\" href=\"https:\/\/www.pensieriparole.it\/magazine\/2017035446\/carlo-cracco-lascia-masterchef-la-tv\" \/>\n<meta property=\"og:locale\" content=\"it_IT\" \/>\n<meta property=\"og:type\" content=\"article\" \/>\n<meta property=\"og:title\" content=\"Carlo Cracco lascia Masterchef e la TV - PensieriParole magazine\" \/>\n<meta property=\"og:description\" content=\"Mancano poche ore alla finale della sesta edizione di MasterChef Italia, programma televisivo che non solo ha consacrato l&#8217;alta cucina in tv, ma ha anche dato estrema rilevanza mediatica ai suoi giudici: Carlo Cracco, Bruno Barbieri, Joe Bastianich e Antonino Cannavacciuolo. Ed \u00e8 proprio il primo ad aver dichiarato, durante una recente intervista che intende [&hellip;]\" \/>\n<meta property=\"og:url\" content=\"https:\/\/www.pensieriparole.it\/magazine\/2017035446\/carlo-cracco-lascia-masterchef-la-tv\" \/>\n<meta property=\"og:site_name\" content=\"PensieriParole magazine\" \/>\n<meta property=\"article:publisher\" content=\"https:\/\/www.facebook.com\/PensieriParole\" \/>\n<meta property=\"article:author\" content=\"https:\/\/www.facebook.com\/giusva\" \/>\n<meta property=\"article:published_time\" content=\"2017-03-08T15:06:53+00:00\" \/>\n<meta property=\"og:image\" content=\"https:\/\/www.pensieriparole.it\/magazine\/wp-content\/uploads\/2017\/03\/carlo-cracco-1.jpg\" \/>\n\t<meta property=\"og:image:width\" content=\"980\" \/>\n\t<meta property=\"og:image:height\" content=\"571\" \/>\n\t<meta property=\"og:image:type\" content=\"image\/jpeg\" \/>\n<meta name=\"author\" content=\"G. Iannitelli\" \/>\n<meta name=\"twitter:card\" content=\"summary_large_image\" \/>\n<meta name=\"twitter:creator\" content=\"@giusva\" \/>\n<meta name=\"twitter:site\" content=\"@pensieriparole\" \/>\n<meta name=\"twitter:label1\" content=\"Scritto da\" \/>\n\t<meta name=\"twitter:data1\" content=\"G. Iannitelli\" \/>\n\t<meta name=\"twitter:label2\" content=\"Tempo di lettura stimato\" \/>\n\t<meta name=\"twitter:data2\" content=\"1 minuto\" \/>\n<script type=\"application\/ld+json\" class=\"yoast-schema-graph\">{\"@context\":\"https:\/\/schema.org\",\"@graph\":[{\"@type\":\"WebPage\",\"@id\":\"https:\/\/www.pensieriparole.it\/magazine\/2017035446\/carlo-cracco-lascia-masterchef-la-tv\",\"url\":\"https:\/\/www.pensieriparole.it\/magazine\/2017035446\/carlo-cracco-lascia-masterchef-la-tv\",\"name\":\"Carlo Cracco lascia Masterchef e la TV - PensieriParole magazine\",\"isPartOf\":{\"@id\":\"https:\/\/www.pensieriparole.it\/magazine\/#website\"},\"datePublished\":\"2017-03-08T15:06:53+00:00\",\"dateModified\":\"2017-03-08T15:06:53+00:00\",\"author\":{\"@id\":\"https:\/\/www.pensieriparole.it\/magazine\/#\/schema\/person\/0f9371603d4761e5770d27e7cf2f0e5a\"},\"breadcrumb\":{\"@id\":\"https:\/\/www.pensieriparole.it\/magazine\/2017035446\/carlo-cracco-lascia-masterchef-la-tv#breadcrumb\"},\"inLanguage\":\"it-IT\",\"potentialAction\":[{\"@type\":\"ReadAction\",\"target\":[\"https:\/\/www.pensieriparole.it\/magazine\/2017035446\/carlo-cracco-lascia-masterchef-la-tv\"]}]},{\"@type\":\"BreadcrumbList\",\"@id\":\"https:\/\/www.pensieriparole.it\/magazine\/2017035446\/carlo-cracco-lascia-masterchef-la-tv#breadcrumb\",\"itemListElement\":[{\"@type\":\"ListItem\",\"position\":1,\"name\":\"Home\",\"item\":\"https:\/\/www.pensieriparole.it\/magazine\/\"},{\"@type\":\"ListItem\",\"position\":2,\"name\":\"Carlo Cracco lascia Masterchef e la TV\"}]},{\"@type\":\"WebSite\",\"@id\":\"https:\/\/www.pensieriparole.it\/magazine\/#website\",\"url\":\"https:\/\/www.pensieriparole.it\/magazine\/\",\"name\":\"PensieriParole magazine\",\"description\":\"news &amp; curiosit\u00e0 dal mondo\",\"potentialAction\":[{\"@type\":\"SearchAction\",\"target\":{\"@type\":\"EntryPoint\",\"urlTemplate\":\"https:\/\/www.pensieriparole.it\/magazine\/?s={search_term_string}\"},\"query-input\":\"required name=search_term_string\"}],\"inLanguage\":\"it-IT\"},{\"@type\":\"Person\",\"@id\":\"https:\/\/www.pensieriparole.it\/magazine\/#\/schema\/person\/0f9371603d4761e5770d27e7cf2f0e5a\",\"name\":\"G. Iannitelli\",\"sameAs\":[\"https:\/\/www.pensieriparole.it\/\",\"https:\/\/www.facebook.com\/giusva\",\"https:\/\/instagram.com\/giusva\/\",\"https:\/\/twitter.com\/giusva\"],\"url\":\"https:\/\/www.pensieriparole.it\/magazine\/author\/giusva\"}]}<\/script>\n<!-- \/ Yoast SEO plugin. -->","yoast_head_json":{"title":"Carlo Cracco lascia Masterchef e la TV - PensieriParole magazine","robots":{"index":"index","follow":"follow","max-snippet":"max-snippet:-1","max-image-preview":"max-image-preview:large","max-video-preview":"max-video-preview:-1"},"canonical":"https:\/\/www.pensieriparole.it\/magazine\/2017035446\/carlo-cracco-lascia-masterchef-la-tv","og_locale":"it_IT","og_type":"article","og_title":"Carlo Cracco lascia Masterchef e la TV - PensieriParole magazine","og_description":"Mancano poche ore alla finale della sesta edizione di MasterChef Italia, programma televisivo che non solo ha consacrato l&#8217;alta cucina in tv, ma ha anche dato estrema rilevanza mediatica ai suoi giudici: Carlo Cracco, Bruno Barbieri, Joe Bastianich e Antonino Cannavacciuolo. Ed \u00e8 proprio il primo ad aver dichiarato, durante una recente intervista che intende [&hellip;]","og_url":"https:\/\/www.pensieriparole.it\/magazine\/2017035446\/carlo-cracco-lascia-masterchef-la-tv","og_site_name":"PensieriParole magazine","article_publisher":"https:\/\/www.facebook.com\/PensieriParole","article_author":"https:\/\/www.facebook.com\/giusva","article_published_time":"2017-03-08T15:06:53+00:00","og_image":[{"width":980,"height":571,"url":"https:\/\/www.pensieriparole.it\/magazine\/wp-content\/uploads\/2017\/03\/carlo-cracco-1.jpg","type":"image\/jpeg"}],"author":"G. Iannitelli","twitter_card":"summary_large_image","twitter_creator":"@giusva","twitter_site":"@pensieriparole","twitter_misc":{"Scritto da":"G. Iannitelli","Tempo di lettura stimato":"1 minuto"},"schema":{"@context":"https:\/\/schema.org","@graph":[{"@type":"WebPage","@id":"https:\/\/www.pensieriparole.it\/magazine\/2017035446\/carlo-cracco-lascia-masterchef-la-tv","url":"https:\/\/www.pensieriparole.it\/magazine\/2017035446\/carlo-cracco-lascia-masterchef-la-tv","name":"Carlo Cracco lascia Masterchef e la TV - PensieriParole magazine","isPartOf":{"@id":"https:\/\/www.pensieriparole.it\/magazine\/#website"},"datePublished":"2017-03-08T15:06:53+00:00","dateModified":"2017-03-08T15:06:53+00:00","author":{"@id":"https:\/\/www.pensieriparole.it\/magazine\/#\/schema\/person\/0f9371603d4761e5770d27e7cf2f0e5a"},"breadcrumb":{"@id":"https:\/\/www.pensieriparole.it\/magazine\/2017035446\/carlo-cracco-lascia-masterchef-la-tv#breadcrumb"},"inLanguage":"it-IT","potentialAction":[{"@type":"ReadAction","target":["https:\/\/www.pensieriparole.it\/magazine\/2017035446\/carlo-cracco-lascia-masterchef-la-tv"]}]},{"@type":"BreadcrumbList","@id":"https:\/\/www.pensieriparole.it\/magazine\/2017035446\/carlo-cracco-lascia-masterchef-la-tv#breadcrumb","itemListElement":[{"@type":"ListItem","position":1,"name":"Home","item":"https:\/\/www.pensieriparole.it\/magazine\/"},{"@type":"ListItem","position":2,"name":"Carlo Cracco lascia Masterchef e la TV"}]},{"@type":"WebSite","@id":"https:\/\/www.pensieriparole.it\/magazine\/#website","url":"https:\/\/www.pensieriparole.it\/magazine\/","name":"PensieriParole magazine","description":"news &amp; curiosit\u00e0 dal mondo","potentialAction":[{"@type":"SearchAction","target":{"@type":"EntryPoint","urlTemplate":"https:\/\/www.pensieriparole.it\/magazine\/?s={search_term_string}"},"query-input":"required name=search_term_string"}],"inLanguage":"it-IT"},{"@type":"Person","@id":"https:\/\/www.pensieriparole.it\/magazine\/#\/schema\/person\/0f9371603d4761e5770d27e7cf2f0e5a","name":"G. Iannitelli","sameAs":["https:\/\/www.pensieriparole.it\/","https:\/\/www.facebook.com\/giusva","https:\/\/instagram.com\/giusva\/","https:\/\/twitter.com\/giusva"],"url":"https:\/\/www.pensieriparole.it\/magazine\/author\/giusva"}]}},"_links":{"self":[{"href":"https:\/\/www.pensieriparole.it\/magazine\/wp-json\/wp\/v2\/posts\/5446"}],"collection":[{"href":"https:\/\/www.pensieriparole.it\/magazine\/wp-json\/wp\/v2\/posts"}],"about":[{"href":"https:\/\/www.pensieriparole.it\/magazine\/wp-json\/wp\/v2\/types\/post"}],"author":[{"embeddable":true,"href":"https:\/\/www.pensieriparole.it\/magazine\/wp-json\/wp\/v2\/users\/2"}],"replies":[{"embeddable":true,"href":"https:\/\/www.pensieriparole.it\/magazine\/wp-json\/wp\/v2\/comments?post=5446"}],"version-history":[{"count":1,"href":"https:\/\/www.pensieriparole.it\/magazine\/wp-json\/wp\/v2\/posts\/5446\/revisions"}],"predecessor-version":[{"id":5452,"href":"https:\/\/www.pensieriparole.it\/magazine\/wp-json\/wp\/v2\/posts\/5446\/revisions\/5452"}],"wp:featuredmedia":[{"embeddable":true,"href":"https:\/\/www.pensieriparole.it\/magazine\/wp-json\/wp\/v2\/media\/5448"}],"wp:attachment":[{"href":"https:\/\/www.pensieriparole.it\/magazine\/wp-json\/wp\/v2\/media?parent=5446"}],"wp:term":[{"taxonomy":"category","embeddable":true,"href":"https:\/\/www.pensieriparole.it\/magazine\/wp-json\/wp\/v2\/categories?post=5446"},{"taxonomy":"post_tag","embeddable":true,"href":"https:\/\/www.pensieriparole.it\/magazine\/wp-json\/wp\/v2\/tags?post=5446"}],"curies":[{"name":"wp","href":"https:\/\/api.w.org\/{rel}","templated":true}]}}