{"id":530,"date":"2014-11-12T09:38:10","date_gmt":"2014-11-12T08:38:10","guid":{"rendered":"http:\/\/www.pensieriparole.it\/magazine\/?p=530"},"modified":"2015-03-02T16:50:56","modified_gmt":"2015-03-02T15:50:56","slug":"bookcity-torna-milano-dal-13-16-novembre-2014","status":"publish","type":"post","link":"https:\/\/www.pensieriparole.it\/magazine\/201411530\/bookcity-torna-milano-dal-13-16-novembre-2014","title":{"rendered":"BOOKCITY torna a Milano, dal 13 al 16 novembre 2014"},"content":{"rendered":"<div id=\"fb-root\"><\/div>\n<p>Torna ad invadere Milano, per la ter<a href=\"https:\/\/www.pensieriparole.it\/magazine\/wp-content\/uploads\/2014\/11\/Bookcity.png\"><img decoding=\"async\" loading=\"lazy\" class=\"alignleft size-medium wp-image-531\" src=\"https:\/\/www.pensieriparole.it\/magazine\/wp-content\/uploads\/2014\/11\/Bookcity-300x271.png\" alt=\"Bookcity\" width=\"300\" height=\"271\" \/><\/a>za edizione, BOOKCITY, con\u00a0pi\u00f9 di 900 eventi, mostre, spettacoli, seminari sparsi per tutto l&#8217;hinterland milanese, in cui i libri e la lettura\u00a0saranno i protagonisti indiscussi.<\/p>\n<p>La manifestazione, della durata di quattro giorni, sar\u00e0 presenti nei luoghi pi\u00f9 o meno noti della citt\u00e0: dal Castello Sforzesco al Palazzo Mezzanotte al teatro Grassi fino ad arrivare al Museo della Scienza, dalle Terme di Milano alla Rotonda della Besana alla Cavallerizza del Fai nonch\u00e9 ai nuovi Expo Gate.<\/p>\n<p>L&#8217;iniziativa nasce all&#8217;interno degli eventi promossi dalla citt\u00e0 di Milano e dal Comitato Promotore\u00a0(Fondazione Rizzoli \u201cCorriere della Sera\u201d, Fondazione Giangiacomo Feltrinelli, Fondazione Arnoldo e Alberto Mondadori, Fondazione Scuola per Librai Umberto e Elisabetta Mauri) con la volont\u00e0 di promuovere la lettura e i libri rinnovando la propria immagine e l&#8217;offerta culturale in vista dell&#8217;Expo.<\/p>\n<p>Obiettivo dell&#8217;evento sar\u00e0 quello di proporre la lettura come esperienza di valore, coniugando la tradizione e l&#8217;innovazione con lo sviluppo di prodotti e servizi in grado di fornire occasioni di crescita e lavoro.<\/p>\n<p>Bookcity sar\u00e0 anche un&#8217;occasione per affrontare e riflettere su argomenti di grande attualit\u00e0: Ucraina, Cina, Europa e sulla situazione economica e politica italiana con<a title=\"Marco Travaglio Frasi\" href=\"www.pensieriparole.it\/aforismi\/autori\/m\/marco-travaglio\/pag1\"> Marco Travaglio<\/a>, <a title=\"Giorgio Fontana Frasi\" href=\"www.pensieriparole.it\/aforismi\/autori\/p\/pier-giorgio-fontana\/pag1\">Giorgio Fontana<\/a>, Aldo Cazzullo e <a title=\"Benedetta Tobagi Frasi\" href=\"www.pensieriparole.it\/aforismi\/autori\/b\/benedetta-tobagi\/pag1\">Benedetta Tobagi<\/a>.<\/p>\n<p>Tanti saranno gli ospiti italiani e internazionali:\u00a0gioved\u00ec 13 <a title=\"David Grossman Frasi\" href=\"www.pensieriparole.it\/aforismi\/autori\/d\/david-grossman\/pag1\">David Grossman<\/a> al Teatro\u00a0del Verme e <a title=\"Amos Oz citazioni e aforismi\" href=\"www.pensieriparole.it\/aforismi\/autori\/a\/amos-oz\/pag1\">Amos Oz<\/a> in Sinagoga, venerd\u00ec 14 <a title=\"Sophie Kinsella Frasi\" href=\"www.pensieriparole.it\/aforismi\/autori\/s\/sophie-kinsella\/pag1\">Sophie Kinsella<\/a> e <a title=\"Luca Bianchini Frasi\" href=\"www.pensieriparole.it\/aforismi\/autori\/l\/luca-bianchini\/pag1\">Luca Bianchini<\/a> al Castello Sforzesco mentre \u00a0al Museo della Scienza <a title=\"Massimo Gramellini Frasi\" href=\"www.pensieriparole.it\/aforismi\/autori\/m\/massimo-gramellini\/pag1\">Massimo Gramellini <\/a>e <a title=\"David Nicholls Frasi\" href=\"www.pensieriparole.it\/aforismi\/autori\/d\/david-nicholls\/pag1\">David Nicholls<\/a>; sabato 14 sar\u00e0 invece il turno, per gli amanti del fantasy e noir, di Dario Argento al Teatro Grassi e si concluder\u00e0 domenica 15 con il <a title=\"Dario Fo Frasi\" href=\"www.pensieriparole.it\/aforismi\/autori\/d\/dario-fo\/pag1\">Premio Nobel Dario Fo<\/a> e Piero Sciotto al Teatro Studio Mariangela Melato. Saranno presenti inoltre gli scrittori italiani pi\u00f9 amati dal pubblico: <a title=\"Sebastiano Vassalli Frasi\" href=\"www.pensieriparole.it\/aforismi\/autori\/s\/sebastiano-vassalli\/pag1\">Sebastiano Vassalli<\/a>, <a title=\"Daria Bignardi Frasi\" href=\"www.pensieriparole.it\/aforismi\/autori\/d\/daria-bignardi\/pag1\">Daria Bignardi<\/a>, <a title=\"Mauro Corona Frasi\" href=\"www.pensieriparole.it\/aforismi\/autori\/m\/mauro-corona\/pag1\">Mauro Corona<\/a>, Andrea Vitali, <a title=\"Claudio Magris Frasi\" href=\"www.pensieriparole.it\/aforismi\/autori\/c\/claudi-magris\/pag1o\">Claudio Magris<\/a>, Hans Tuzzi, <a title=\"Donato Carrisi Frasi\" href=\"www.pensieriparole.it\/aforismi\/autori\/d\/donato-carrisi\/pag1\">Donato Carrisi<\/a>, Massimo Carlotto insieme ai cantautori <a title=\"Roberto Vecchioni Frasi\" href=\"www.pensieriparole.it\/aforismi\/autori\/r\/roberto-vecchioni\/pag1\">Roberto Vecchioni <\/a>e <a title=\"Francesco Guccini Frasi\" href=\"www.pensieriparole.it\/aforismi\/autori\/f\/francesco-guccini\/pag1\">Francesco Guccini<\/a>.<\/p>\n<p>Per l&#8217;elenco completo degli ospiti e degli eventi in programma durante la manifestazione vi invitiamo a visitare il <a title=\"BOOKCITY Milano\" href=\"http:\/\/www.bookcitymilano.it\/\" target=\"_blank\">sito<\/a>.<\/p>\n<p>Potete trovare in PensieriParole alcune citazioni e aforismi dei tanti scrittori ospiti della manifestazione.<\/p>\n","protected":false},"excerpt":{"rendered":"<p>Torna ad invadere Milano, per la terza edizione, BOOKCITY, con\u00a0pi\u00f9 di 900 eventi, mostre, spettacoli, seminari sparsi per tutto l&#8217;hinterland milanese, in cui i libri e la lettura\u00a0saranno i protagonisti indiscussi. La manifestazione, della durata di quattro giorni, sar\u00e0 presenti nei luoghi pi\u00f9 o meno noti della citt\u00e0: dal Castello Sforzesco al Palazzo Mezzanotte al [&hellip;]<\/p>\n","protected":false},"author":5,"featured_media":531,"comment_status":"open","ping_status":"open","sticky":false,"template":"","format":"standard","meta":{"tdm_status":"","tdm_grid_status":""},"categories":[16,29,3],"tags":[],"yoast_head":"<!-- This site is optimized with the Yoast SEO plugin v19.11 - https:\/\/yoast.com\/wordpress\/plugins\/seo\/ -->\n<title>BOOKCITY torna a Milano, dal 13 al 16 novembre 2014 - PensieriParole magazine<\/title>\n<meta name=\"robots\" content=\"index, follow, max-snippet:-1, max-image-preview:large, max-video-preview:-1\" \/>\n<link rel=\"canonical\" href=\"https:\/\/www.pensieriparole.it\/magazine\/201411530\/bookcity-torna-milano-dal-13-16-novembre-2014\" \/>\n<meta property=\"og:locale\" content=\"it_IT\" \/>\n<meta property=\"og:type\" content=\"article\" \/>\n<meta property=\"og:title\" content=\"BOOKCITY torna a Milano, dal 13 al 16 novembre 2014 - PensieriParole magazine\" \/>\n<meta property=\"og:description\" content=\"Torna ad invadere Milano, per la terza edizione, BOOKCITY, con\u00a0pi\u00f9 di 900 eventi, mostre, spettacoli, seminari sparsi per tutto l&#8217;hinterland milanese, in cui i libri e la lettura\u00a0saranno i protagonisti indiscussi. La manifestazione, della durata di quattro giorni, sar\u00e0 presenti nei luoghi pi\u00f9 o meno noti della citt\u00e0: dal Castello Sforzesco al Palazzo Mezzanotte al [&hellip;]\" \/>\n<meta property=\"og:url\" content=\"https:\/\/www.pensieriparole.it\/magazine\/201411530\/bookcity-torna-milano-dal-13-16-novembre-2014\" \/>\n<meta property=\"og:site_name\" content=\"PensieriParole magazine\" \/>\n<meta property=\"article:publisher\" content=\"https:\/\/www.facebook.com\/PensieriParole\" \/>\n<meta property=\"article:published_time\" content=\"2014-11-12T08:38:10+00:00\" \/>\n<meta property=\"article:modified_time\" content=\"2015-03-02T15:50:56+00:00\" \/>\n<meta property=\"og:image\" content=\"https:\/\/www.pensieriparole.it\/magazine\/wp-content\/uploads\/2014\/11\/Bookcity.png\" \/>\n\t<meta property=\"og:image:width\" content=\"400\" \/>\n\t<meta property=\"og:image:height\" content=\"362\" \/>\n\t<meta property=\"og:image:type\" content=\"image\/png\" \/>\n<meta name=\"author\" content=\"Sylvia Drago\" \/>\n<meta name=\"twitter:card\" content=\"summary_large_image\" \/>\n<meta name=\"twitter:creator\" content=\"@pensieriparole\" \/>\n<meta name=\"twitter:site\" content=\"@pensieriparole\" \/>\n<meta name=\"twitter:label1\" content=\"Scritto da\" \/>\n\t<meta name=\"twitter:data1\" content=\"Sylvia Drago\" \/>\n\t<meta name=\"twitter:label2\" content=\"Tempo di lettura stimato\" \/>\n\t<meta name=\"twitter:data2\" content=\"2 minuti\" \/>\n<script type=\"application\/ld+json\" class=\"yoast-schema-graph\">{\"@context\":\"https:\/\/schema.org\",\"@graph\":[{\"@type\":\"WebPage\",\"@id\":\"https:\/\/www.pensieriparole.it\/magazine\/201411530\/bookcity-torna-milano-dal-13-16-novembre-2014\",\"url\":\"https:\/\/www.pensieriparole.it\/magazine\/201411530\/bookcity-torna-milano-dal-13-16-novembre-2014\",\"name\":\"BOOKCITY torna a Milano, dal 13 al 16 novembre 2014 - PensieriParole magazine\",\"isPartOf\":{\"@id\":\"https:\/\/www.pensieriparole.it\/magazine\/#website\"},\"datePublished\":\"2014-11-12T08:38:10+00:00\",\"dateModified\":\"2015-03-02T15:50:56+00:00\",\"author\":{\"@id\":\"https:\/\/www.pensieriparole.it\/magazine\/#\/schema\/person\/626b86f7925f6c38a002140b5a05f902\"},\"breadcrumb\":{\"@id\":\"https:\/\/www.pensieriparole.it\/magazine\/201411530\/bookcity-torna-milano-dal-13-16-novembre-2014#breadcrumb\"},\"inLanguage\":\"it-IT\",\"potentialAction\":[{\"@type\":\"ReadAction\",\"target\":[\"https:\/\/www.pensieriparole.it\/magazine\/201411530\/bookcity-torna-milano-dal-13-16-novembre-2014\"]}]},{\"@type\":\"BreadcrumbList\",\"@id\":\"https:\/\/www.pensieriparole.it\/magazine\/201411530\/bookcity-torna-milano-dal-13-16-novembre-2014#breadcrumb\",\"itemListElement\":[{\"@type\":\"ListItem\",\"position\":1,\"name\":\"Home\",\"item\":\"https:\/\/www.pensieriparole.it\/magazine\/\"},{\"@type\":\"ListItem\",\"position\":2,\"name\":\"BOOKCITY torna a Milano, dal 13 al 16 novembre 2014\"}]},{\"@type\":\"WebSite\",\"@id\":\"https:\/\/www.pensieriparole.it\/magazine\/#website\",\"url\":\"https:\/\/www.pensieriparole.it\/magazine\/\",\"name\":\"PensieriParole magazine\",\"description\":\"news &amp; curiosit\u00e0 dal mondo\",\"potentialAction\":[{\"@type\":\"SearchAction\",\"target\":{\"@type\":\"EntryPoint\",\"urlTemplate\":\"https:\/\/www.pensieriparole.it\/magazine\/?s={search_term_string}\"},\"query-input\":\"required name=search_term_string\"}],\"inLanguage\":\"it-IT\"},{\"@type\":\"Person\",\"@id\":\"https:\/\/www.pensieriparole.it\/magazine\/#\/schema\/person\/626b86f7925f6c38a002140b5a05f902\",\"name\":\"Sylvia Drago\",\"url\":\"https:\/\/www.pensieriparole.it\/magazine\/author\/sylvia\"}]}<\/script>\n<!-- \/ Yoast SEO plugin. -->","yoast_head_json":{"title":"BOOKCITY torna a Milano, dal 13 al 16 novembre 2014 - PensieriParole magazine","robots":{"index":"index","follow":"follow","max-snippet":"max-snippet:-1","max-image-preview":"max-image-preview:large","max-video-preview":"max-video-preview:-1"},"canonical":"https:\/\/www.pensieriparole.it\/magazine\/201411530\/bookcity-torna-milano-dal-13-16-novembre-2014","og_locale":"it_IT","og_type":"article","og_title":"BOOKCITY torna a Milano, dal 13 al 16 novembre 2014 - PensieriParole magazine","og_description":"Torna ad invadere Milano, per la terza edizione, BOOKCITY, con\u00a0pi\u00f9 di 900 eventi, mostre, spettacoli, seminari sparsi per tutto l&#8217;hinterland milanese, in cui i libri e la lettura\u00a0saranno i protagonisti indiscussi. La manifestazione, della durata di quattro giorni, sar\u00e0 presenti nei luoghi pi\u00f9 o meno noti della citt\u00e0: dal Castello Sforzesco al Palazzo Mezzanotte al [&hellip;]","og_url":"https:\/\/www.pensieriparole.it\/magazine\/201411530\/bookcity-torna-milano-dal-13-16-novembre-2014","og_site_name":"PensieriParole magazine","article_publisher":"https:\/\/www.facebook.com\/PensieriParole","article_published_time":"2014-11-12T08:38:10+00:00","article_modified_time":"2015-03-02T15:50:56+00:00","og_image":[{"width":400,"height":362,"url":"https:\/\/www.pensieriparole.it\/magazine\/wp-content\/uploads\/2014\/11\/Bookcity.png","type":"image\/png"}],"author":"Sylvia Drago","twitter_card":"summary_large_image","twitter_creator":"@pensieriparole","twitter_site":"@pensieriparole","twitter_misc":{"Scritto da":"Sylvia Drago","Tempo di lettura stimato":"2 minuti"},"schema":{"@context":"https:\/\/schema.org","@graph":[{"@type":"WebPage","@id":"https:\/\/www.pensieriparole.it\/magazine\/201411530\/bookcity-torna-milano-dal-13-16-novembre-2014","url":"https:\/\/www.pensieriparole.it\/magazine\/201411530\/bookcity-torna-milano-dal-13-16-novembre-2014","name":"BOOKCITY torna a Milano, dal 13 al 16 novembre 2014 - PensieriParole magazine","isPartOf":{"@id":"https:\/\/www.pensieriparole.it\/magazine\/#website"},"datePublished":"2014-11-12T08:38:10+00:00","dateModified":"2015-03-02T15:50:56+00:00","author":{"@id":"https:\/\/www.pensieriparole.it\/magazine\/#\/schema\/person\/626b86f7925f6c38a002140b5a05f902"},"breadcrumb":{"@id":"https:\/\/www.pensieriparole.it\/magazine\/201411530\/bookcity-torna-milano-dal-13-16-novembre-2014#breadcrumb"},"inLanguage":"it-IT","potentialAction":[{"@type":"ReadAction","target":["https:\/\/www.pensieriparole.it\/magazine\/201411530\/bookcity-torna-milano-dal-13-16-novembre-2014"]}]},{"@type":"BreadcrumbList","@id":"https:\/\/www.pensieriparole.it\/magazine\/201411530\/bookcity-torna-milano-dal-13-16-novembre-2014#breadcrumb","itemListElement":[{"@type":"ListItem","position":1,"name":"Home","item":"https:\/\/www.pensieriparole.it\/magazine\/"},{"@type":"ListItem","position":2,"name":"BOOKCITY torna a Milano, dal 13 al 16 novembre 2014"}]},{"@type":"WebSite","@id":"https:\/\/www.pensieriparole.it\/magazine\/#website","url":"https:\/\/www.pensieriparole.it\/magazine\/","name":"PensieriParole magazine","description":"news &amp; curiosit\u00e0 dal mondo","potentialAction":[{"@type":"SearchAction","target":{"@type":"EntryPoint","urlTemplate":"https:\/\/www.pensieriparole.it\/magazine\/?s={search_term_string}"},"query-input":"required name=search_term_string"}],"inLanguage":"it-IT"},{"@type":"Person","@id":"https:\/\/www.pensieriparole.it\/magazine\/#\/schema\/person\/626b86f7925f6c38a002140b5a05f902","name":"Sylvia Drago","url":"https:\/\/www.pensieriparole.it\/magazine\/author\/sylvia"}]}},"_links":{"self":[{"href":"https:\/\/www.pensieriparole.it\/magazine\/wp-json\/wp\/v2\/posts\/530"}],"collection":[{"href":"https:\/\/www.pensieriparole.it\/magazine\/wp-json\/wp\/v2\/posts"}],"about":[{"href":"https:\/\/www.pensieriparole.it\/magazine\/wp-json\/wp\/v2\/types\/post"}],"author":[{"embeddable":true,"href":"https:\/\/www.pensieriparole.it\/magazine\/wp-json\/wp\/v2\/users\/5"}],"replies":[{"embeddable":true,"href":"https:\/\/www.pensieriparole.it\/magazine\/wp-json\/wp\/v2\/comments?post=530"}],"version-history":[{"count":4,"href":"https:\/\/www.pensieriparole.it\/magazine\/wp-json\/wp\/v2\/posts\/530\/revisions"}],"predecessor-version":[{"id":536,"href":"https:\/\/www.pensieriparole.it\/magazine\/wp-json\/wp\/v2\/posts\/530\/revisions\/536"}],"wp:featuredmedia":[{"embeddable":true,"href":"https:\/\/www.pensieriparole.it\/magazine\/wp-json\/wp\/v2\/media\/531"}],"wp:attachment":[{"href":"https:\/\/www.pensieriparole.it\/magazine\/wp-json\/wp\/v2\/media?parent=530"}],"wp:term":[{"taxonomy":"category","embeddable":true,"href":"https:\/\/www.pensieriparole.it\/magazine\/wp-json\/wp\/v2\/categories?post=530"},{"taxonomy":"post_tag","embeddable":true,"href":"https:\/\/www.pensieriparole.it\/magazine\/wp-json\/wp\/v2\/tags?post=530"}],"curies":[{"name":"wp","href":"https:\/\/api.w.org\/{rel}","templated":true}]}}