{"id":4962,"date":"2015-11-04T08:31:56","date_gmt":"2015-11-04T07:31:56","guid":{"rendered":"http:\/\/www.pensieriparole.it\/magazine\/?p=4962"},"modified":"2015-11-04T11:40:00","modified_gmt":"2015-11-04T10:40:00","slug":"quanti-giorni-mancano-a-natale","status":"publish","type":"post","link":"https:\/\/www.pensieriparole.it\/magazine\/2015114962\/quanti-giorni-mancano-a-natale","title":{"rendered":"Quanti giorni mancano a Natale?"},"content":{"rendered":"<div id=\"fb-root\"><\/div>\n<p>Avete presente l&#8217;atmosfera Natalizia? Le luci, la neve, gli alberi, i festoni&#8230; se vi piace non vedrete l&#8217;ora di tuffarvici ancora e ancora. Continuerete a chiedervi: quanti giorni mancano a Natale?<\/p>\n<p><strong><span id=\"targetdate\"><\/span>\r\n<script>\r\n!function(w,d){\r\n\tvar now = new Date,\r\n\t\tyear = (now.getMonth() < 11 || now.getDate() <= 25) ? now.getFullYear() : now.getFullYear() + 1,\r\n\t\ttarget=(new Date(year, 11, 25, 0, 0, 0, 0)).getTime(),\r\n\t\t\r\n\t\telem = d.getElementById('targetdate');\r\n\t\r\n\tfunction update() {\r\n\t\tvar d, h, m;\r\n\t\t\r\n\t\tnow = new Date;\r\n\t\tsetTimeout(update, 6e4 - now.getSeconds() * 1e3 - now.getMilliseconds());\r\n\t\t\r\n\t\tm = Math.ceil((target - now.getTime()) \/ 6e4);\r\n\t\t\r\n\t\tif (m < 0) {\r\n\t\t\tif (m >= -24 * 60) {\r\n\t\t\t\telem.innerHTML = 'Oggi \u00e8 Natale!';\r\n\t\t\t}\r\n\t\t\telse {\r\n\t\t\t\tm = -m;\r\n\t\t\t\td = Math.floor(m \/ 1440);\r\n\t\t\t\tm -= d * 1440;\r\n\t\t\t\th = Math.floor(m \/ 60);\r\n\t\t\t\tm -= h * 60;\r\n\t\t\t\t\r\n\t\t\t\telem.innerHTML = 'Natale \u00e8 passato da ' + d + (d == 1 ? ' giorno' : ' giorni') + ', ' + h + (h === 1 ? ' ora' : ' ore') + ' e ' + m + (m === 1 ? ' minuto' : ' minuti') + '.';\r\n\t\t\t}\r\n\t\t}\r\n\t\telse {\r\n\t\t\td = Math.floor(m \/ 1440);\r\n\t\t\tm -= d * 1440;\r\n\t\t\th = Math.floor(m \/ 60);\r\n\t\t\tm -= h * 60;\r\n\t\t\t\r\n\t\t\telem.innerHTML = 'A Natale manca' + (d == 1 ? ' 1 giorno' : 'no ' + d + ' giorni') + ', ' + h + (h === 1 ? ' ora' : ' ore') + ' e ' + m + (m === 1 ? ' minuto' : ' minuti') + '.';\r\n\t\t}\r\n\t}\r\n\t\r\n\tupdate();\r\n}(window,document);\r\n<\/script><\/strong> Ma la sua atmosfera non scompare mai dai nostri cuori. Possiamo gi\u00e0 cominciare a pensare ai regali di Natale, ai <a href=\"https:\/\/www.pensieriparole.it\/frasi-per-ogni-occasione\/auguri-di-natale\/\">biglietti d&#8217;auguri natalizi<\/a>, al tempo da passare con i nostri cari, cos\u00ec come ai dolcetti, ai panettoni e a fare l&#8217;albero di Natale e il presepe.<\/p>\n<p>[Scopri la nostra sezione dedicata agli <a href=\"https:\/\/www.pensieriparole.it\/frasi-per-ogni-occasione\/auguri-di-natale\/\">Auguri di Natale<\/a>]<\/p>\n<p>Anche Siri, l&#8217;assistente digitale negli iPhone di tutto il mondo, pu\u00f2 rispondere a questa domanda, ma solitamente \u00e8 un po&#8217; troppo vaga. Per tutto novembre continuer\u00e0 a rispondere che manca un mese.<\/p>\n","protected":false},"excerpt":{"rendered":"<p>Avete presente l&#8217;atmosfera Natalizia? Le luci, la neve, gli alberi, i festoni&#8230; se vi piace non vedrete l&#8217;ora di tuffarvici ancora e ancora. Continuerete a chiedervi: quanti giorni mancano a Natale? Ma la sua atmosfera non scompare mai dai nostri cuori. Possiamo gi\u00e0 cominciare a pensare ai regali di Natale, ai biglietti d&#8217;auguri natalizi, al [&hellip;]<\/p>\n","protected":false},"author":1,"featured_media":4971,"comment_status":"open","ping_status":"open","sticky":false,"template":"","format":"standard","meta":{"tdm_status":"","tdm_grid_status":""},"categories":[14,18,20],"tags":[],"yoast_head":"<!-- This site is optimized with the Yoast SEO plugin v19.11 - https:\/\/yoast.com\/wordpress\/plugins\/seo\/ -->\n<title>Quanti giorni mancano a Natale? - PensieriParole magazine<\/title>\n<meta name=\"robots\" content=\"index, follow, max-snippet:-1, max-image-preview:large, max-video-preview:-1\" \/>\n<link rel=\"canonical\" href=\"https:\/\/www.pensieriparole.it\/magazine\/2015114962\/quanti-giorni-mancano-a-natale\" \/>\n<meta property=\"og:locale\" content=\"it_IT\" \/>\n<meta property=\"og:type\" content=\"article\" \/>\n<meta property=\"og:title\" content=\"Quanti giorni mancano a Natale? - PensieriParole magazine\" \/>\n<meta property=\"og:description\" content=\"Avete presente l&#8217;atmosfera Natalizia? Le luci, la neve, gli alberi, i festoni&#8230; se vi piace non vedrete l&#8217;ora di tuffarvici ancora e ancora. Continuerete a chiedervi: quanti giorni mancano a Natale? Ma la sua atmosfera non scompare mai dai nostri cuori. Possiamo gi\u00e0 cominciare a pensare ai regali di Natale, ai biglietti d&#8217;auguri natalizi, al [&hellip;]\" \/>\n<meta property=\"og:url\" content=\"https:\/\/www.pensieriparole.it\/magazine\/2015114962\/quanti-giorni-mancano-a-natale\" \/>\n<meta property=\"og:site_name\" content=\"PensieriParole magazine\" \/>\n<meta property=\"article:publisher\" content=\"https:\/\/www.facebook.com\/PensieriParole\" \/>\n<meta property=\"article:author\" content=\"https:\/\/www.facebook.com\/andrea.baron\" \/>\n<meta property=\"article:published_time\" content=\"2015-11-04T07:31:56+00:00\" \/>\n<meta property=\"article:modified_time\" content=\"2015-11-04T10:40:00+00:00\" \/>\n<meta property=\"og:image\" content=\"https:\/\/www.pensieriparole.it\/magazine\/wp-content\/uploads\/2015\/11\/buon-natale-frasi.jpg\" \/>\n\t<meta property=\"og:image:width\" content=\"2500\" \/>\n\t<meta property=\"og:image:height\" content=\"2500\" \/>\n\t<meta property=\"og:image:type\" content=\"image\/jpeg\" \/>\n<meta name=\"author\" content=\"Andrea Baron\" \/>\n<meta name=\"twitter:card\" content=\"summary_large_image\" \/>\n<meta name=\"twitter:creator\" content=\"@pensieriparole\" \/>\n<meta name=\"twitter:site\" content=\"@pensieriparole\" \/>\n<meta name=\"twitter:label1\" content=\"Scritto da\" \/>\n\t<meta name=\"twitter:data1\" content=\"Andrea Baron\" \/>\n\t<meta name=\"twitter:label2\" content=\"Tempo di lettura stimato\" \/>\n\t<meta name=\"twitter:data2\" content=\"1 minuto\" \/>\n<script type=\"application\/ld+json\" class=\"yoast-schema-graph\">{\"@context\":\"https:\/\/schema.org\",\"@graph\":[{\"@type\":\"WebPage\",\"@id\":\"https:\/\/www.pensieriparole.it\/magazine\/2015114962\/quanti-giorni-mancano-a-natale\",\"url\":\"https:\/\/www.pensieriparole.it\/magazine\/2015114962\/quanti-giorni-mancano-a-natale\",\"name\":\"Quanti giorni mancano a Natale? - PensieriParole magazine\",\"isPartOf\":{\"@id\":\"https:\/\/www.pensieriparole.it\/magazine\/#website\"},\"datePublished\":\"2015-11-04T07:31:56+00:00\",\"dateModified\":\"2015-11-04T10:40:00+00:00\",\"author\":{\"@id\":\"https:\/\/www.pensieriparole.it\/magazine\/#\/schema\/person\/c761fa212389ef5e3090505cf72ebb95\"},\"breadcrumb\":{\"@id\":\"https:\/\/www.pensieriparole.it\/magazine\/2015114962\/quanti-giorni-mancano-a-natale#breadcrumb\"},\"inLanguage\":\"it-IT\",\"potentialAction\":[{\"@type\":\"ReadAction\",\"target\":[\"https:\/\/www.pensieriparole.it\/magazine\/2015114962\/quanti-giorni-mancano-a-natale\"]}]},{\"@type\":\"BreadcrumbList\",\"@id\":\"https:\/\/www.pensieriparole.it\/magazine\/2015114962\/quanti-giorni-mancano-a-natale#breadcrumb\",\"itemListElement\":[{\"@type\":\"ListItem\",\"position\":1,\"name\":\"Home\",\"item\":\"https:\/\/www.pensieriparole.it\/magazine\/\"},{\"@type\":\"ListItem\",\"position\":2,\"name\":\"Quanti giorni mancano a Natale?\"}]},{\"@type\":\"WebSite\",\"@id\":\"https:\/\/www.pensieriparole.it\/magazine\/#website\",\"url\":\"https:\/\/www.pensieriparole.it\/magazine\/\",\"name\":\"PensieriParole magazine\",\"description\":\"news &amp; curiosit\u00e0 dal mondo\",\"potentialAction\":[{\"@type\":\"SearchAction\",\"target\":{\"@type\":\"EntryPoint\",\"urlTemplate\":\"https:\/\/www.pensieriparole.it\/magazine\/?s={search_term_string}\"},\"query-input\":\"required name=search_term_string\"}],\"inLanguage\":\"it-IT\"},{\"@type\":\"Person\",\"@id\":\"https:\/\/www.pensieriparole.it\/magazine\/#\/schema\/person\/c761fa212389ef5e3090505cf72ebb95\",\"name\":\"Andrea Baron\",\"sameAs\":[\"https:\/\/www.pensieriparole.it\/\",\"https:\/\/www.facebook.com\/andrea.baron\"],\"url\":\"https:\/\/www.pensieriparole.it\/magazine\/author\/bobo\"}]}<\/script>\n<!-- \/ Yoast SEO plugin. -->","yoast_head_json":{"title":"Quanti giorni mancano a Natale? - PensieriParole magazine","robots":{"index":"index","follow":"follow","max-snippet":"max-snippet:-1","max-image-preview":"max-image-preview:large","max-video-preview":"max-video-preview:-1"},"canonical":"https:\/\/www.pensieriparole.it\/magazine\/2015114962\/quanti-giorni-mancano-a-natale","og_locale":"it_IT","og_type":"article","og_title":"Quanti giorni mancano a Natale? - PensieriParole magazine","og_description":"Avete presente l&#8217;atmosfera Natalizia? Le luci, la neve, gli alberi, i festoni&#8230; se vi piace non vedrete l&#8217;ora di tuffarvici ancora e ancora. Continuerete a chiedervi: quanti giorni mancano a Natale? Ma la sua atmosfera non scompare mai dai nostri cuori. Possiamo gi\u00e0 cominciare a pensare ai regali di Natale, ai biglietti d&#8217;auguri natalizi, al [&hellip;]","og_url":"https:\/\/www.pensieriparole.it\/magazine\/2015114962\/quanti-giorni-mancano-a-natale","og_site_name":"PensieriParole magazine","article_publisher":"https:\/\/www.facebook.com\/PensieriParole","article_author":"https:\/\/www.facebook.com\/andrea.baron","article_published_time":"2015-11-04T07:31:56+00:00","article_modified_time":"2015-11-04T10:40:00+00:00","og_image":[{"width":2500,"height":2500,"url":"https:\/\/www.pensieriparole.it\/magazine\/wp-content\/uploads\/2015\/11\/buon-natale-frasi.jpg","type":"image\/jpeg"}],"author":"Andrea Baron","twitter_card":"summary_large_image","twitter_creator":"@pensieriparole","twitter_site":"@pensieriparole","twitter_misc":{"Scritto da":"Andrea Baron","Tempo di lettura stimato":"1 minuto"},"schema":{"@context":"https:\/\/schema.org","@graph":[{"@type":"WebPage","@id":"https:\/\/www.pensieriparole.it\/magazine\/2015114962\/quanti-giorni-mancano-a-natale","url":"https:\/\/www.pensieriparole.it\/magazine\/2015114962\/quanti-giorni-mancano-a-natale","name":"Quanti giorni mancano a Natale? - PensieriParole magazine","isPartOf":{"@id":"https:\/\/www.pensieriparole.it\/magazine\/#website"},"datePublished":"2015-11-04T07:31:56+00:00","dateModified":"2015-11-04T10:40:00+00:00","author":{"@id":"https:\/\/www.pensieriparole.it\/magazine\/#\/schema\/person\/c761fa212389ef5e3090505cf72ebb95"},"breadcrumb":{"@id":"https:\/\/www.pensieriparole.it\/magazine\/2015114962\/quanti-giorni-mancano-a-natale#breadcrumb"},"inLanguage":"it-IT","potentialAction":[{"@type":"ReadAction","target":["https:\/\/www.pensieriparole.it\/magazine\/2015114962\/quanti-giorni-mancano-a-natale"]}]},{"@type":"BreadcrumbList","@id":"https:\/\/www.pensieriparole.it\/magazine\/2015114962\/quanti-giorni-mancano-a-natale#breadcrumb","itemListElement":[{"@type":"ListItem","position":1,"name":"Home","item":"https:\/\/www.pensieriparole.it\/magazine\/"},{"@type":"ListItem","position":2,"name":"Quanti giorni mancano a Natale?"}]},{"@type":"WebSite","@id":"https:\/\/www.pensieriparole.it\/magazine\/#website","url":"https:\/\/www.pensieriparole.it\/magazine\/","name":"PensieriParole magazine","description":"news &amp; curiosit\u00e0 dal mondo","potentialAction":[{"@type":"SearchAction","target":{"@type":"EntryPoint","urlTemplate":"https:\/\/www.pensieriparole.it\/magazine\/?s={search_term_string}"},"query-input":"required name=search_term_string"}],"inLanguage":"it-IT"},{"@type":"Person","@id":"https:\/\/www.pensieriparole.it\/magazine\/#\/schema\/person\/c761fa212389ef5e3090505cf72ebb95","name":"Andrea Baron","sameAs":["https:\/\/www.pensieriparole.it\/","https:\/\/www.facebook.com\/andrea.baron"],"url":"https:\/\/www.pensieriparole.it\/magazine\/author\/bobo"}]}},"_links":{"self":[{"href":"https:\/\/www.pensieriparole.it\/magazine\/wp-json\/wp\/v2\/posts\/4962"}],"collection":[{"href":"https:\/\/www.pensieriparole.it\/magazine\/wp-json\/wp\/v2\/posts"}],"about":[{"href":"https:\/\/www.pensieriparole.it\/magazine\/wp-json\/wp\/v2\/types\/post"}],"author":[{"embeddable":true,"href":"https:\/\/www.pensieriparole.it\/magazine\/wp-json\/wp\/v2\/users\/1"}],"replies":[{"embeddable":true,"href":"https:\/\/www.pensieriparole.it\/magazine\/wp-json\/wp\/v2\/comments?post=4962"}],"version-history":[{"count":10,"href":"https:\/\/www.pensieriparole.it\/magazine\/wp-json\/wp\/v2\/posts\/4962\/revisions"}],"predecessor-version":[{"id":4989,"href":"https:\/\/www.pensieriparole.it\/magazine\/wp-json\/wp\/v2\/posts\/4962\/revisions\/4989"}],"wp:featuredmedia":[{"embeddable":true,"href":"https:\/\/www.pensieriparole.it\/magazine\/wp-json\/wp\/v2\/media\/4971"}],"wp:attachment":[{"href":"https:\/\/www.pensieriparole.it\/magazine\/wp-json\/wp\/v2\/media?parent=4962"}],"wp:term":[{"taxonomy":"category","embeddable":true,"href":"https:\/\/www.pensieriparole.it\/magazine\/wp-json\/wp\/v2\/categories?post=4962"},{"taxonomy":"post_tag","embeddable":true,"href":"https:\/\/www.pensieriparole.it\/magazine\/wp-json\/wp\/v2\/tags?post=4962"}],"curies":[{"name":"wp","href":"https:\/\/api.w.org\/{rel}","templated":true}]}}