{"id":363,"date":"2010-07-17T18:10:17","date_gmt":"2010-07-17T16:10:17","guid":{"rendered":"http:\/\/www.pensieriparole.it\/magazinegg\/201007363\/pubblicati-i-libri-dei-vincitori-giorgio-de-luca-e-alberto-jess"},"modified":"2010-07-17T18:10:17","modified_gmt":"2010-07-17T16:10:17","slug":"pubblicati-i-libri-dei-vincitori-giorgio-de-luca-e-alberto-jess","status":"publish","type":"post","link":"https:\/\/www.pensieriparole.it\/magazine\/201007363\/pubblicati-i-libri-dei-vincitori-giorgio-de-luca-e-alberto-jess","title":{"rendered":"Pubblicati i libri dei vincitori: Giorgio De Luca e Alberto Jess"},"content":{"rendered":"<div id=\"fb-root\"><\/div>\n<div class=\"center\"><img decoding=\"async\" src=\"http:\/\/static.leparole.info\/pp\/images\/news\/libri-vincitori-cugs.jpg\" title=\"Versi dall'orizzonte e Non ha pi\u00f9 lacrime la mia terra\" alt=\"Versi dall'orizzonte e Non ha pi\u00f9 lacrime la mia terra\"><\/div>\n<p>Il concorso &quot;<a href=\"\/frasi\/pensieriparole-staff\/come-un-granello-di-sabbia-aforismi\/\">Come un granello di sabbia<\/a>&quot;, indetto lo scorso anno e che finalmente vede i suoi frutti con la pubblicazione dei tre libri a Impatto Zero\u00ae, era costruito per avere due vincitori, uno per la sezione Aforismi e uno per quella Poesie.<\/p>\n<p>Dopo una plebiscitaria votazione degli utenti del sito PensieriParole.it alle opere in gara e una successiva scrematura a opera di una giuria qualificata, a portarsi a casa l&#8217;ambito premio (consisteva, tra le altre cose, nel poter pubblicare un libro con noi) sono state due persone, che confermano orgogliosamente quanto l&#8217;utenza del nostro portale, come quindi di quella che ha partecipato alle fasi salienti nei mesi scorsi, rappresenti un completo spaccato d&#8217;Italia: per la sezione &quot;Poesie&quot; a guadagnare il vertice del podio \u00e8 stato <a href=\"\/frasi\/giorgio-de-luca\/\">Giorgio De Luca<\/a> e la sua raccolta &quot;<a href=\"\/frasi\/giorgio-de-luca\/non-ha-piu-lacrime-la-mia-terra\/\">Non ha pi\u00f9 lacrime la mia terra&#8230;<\/a>&quot;, per la sezione &quot;Aforismi&quot; <a href=\"\/frasi\/alberto-jess\/\">Alberto Jess<\/a> con il volume &quot;<a href=\"\/frasi\/alberto-jess\/versi-dall-orizzonte\/\">Versi dall&#8217;orizzonte<\/a>&quot;. Bench\u00e9 oggettivamente tra i due nostri autori si ponga evidente una differenza di et\u00e0, Jess ha da poco festeggiato la maggiore et\u00e0, sono riusciti in modo egregio a fare breccia nei cuori e nei sentimenti di chi li ha notati e, ovviamente, votati.<\/p>\n<p>\u00c8 straordinario poi che entrambi gli autori abbiano deciso di devolvere parte del ricavato&nbsp; dei loro libri alla <a href=\"http:\/\/www.cittadellasperanza.org\/\">Fondazione Citt\u00e0 Della Speranza<\/a>, ONLUS estremamente attiva nel campo della ricerca sulle neoplasie infantili e sull&#8217;assistenza di chi resta vicino nei momenti pi\u00f9 difficili agli infanti meno fortunati, e responsabile della costruzione della &quot;Torre di Ricerca&quot;, erigendo polo europeo focalizzato sul riconoscimento e sulla sconfitta di tutte le malattie che colpiscono i bambini: le sue fondamenta sono concluse e la struttura cresce gi\u00e0 oltre il livello del terreno, permettendo di mantenere le tempistiche che parlano di consegna ultimata a met\u00e0 del 2011.<\/p>\n<p>I due libri nati dai vincitori del concorso &quot;<a href=\"\/frasi\/pensieriparole-staff\/come-un-granello-di-sabbia-aforismi\/\">Come un granello di sabbia<\/a>&quot;, sono gi\u00e0 disponibili sul nostro shop online che, vi ricordiamo, non ha costi di spedizione!<\/p>\n","protected":false},"excerpt":{"rendered":"<p>Il concorso &quot;Come un granello di sabbia&quot;, indetto lo scorso anno e che finalmente vede i suoi frutti con la pubblicazione dei tre libri a Impatto Zero\u00ae, era costruito per avere due vincitori, uno per la sezione Aforismi e uno per quella Poesie. Dopo una plebiscitaria votazione degli utenti del sito PensieriParole.it alle opere in [&hellip;]<\/p>\n","protected":false},"author":4,"featured_media":0,"comment_status":"open","ping_status":"open","sticky":false,"template":"","format":"standard","meta":{"tdm_status":"","tdm_grid_status":""},"categories":[3],"tags":[],"yoast_head":"<!-- This site is optimized with the Yoast SEO plugin v19.11 - https:\/\/yoast.com\/wordpress\/plugins\/seo\/ -->\n<title>Pubblicati i libri dei vincitori: Giorgio De Luca e Alberto Jess - PensieriParole magazine<\/title>\n<meta name=\"robots\" content=\"index, follow, max-snippet:-1, max-image-preview:large, max-video-preview:-1\" \/>\n<link rel=\"canonical\" href=\"https:\/\/www.pensieriparole.it\/magazine\/201007363\/pubblicati-i-libri-dei-vincitori-giorgio-de-luca-e-alberto-jess\" \/>\n<meta property=\"og:locale\" content=\"it_IT\" \/>\n<meta property=\"og:type\" content=\"article\" \/>\n<meta property=\"og:title\" content=\"Pubblicati i libri dei vincitori: Giorgio De Luca e Alberto Jess - PensieriParole magazine\" \/>\n<meta property=\"og:description\" content=\"Il concorso &quot;Come un granello di sabbia&quot;, indetto lo scorso anno e che finalmente vede i suoi frutti con la pubblicazione dei tre libri a Impatto Zero\u00ae, era costruito per avere due vincitori, uno per la sezione Aforismi e uno per quella Poesie. Dopo una plebiscitaria votazione degli utenti del sito PensieriParole.it alle opere in [&hellip;]\" \/>\n<meta property=\"og:url\" content=\"https:\/\/www.pensieriparole.it\/magazine\/201007363\/pubblicati-i-libri-dei-vincitori-giorgio-de-luca-e-alberto-jess\" \/>\n<meta property=\"og:site_name\" content=\"PensieriParole magazine\" \/>\n<meta property=\"article:publisher\" content=\"https:\/\/www.facebook.com\/PensieriParole\" \/>\n<meta property=\"article:published_time\" content=\"2010-07-17T16:10:17+00:00\" \/>\n<meta property=\"og:image\" content=\"http:\/\/static.leparole.info\/pp\/images\/news\/libri-vincitori-cugs.jpg\" \/>\n<meta name=\"author\" content=\"Staff PensieriParole\" \/>\n<meta name=\"twitter:card\" content=\"summary_large_image\" \/>\n<meta name=\"twitter:creator\" content=\"@pensieriparole\" \/>\n<meta name=\"twitter:site\" content=\"@pensieriparole\" \/>\n<meta name=\"twitter:label1\" content=\"Scritto da\" \/>\n\t<meta name=\"twitter:data1\" content=\"Staff PensieriParole\" \/>\n\t<meta name=\"twitter:label2\" content=\"Tempo di lettura stimato\" \/>\n\t<meta name=\"twitter:data2\" content=\"2 minuti\" \/>\n<script type=\"application\/ld+json\" class=\"yoast-schema-graph\">{\"@context\":\"https:\/\/schema.org\",\"@graph\":[{\"@type\":\"WebPage\",\"@id\":\"https:\/\/www.pensieriparole.it\/magazine\/201007363\/pubblicati-i-libri-dei-vincitori-giorgio-de-luca-e-alberto-jess\",\"url\":\"https:\/\/www.pensieriparole.it\/magazine\/201007363\/pubblicati-i-libri-dei-vincitori-giorgio-de-luca-e-alberto-jess\",\"name\":\"Pubblicati i libri dei vincitori: Giorgio De Luca e Alberto Jess - PensieriParole magazine\",\"isPartOf\":{\"@id\":\"https:\/\/www.pensieriparole.it\/magazine\/#website\"},\"datePublished\":\"2010-07-17T16:10:17+00:00\",\"dateModified\":\"2010-07-17T16:10:17+00:00\",\"author\":{\"@id\":\"https:\/\/www.pensieriparole.it\/magazine\/#\/schema\/person\/a92bf1826ef40cc0f09cdc4f3142df55\"},\"breadcrumb\":{\"@id\":\"https:\/\/www.pensieriparole.it\/magazine\/201007363\/pubblicati-i-libri-dei-vincitori-giorgio-de-luca-e-alberto-jess#breadcrumb\"},\"inLanguage\":\"it-IT\",\"potentialAction\":[{\"@type\":\"ReadAction\",\"target\":[\"https:\/\/www.pensieriparole.it\/magazine\/201007363\/pubblicati-i-libri-dei-vincitori-giorgio-de-luca-e-alberto-jess\"]}]},{\"@type\":\"BreadcrumbList\",\"@id\":\"https:\/\/www.pensieriparole.it\/magazine\/201007363\/pubblicati-i-libri-dei-vincitori-giorgio-de-luca-e-alberto-jess#breadcrumb\",\"itemListElement\":[{\"@type\":\"ListItem\",\"position\":1,\"name\":\"Home\",\"item\":\"https:\/\/www.pensieriparole.it\/magazine\/\"},{\"@type\":\"ListItem\",\"position\":2,\"name\":\"Pubblicati i libri dei vincitori: Giorgio De Luca e Alberto Jess\"}]},{\"@type\":\"WebSite\",\"@id\":\"https:\/\/www.pensieriparole.it\/magazine\/#website\",\"url\":\"https:\/\/www.pensieriparole.it\/magazine\/\",\"name\":\"PensieriParole magazine\",\"description\":\"news &amp; curiosit\u00e0 dal mondo\",\"potentialAction\":[{\"@type\":\"SearchAction\",\"target\":{\"@type\":\"EntryPoint\",\"urlTemplate\":\"https:\/\/www.pensieriparole.it\/magazine\/?s={search_term_string}\"},\"query-input\":\"required name=search_term_string\"}],\"inLanguage\":\"it-IT\"},{\"@type\":\"Person\",\"@id\":\"https:\/\/www.pensieriparole.it\/magazine\/#\/schema\/person\/a92bf1826ef40cc0f09cdc4f3142df55\",\"name\":\"Staff PensieriParole\",\"sameAs\":[\"https:\/\/www.pensieriparole.it\/\"],\"url\":\"https:\/\/www.pensieriparole.it\/magazine\/author\/ppstaff\"}]}<\/script>\n<!-- \/ Yoast SEO plugin. -->","yoast_head_json":{"title":"Pubblicati i libri dei vincitori: Giorgio De Luca e Alberto Jess - PensieriParole magazine","robots":{"index":"index","follow":"follow","max-snippet":"max-snippet:-1","max-image-preview":"max-image-preview:large","max-video-preview":"max-video-preview:-1"},"canonical":"https:\/\/www.pensieriparole.it\/magazine\/201007363\/pubblicati-i-libri-dei-vincitori-giorgio-de-luca-e-alberto-jess","og_locale":"it_IT","og_type":"article","og_title":"Pubblicati i libri dei vincitori: Giorgio De Luca e Alberto Jess - PensieriParole magazine","og_description":"Il concorso &quot;Come un granello di sabbia&quot;, indetto lo scorso anno e che finalmente vede i suoi frutti con la pubblicazione dei tre libri a Impatto Zero\u00ae, era costruito per avere due vincitori, uno per la sezione Aforismi e uno per quella Poesie. Dopo una plebiscitaria votazione degli utenti del sito PensieriParole.it alle opere in [&hellip;]","og_url":"https:\/\/www.pensieriparole.it\/magazine\/201007363\/pubblicati-i-libri-dei-vincitori-giorgio-de-luca-e-alberto-jess","og_site_name":"PensieriParole magazine","article_publisher":"https:\/\/www.facebook.com\/PensieriParole","article_published_time":"2010-07-17T16:10:17+00:00","og_image":[{"url":"http:\/\/static.leparole.info\/pp\/images\/news\/libri-vincitori-cugs.jpg"}],"author":"Staff PensieriParole","twitter_card":"summary_large_image","twitter_creator":"@pensieriparole","twitter_site":"@pensieriparole","twitter_misc":{"Scritto da":"Staff PensieriParole","Tempo di lettura stimato":"2 minuti"},"schema":{"@context":"https:\/\/schema.org","@graph":[{"@type":"WebPage","@id":"https:\/\/www.pensieriparole.it\/magazine\/201007363\/pubblicati-i-libri-dei-vincitori-giorgio-de-luca-e-alberto-jess","url":"https:\/\/www.pensieriparole.it\/magazine\/201007363\/pubblicati-i-libri-dei-vincitori-giorgio-de-luca-e-alberto-jess","name":"Pubblicati i libri dei vincitori: Giorgio De Luca e Alberto Jess - PensieriParole magazine","isPartOf":{"@id":"https:\/\/www.pensieriparole.it\/magazine\/#website"},"datePublished":"2010-07-17T16:10:17+00:00","dateModified":"2010-07-17T16:10:17+00:00","author":{"@id":"https:\/\/www.pensieriparole.it\/magazine\/#\/schema\/person\/a92bf1826ef40cc0f09cdc4f3142df55"},"breadcrumb":{"@id":"https:\/\/www.pensieriparole.it\/magazine\/201007363\/pubblicati-i-libri-dei-vincitori-giorgio-de-luca-e-alberto-jess#breadcrumb"},"inLanguage":"it-IT","potentialAction":[{"@type":"ReadAction","target":["https:\/\/www.pensieriparole.it\/magazine\/201007363\/pubblicati-i-libri-dei-vincitori-giorgio-de-luca-e-alberto-jess"]}]},{"@type":"BreadcrumbList","@id":"https:\/\/www.pensieriparole.it\/magazine\/201007363\/pubblicati-i-libri-dei-vincitori-giorgio-de-luca-e-alberto-jess#breadcrumb","itemListElement":[{"@type":"ListItem","position":1,"name":"Home","item":"https:\/\/www.pensieriparole.it\/magazine\/"},{"@type":"ListItem","position":2,"name":"Pubblicati i libri dei vincitori: Giorgio De Luca e Alberto Jess"}]},{"@type":"WebSite","@id":"https:\/\/www.pensieriparole.it\/magazine\/#website","url":"https:\/\/www.pensieriparole.it\/magazine\/","name":"PensieriParole magazine","description":"news &amp; curiosit\u00e0 dal mondo","potentialAction":[{"@type":"SearchAction","target":{"@type":"EntryPoint","urlTemplate":"https:\/\/www.pensieriparole.it\/magazine\/?s={search_term_string}"},"query-input":"required name=search_term_string"}],"inLanguage":"it-IT"},{"@type":"Person","@id":"https:\/\/www.pensieriparole.it\/magazine\/#\/schema\/person\/a92bf1826ef40cc0f09cdc4f3142df55","name":"Staff PensieriParole","sameAs":["https:\/\/www.pensieriparole.it\/"],"url":"https:\/\/www.pensieriparole.it\/magazine\/author\/ppstaff"}]}},"_links":{"self":[{"href":"https:\/\/www.pensieriparole.it\/magazine\/wp-json\/wp\/v2\/posts\/363"}],"collection":[{"href":"https:\/\/www.pensieriparole.it\/magazine\/wp-json\/wp\/v2\/posts"}],"about":[{"href":"https:\/\/www.pensieriparole.it\/magazine\/wp-json\/wp\/v2\/types\/post"}],"author":[{"embeddable":true,"href":"https:\/\/www.pensieriparole.it\/magazine\/wp-json\/wp\/v2\/users\/4"}],"replies":[{"embeddable":true,"href":"https:\/\/www.pensieriparole.it\/magazine\/wp-json\/wp\/v2\/comments?post=363"}],"version-history":[{"count":0,"href":"https:\/\/www.pensieriparole.it\/magazine\/wp-json\/wp\/v2\/posts\/363\/revisions"}],"wp:attachment":[{"href":"https:\/\/www.pensieriparole.it\/magazine\/wp-json\/wp\/v2\/media?parent=363"}],"wp:term":[{"taxonomy":"category","embeddable":true,"href":"https:\/\/www.pensieriparole.it\/magazine\/wp-json\/wp\/v2\/categories?post=363"},{"taxonomy":"post_tag","embeddable":true,"href":"https:\/\/www.pensieriparole.it\/magazine\/wp-json\/wp\/v2\/tags?post=363"}],"curies":[{"name":"wp","href":"https:\/\/api.w.org\/{rel}","templated":true}]}}