{"id":362,"date":"2010-07-14T20:22:44","date_gmt":"2010-07-14T18:22:44","guid":{"rendered":"http:\/\/www.pensieriparole.it\/magazinegg\/201007362\/basta-il-nuovo-libro-di-silvana-stremiz"},"modified":"2010-07-14T20:22:44","modified_gmt":"2010-07-14T18:22:44","slug":"basta-il-nuovo-libro-di-silvana-stremiz","status":"publish","type":"post","link":"https:\/\/www.pensieriparole.it\/magazine\/201007362\/basta-il-nuovo-libro-di-silvana-stremiz","title":{"rendered":"&#8220;Basta!&#8221; il nuovo libro di Silvana Stremiz"},"content":{"rendered":"<div id=\"fb-root\"><\/div>\n<div class=\"center\"><img decoding=\"async\" src=\"http:\/\/static.leparole.info\/pp\/images\/news\/fotobasta.jpg\" title=\"Basta! Un urlo che squarcia il silenzio\" alt=\"Basta! Un urlo che squarcia il silenzio\"><\/div>\n<p>&quot;<a href=\"\/frasi\/silvana-stremiz\/basta-un-urlo-che-squarcia-il-silenzio\/\">Basta!<\/a>&quot;. Questo \u00e8 l&#8217;urlo che &quot;squarcia il silenzio&quot; nella visione di una delle artiste che \u00e8 cesciuta in PensieriParole, da quando il sito web \u00e8 stato creato nel 2002: Silvana Stremiz.<\/p>\n<p>Siamo orgogliosi di essere l&#8217;editore di un&#8217;autrice cos\u00ec di successo, che ha &#8211; in quest&#8217;ultima fatica &#8211; impresso su carta un grido quasi disperato contro ogni tipo di violenza e abuso, contro ogni imposizione che non rispetti la dignit\u00e0 di ognuno di noi. Quel grido dedicato ai bambini cui viene strappata l\u0092innocenza con atrocit\u00e0, a quei bambini che altro non dovrebbero fare che gridare &quot;basta!&quot;.<br \/>\n<br \/>Non un lamento, ma un abbraccio forte e sincero verso coloro che non hanno pi\u00f9 la forza di sorridere o di combattere, un invito a lottare e ad amare la vita, anche quando sembra che la vita non ci ami.<br \/>\n<br \/>E, come dice la nostra Silvana: &quot;perch\u00e9 dopo ogni tempesta, torna a splendere il sole&quot;.<\/p>\n<p>Barbara Brussa, altra nostra autrice, ha composto per &quot;Basta!&quot; la prefazione. Il miglior modo per presentare questo libro, \u00e8 proprio riportare il suo incipit:<\/p>\n<p>\u00c8 fuoco e gelo, questa sesta opera di Silvana Stremiz: il fuoco della ribellione contro le umane ingiustizie; il gelo che pervade il cuore di chi le subisce.<br \/>\n<br \/>Come un pugno in pieno stomaco, questo libro scuote le coscienze e apre il sipario su un mondo dominato dagli orrori.<br \/>\n<br \/>Basta! Gi\u00e0 il titolo fa presagire qualcosa di agghiacciante e, mentre ci si addentra nel vivo di quest\u0092opera, ci si sente strangolare dalla mano crudele della Violenza.<br \/>\n<br \/>Storie di \u0093ordinaria\u0094 follia che precipitano in un terribile e assordante silenzio.<br \/>\n<br \/>Il silenzio di quelle anime violate, che non hanno pi\u00f9 voce per urlare il proprio dolore.<\/p>\n<p>Il tomo \u00e8 gi\u00e0 acquistabile nel nostro <a href=\"http:\/\/shop.pensieriparole.it\/\">Shop Online<\/a>, nel quale &#8211; vi ricordiamo &#8211; che la spedizione \u00e8 gratuita.<\/p>\n","protected":false},"excerpt":{"rendered":"<p>&quot;Basta!&quot;. Questo \u00e8 l&#8217;urlo che &quot;squarcia il silenzio&quot; nella visione di una delle artiste che \u00e8 cesciuta in PensieriParole, da quando il sito web \u00e8 stato creato nel 2002: Silvana Stremiz. Siamo orgogliosi di essere l&#8217;editore di un&#8217;autrice cos\u00ec di successo, che ha &#8211; in quest&#8217;ultima fatica &#8211; impresso su carta un grido quasi disperato [&hellip;]<\/p>\n","protected":false},"author":4,"featured_media":0,"comment_status":"open","ping_status":"open","sticky":false,"template":"","format":"standard","meta":{"tdm_status":"","tdm_grid_status":""},"categories":[3],"tags":[],"yoast_head":"<!-- This site is optimized with the Yoast SEO plugin v19.11 - https:\/\/yoast.com\/wordpress\/plugins\/seo\/ -->\n<title>&quot;Basta!&quot; il nuovo libro di Silvana Stremiz - PensieriParole magazine<\/title>\n<meta name=\"robots\" content=\"index, follow, max-snippet:-1, max-image-preview:large, max-video-preview:-1\" \/>\n<link rel=\"canonical\" href=\"https:\/\/www.pensieriparole.it\/magazine\/201007362\/basta-il-nuovo-libro-di-silvana-stremiz\" \/>\n<meta property=\"og:locale\" content=\"it_IT\" \/>\n<meta property=\"og:type\" content=\"article\" \/>\n<meta property=\"og:title\" content=\"&quot;Basta!&quot; il nuovo libro di Silvana Stremiz - PensieriParole magazine\" \/>\n<meta property=\"og:description\" content=\"&quot;Basta!&quot;. Questo \u00e8 l&#8217;urlo che &quot;squarcia il silenzio&quot; nella visione di una delle artiste che \u00e8 cesciuta in PensieriParole, da quando il sito web \u00e8 stato creato nel 2002: Silvana Stremiz. Siamo orgogliosi di essere l&#8217;editore di un&#8217;autrice cos\u00ec di successo, che ha &#8211; in quest&#8217;ultima fatica &#8211; impresso su carta un grido quasi disperato [&hellip;]\" \/>\n<meta property=\"og:url\" content=\"https:\/\/www.pensieriparole.it\/magazine\/201007362\/basta-il-nuovo-libro-di-silvana-stremiz\" \/>\n<meta property=\"og:site_name\" content=\"PensieriParole magazine\" \/>\n<meta property=\"article:publisher\" content=\"https:\/\/www.facebook.com\/PensieriParole\" \/>\n<meta property=\"article:published_time\" content=\"2010-07-14T18:22:44+00:00\" \/>\n<meta property=\"og:image\" content=\"http:\/\/static.leparole.info\/pp\/images\/news\/fotobasta.jpg\" \/>\n<meta name=\"author\" content=\"Staff PensieriParole\" \/>\n<meta name=\"twitter:card\" content=\"summary_large_image\" \/>\n<meta name=\"twitter:creator\" content=\"@pensieriparole\" \/>\n<meta name=\"twitter:site\" content=\"@pensieriparole\" \/>\n<meta name=\"twitter:label1\" content=\"Scritto da\" \/>\n\t<meta name=\"twitter:data1\" content=\"Staff PensieriParole\" \/>\n\t<meta name=\"twitter:label2\" content=\"Tempo di lettura stimato\" \/>\n\t<meta name=\"twitter:data2\" content=\"2 minuti\" \/>\n<script type=\"application\/ld+json\" class=\"yoast-schema-graph\">{\"@context\":\"https:\/\/schema.org\",\"@graph\":[{\"@type\":\"WebPage\",\"@id\":\"https:\/\/www.pensieriparole.it\/magazine\/201007362\/basta-il-nuovo-libro-di-silvana-stremiz\",\"url\":\"https:\/\/www.pensieriparole.it\/magazine\/201007362\/basta-il-nuovo-libro-di-silvana-stremiz\",\"name\":\"\\\"Basta!\\\" il nuovo libro di Silvana Stremiz - PensieriParole magazine\",\"isPartOf\":{\"@id\":\"https:\/\/www.pensieriparole.it\/magazine\/#website\"},\"datePublished\":\"2010-07-14T18:22:44+00:00\",\"dateModified\":\"2010-07-14T18:22:44+00:00\",\"author\":{\"@id\":\"https:\/\/www.pensieriparole.it\/magazine\/#\/schema\/person\/a92bf1826ef40cc0f09cdc4f3142df55\"},\"breadcrumb\":{\"@id\":\"https:\/\/www.pensieriparole.it\/magazine\/201007362\/basta-il-nuovo-libro-di-silvana-stremiz#breadcrumb\"},\"inLanguage\":\"it-IT\",\"potentialAction\":[{\"@type\":\"ReadAction\",\"target\":[\"https:\/\/www.pensieriparole.it\/magazine\/201007362\/basta-il-nuovo-libro-di-silvana-stremiz\"]}]},{\"@type\":\"BreadcrumbList\",\"@id\":\"https:\/\/www.pensieriparole.it\/magazine\/201007362\/basta-il-nuovo-libro-di-silvana-stremiz#breadcrumb\",\"itemListElement\":[{\"@type\":\"ListItem\",\"position\":1,\"name\":\"Home\",\"item\":\"https:\/\/www.pensieriparole.it\/magazine\/\"},{\"@type\":\"ListItem\",\"position\":2,\"name\":\"&#8220;Basta!&#8221; il nuovo libro di Silvana Stremiz\"}]},{\"@type\":\"WebSite\",\"@id\":\"https:\/\/www.pensieriparole.it\/magazine\/#website\",\"url\":\"https:\/\/www.pensieriparole.it\/magazine\/\",\"name\":\"PensieriParole magazine\",\"description\":\"news &amp; curiosit\u00e0 dal mondo\",\"potentialAction\":[{\"@type\":\"SearchAction\",\"target\":{\"@type\":\"EntryPoint\",\"urlTemplate\":\"https:\/\/www.pensieriparole.it\/magazine\/?s={search_term_string}\"},\"query-input\":\"required name=search_term_string\"}],\"inLanguage\":\"it-IT\"},{\"@type\":\"Person\",\"@id\":\"https:\/\/www.pensieriparole.it\/magazine\/#\/schema\/person\/a92bf1826ef40cc0f09cdc4f3142df55\",\"name\":\"Staff PensieriParole\",\"sameAs\":[\"https:\/\/www.pensieriparole.it\/\"],\"url\":\"https:\/\/www.pensieriparole.it\/magazine\/author\/ppstaff\"}]}<\/script>\n<!-- \/ Yoast SEO plugin. -->","yoast_head_json":{"title":"\"Basta!\" il nuovo libro di Silvana Stremiz - PensieriParole magazine","robots":{"index":"index","follow":"follow","max-snippet":"max-snippet:-1","max-image-preview":"max-image-preview:large","max-video-preview":"max-video-preview:-1"},"canonical":"https:\/\/www.pensieriparole.it\/magazine\/201007362\/basta-il-nuovo-libro-di-silvana-stremiz","og_locale":"it_IT","og_type":"article","og_title":"\"Basta!\" il nuovo libro di Silvana Stremiz - PensieriParole magazine","og_description":"&quot;Basta!&quot;. Questo \u00e8 l&#8217;urlo che &quot;squarcia il silenzio&quot; nella visione di una delle artiste che \u00e8 cesciuta in PensieriParole, da quando il sito web \u00e8 stato creato nel 2002: Silvana Stremiz. Siamo orgogliosi di essere l&#8217;editore di un&#8217;autrice cos\u00ec di successo, che ha &#8211; in quest&#8217;ultima fatica &#8211; impresso su carta un grido quasi disperato [&hellip;]","og_url":"https:\/\/www.pensieriparole.it\/magazine\/201007362\/basta-il-nuovo-libro-di-silvana-stremiz","og_site_name":"PensieriParole magazine","article_publisher":"https:\/\/www.facebook.com\/PensieriParole","article_published_time":"2010-07-14T18:22:44+00:00","og_image":[{"url":"http:\/\/static.leparole.info\/pp\/images\/news\/fotobasta.jpg"}],"author":"Staff PensieriParole","twitter_card":"summary_large_image","twitter_creator":"@pensieriparole","twitter_site":"@pensieriparole","twitter_misc":{"Scritto da":"Staff PensieriParole","Tempo di lettura stimato":"2 minuti"},"schema":{"@context":"https:\/\/schema.org","@graph":[{"@type":"WebPage","@id":"https:\/\/www.pensieriparole.it\/magazine\/201007362\/basta-il-nuovo-libro-di-silvana-stremiz","url":"https:\/\/www.pensieriparole.it\/magazine\/201007362\/basta-il-nuovo-libro-di-silvana-stremiz","name":"\"Basta!\" il nuovo libro di Silvana Stremiz - PensieriParole magazine","isPartOf":{"@id":"https:\/\/www.pensieriparole.it\/magazine\/#website"},"datePublished":"2010-07-14T18:22:44+00:00","dateModified":"2010-07-14T18:22:44+00:00","author":{"@id":"https:\/\/www.pensieriparole.it\/magazine\/#\/schema\/person\/a92bf1826ef40cc0f09cdc4f3142df55"},"breadcrumb":{"@id":"https:\/\/www.pensieriparole.it\/magazine\/201007362\/basta-il-nuovo-libro-di-silvana-stremiz#breadcrumb"},"inLanguage":"it-IT","potentialAction":[{"@type":"ReadAction","target":["https:\/\/www.pensieriparole.it\/magazine\/201007362\/basta-il-nuovo-libro-di-silvana-stremiz"]}]},{"@type":"BreadcrumbList","@id":"https:\/\/www.pensieriparole.it\/magazine\/201007362\/basta-il-nuovo-libro-di-silvana-stremiz#breadcrumb","itemListElement":[{"@type":"ListItem","position":1,"name":"Home","item":"https:\/\/www.pensieriparole.it\/magazine\/"},{"@type":"ListItem","position":2,"name":"&#8220;Basta!&#8221; il nuovo libro di Silvana Stremiz"}]},{"@type":"WebSite","@id":"https:\/\/www.pensieriparole.it\/magazine\/#website","url":"https:\/\/www.pensieriparole.it\/magazine\/","name":"PensieriParole magazine","description":"news &amp; curiosit\u00e0 dal mondo","potentialAction":[{"@type":"SearchAction","target":{"@type":"EntryPoint","urlTemplate":"https:\/\/www.pensieriparole.it\/magazine\/?s={search_term_string}"},"query-input":"required name=search_term_string"}],"inLanguage":"it-IT"},{"@type":"Person","@id":"https:\/\/www.pensieriparole.it\/magazine\/#\/schema\/person\/a92bf1826ef40cc0f09cdc4f3142df55","name":"Staff PensieriParole","sameAs":["https:\/\/www.pensieriparole.it\/"],"url":"https:\/\/www.pensieriparole.it\/magazine\/author\/ppstaff"}]}},"_links":{"self":[{"href":"https:\/\/www.pensieriparole.it\/magazine\/wp-json\/wp\/v2\/posts\/362"}],"collection":[{"href":"https:\/\/www.pensieriparole.it\/magazine\/wp-json\/wp\/v2\/posts"}],"about":[{"href":"https:\/\/www.pensieriparole.it\/magazine\/wp-json\/wp\/v2\/types\/post"}],"author":[{"embeddable":true,"href":"https:\/\/www.pensieriparole.it\/magazine\/wp-json\/wp\/v2\/users\/4"}],"replies":[{"embeddable":true,"href":"https:\/\/www.pensieriparole.it\/magazine\/wp-json\/wp\/v2\/comments?post=362"}],"version-history":[{"count":0,"href":"https:\/\/www.pensieriparole.it\/magazine\/wp-json\/wp\/v2\/posts\/362\/revisions"}],"wp:attachment":[{"href":"https:\/\/www.pensieriparole.it\/magazine\/wp-json\/wp\/v2\/media?parent=362"}],"wp:term":[{"taxonomy":"category","embeddable":true,"href":"https:\/\/www.pensieriparole.it\/magazine\/wp-json\/wp\/v2\/categories?post=362"},{"taxonomy":"post_tag","embeddable":true,"href":"https:\/\/www.pensieriparole.it\/magazine\/wp-json\/wp\/v2\/tags?post=362"}],"curies":[{"name":"wp","href":"https:\/\/api.w.org\/{rel}","templated":true}]}}