{"id":2908,"date":"2015-05-26T12:59:50","date_gmt":"2015-05-26T10:59:50","guid":{"rendered":"http:\/\/www.pensieriparole.it\/magazine\/?p=2908"},"modified":"2015-05-26T12:59:50","modified_gmt":"2015-05-26T10:59:50","slug":"le-10-maratone-piu-belle-e-imperdibili-del-mondo","status":"publish","type":"post","link":"https:\/\/www.pensieriparole.it\/magazine\/2015052908\/le-10-maratone-piu-belle-e-imperdibili-del-mondo","title":{"rendered":"Le 10 maratone pi\u00f9 belle (e imperdibili) del mondo"},"content":{"rendered":"<div id=\"fb-root\"><\/div>\n<p>Dalla maratona sulla Grande Muraglia (la\u00a0<strong>Great Wall Marathon<\/strong>) alla\u00a0<strong>Red Rock Canyon Marathon<\/strong> (sul Grand Canyon), fino ad arrivare al freddo della Groelandia nella\u00a0<strong>Polar Circle Marathon<\/strong>; queste maratone sono un viaggio nel viaggio, da vivere almeno una volta nella vita, sia che si partecipi per gloria o divertimento.<\/p>\n<blockquote><p><em>\u201cLa maratona \u00e8 una corsa che affascina tanti podisti perch\u00e9 rappresenta una sorta di sfida con i propri limiti. Ci sono corse anche pi\u00f9 lunghe che mettono a dura prova il proprio corpo e la mente, per\u00f2 la maratona \u00e8 anche storia\u201d<\/em><\/p><\/blockquote>\n<p>In questa galleria sono riunite <strong>le 10 maratone pi\u00f9 belle\u00a0del mondo<\/strong>; un appuntamento davvero imperdibile\u00a0per chi \u00e8 in cerca di scenari affascinanti e incredibili.<\/p>\n<p>Preparate le valige?<\/p>\n<h3>Great Wall Marathon &#8211;\u00a0La Maratona della Grande Muraglia Cinese<\/h3>\n\r\n                <style type=\"text\/css\">\r\n                    \r\n                    #tdi_1  .td-doubleSlider-2 .td-item1 {\r\n                        background: url(https:\/\/www.pensieriparole.it\/magazine\/wp-content\/uploads\/2015\/05\/Great-Wall-Marathon_Cina2-80x60.jpg) 0 0 no-repeat;\r\n                    }\r\n                    #tdi_1  .td-doubleSlider-2 .td-item2 {\r\n                        background: url(https:\/\/www.pensieriparole.it\/magazine\/wp-content\/uploads\/2015\/05\/Great-Wall-Marathon_Cina3-80x60.jpg) 0 0 no-repeat;\r\n                    }\r\n                    #tdi_1  .td-doubleSlider-2 .td-item3 {\r\n                        background: url(https:\/\/www.pensieriparole.it\/magazine\/wp-content\/uploads\/2015\/05\/Great-Wall-Marathon_Cina-80x60.jpg) 0 0 no-repeat;\r\n                    }\r\n                <\/style>\r\n\r\n                <div id=\"tdi_1\" class=\"td-gallery td-slide-on-2-columns\">\r\n                    <div class=\"post_td_gallery\">\r\n                        <div class=\"td-gallery-slide-top\">\r\n                           <div class=\"td-gallery-title\"><\/div>\r\n\r\n                            <div class=\"td-gallery-controls-wrapper\">\r\n                                <div class=\"td-gallery-slide-count\"><span class=\"td-gallery-slide-item-focus\">1<\/span> of 3<\/div>\r\n                                <div class=\"td-gallery-slide-prev-next-but\">\r\n                                    <i class = \"td-icon-left doubleSliderPrevButton\"><\/i>\r\n                                    <i class = \"td-icon-right doubleSliderNextButton\"><\/i>\r\n                                <\/div>\r\n                            <\/div>\r\n                        <\/div>\r\n\r\n                        <div class = \"td-doubleSlider-1 \">\r\n                            <div class = \"td-slider\">\r\n                                \r\n                    <div class = \"td-slide-item td-item1\">\r\n                        <figure class=\"td-slide-galery-figure td-slide-popup-gallery\">\r\n                            <a class=\"slide-gallery-image-link\" href=\"https:\/\/www.pensieriparole.it\/magazine\/wp-content\/uploads\/2015\/05\/Great-Wall-Marathon_Cina2.jpg\" title=\"Great Wall Marathon_Cina2\"  data-caption=\"\"  data-description=\"\">\r\n                                <img src=\"https:\/\/www.pensieriparole.it\/magazine\/wp-content\/uploads\/2015\/05\/Great-Wall-Marathon_Cina2-635x420.jpg\" srcset=\"https:\/\/www.pensieriparole.it\/magazine\/wp-content\/uploads\/2015\/05\/Great-Wall-Marathon_Cina2-635x420.jpg 635w, https:\/\/www.pensieriparole.it\/magazine\/wp-content\/uploads\/2015\/05\/Great-Wall-Marathon_Cina2-300x198.jpg 300w, https:\/\/www.pensieriparole.it\/magazine\/wp-content\/uploads\/2015\/05\/Great-Wall-Marathon_Cina2-640x423.jpg 640w, https:\/\/www.pensieriparole.it\/magazine\/wp-content\/uploads\/2015\/05\/Great-Wall-Marathon_Cina2-681x451.jpg 681w, https:\/\/www.pensieriparole.it\/magazine\/wp-content\/uploads\/2015\/05\/Great-Wall-Marathon_Cina2.jpg 990w\" sizes=\"(max-width: 635px) 100vw, 635px\" alt=\"\">\r\n                            <\/a>\r\n                            \r\n                        <\/figure>\r\n                    <\/div>\r\n                    <div class = \"td-slide-item td-item2\">\r\n                        <figure class=\"td-slide-galery-figure td-slide-popup-gallery\">\r\n                            <a class=\"slide-gallery-image-link\" href=\"https:\/\/www.pensieriparole.it\/magazine\/wp-content\/uploads\/2015\/05\/Great-Wall-Marathon_Cina3.jpg\" title=\"Great Wall Marathon_Cina3\"  data-caption=\"\"  data-description=\"\">\r\n                                <img src=\"https:\/\/www.pensieriparole.it\/magazine\/wp-content\/uploads\/2015\/05\/Great-Wall-Marathon_Cina3-631x420.jpg\" srcset=\"https:\/\/www.pensieriparole.it\/magazine\/wp-content\/uploads\/2015\/05\/Great-Wall-Marathon_Cina3-631x420.jpg 631w, https:\/\/www.pensieriparole.it\/magazine\/wp-content\/uploads\/2015\/05\/Great-Wall-Marathon_Cina3-300x200.jpg 300w, https:\/\/www.pensieriparole.it\/magazine\/wp-content\/uploads\/2015\/05\/Great-Wall-Marathon_Cina3-640x426.jpg 640w, https:\/\/www.pensieriparole.it\/magazine\/wp-content\/uploads\/2015\/05\/Great-Wall-Marathon_Cina3-681x453.jpg 681w, https:\/\/www.pensieriparole.it\/magazine\/wp-content\/uploads\/2015\/05\/Great-Wall-Marathon_Cina3.jpg 990w\" sizes=\"(max-width: 631px) 100vw, 631px\" alt=\"\">\r\n                            <\/a>\r\n                            \r\n                        <\/figure>\r\n                    <\/div>\r\n                    <div class = \"td-slide-item td-item3\">\r\n                        <figure class=\"td-slide-galery-figure td-slide-popup-gallery\">\r\n                            <a class=\"slide-gallery-image-link\" href=\"https:\/\/www.pensieriparole.it\/magazine\/wp-content\/uploads\/2015\/05\/Great-Wall-Marathon_Cina.jpg\" title=\"Great Wall Marathon_Cina\"  data-caption=\"\"  data-description=\"\">\r\n                                <img src=\"https:\/\/www.pensieriparole.it\/magazine\/wp-content\/uploads\/2015\/05\/Great-Wall-Marathon_Cina-631x420.jpg\" srcset=\"https:\/\/www.pensieriparole.it\/magazine\/wp-content\/uploads\/2015\/05\/Great-Wall-Marathon_Cina-631x420.jpg 631w, https:\/\/www.pensieriparole.it\/magazine\/wp-content\/uploads\/2015\/05\/Great-Wall-Marathon_Cina-300x200.jpg 300w, https:\/\/www.pensieriparole.it\/magazine\/wp-content\/uploads\/2015\/05\/Great-Wall-Marathon_Cina-640x426.jpg 640w, https:\/\/www.pensieriparole.it\/magazine\/wp-content\/uploads\/2015\/05\/Great-Wall-Marathon_Cina-681x453.jpg 681w, https:\/\/www.pensieriparole.it\/magazine\/wp-content\/uploads\/2015\/05\/Great-Wall-Marathon_Cina.jpg 990w\" sizes=\"(max-width: 631px) 100vw, 631px\" alt=\"\">\r\n                            <\/a>\r\n                            \r\n                        <\/figure>\r\n                    <\/div>\r\n                            <\/div>\r\n                        <\/div>\r\n\r\n                        <div class = \"td-doubleSlider-2\">\r\n                            <div class = \"td-slider\">\r\n                                \r\n                    <div class = \"td-button td-item1\">\r\n                        <div class = \"td-border\"><\/div>\r\n                    <\/div>\r\n                    <div class = \"td-button td-item2\">\r\n                        <div class = \"td-border\"><\/div>\r\n                    <\/div>\r\n                    <div class = \"td-button td-item3\">\r\n                        <div class = \"td-border\"><\/div>\r\n                    <\/div>\r\n                            <\/div>\r\n                        <\/div>\r\n\r\n                    <\/div>\r\n\r\n                <\/div>\r\n                \n<p>La<strong> Great Wall Marathon<\/strong> si svolge in Cina, nei pittoreschi dintorni rurali di<strong> Huangyaguan<\/strong>, nella provincia di Tianjin. <strong>Nata nel 1999<\/strong> questa gara \u00e8 molto di pi\u00f9 di una semplice corsa con ripide salite e discese, per non parlare di <strong>5.164 gradini<\/strong>. E\u2019 un\u2019incredibile opportunit\u00e0 per scoprire la realt\u00e0 dei tipici villaggi rurali cinesi, con i loro abitanti che sostengono i corridori offrendo ristori in vista dei numerosi gradini della Grande Muraglia. <strong>Considerata una delle maratone pi\u00f9 difficili del mondo, la Great Wall Marathon \u00e8 anche una delle pi\u00f9 belle<\/strong> e straordinarie avventure che un runner possa vivere.<\/p>\n<h3>Polar Circle Marathon &#8211; La maratona del Circolo Polare Artico<\/h3>\n\r\n                <style type=\"text\/css\">\r\n                    \r\n                    #tdi_2  .td-doubleSlider-2 .td-item1 {\r\n                        background: url(https:\/\/www.pensieriparole.it\/magazine\/wp-content\/uploads\/2015\/05\/Polar-Circle-Marathon_1-80x60.jpg) 0 0 no-repeat;\r\n                    }\r\n                    #tdi_2  .td-doubleSlider-2 .td-item2 {\r\n                        background: url(https:\/\/www.pensieriparole.it\/magazine\/wp-content\/uploads\/2015\/05\/Polar-Circle-Marathon_4-80x60.jpg) 0 0 no-repeat;\r\n                    }\r\n                    #tdi_2  .td-doubleSlider-2 .td-item3 {\r\n                        background: url(https:\/\/www.pensieriparole.it\/magazine\/wp-content\/uploads\/2015\/05\/Polar-Circle-Marathon_2-80x60.jpg) 0 0 no-repeat;\r\n                    }\r\n                    #tdi_2  .td-doubleSlider-2 .td-item4 {\r\n                        background: url(https:\/\/www.pensieriparole.it\/magazine\/wp-content\/uploads\/2015\/05\/Polar-Circle-Marathon_3-80x60.jpg) 0 0 no-repeat;\r\n                    }\r\n                    #tdi_2  .td-doubleSlider-2 .td-item5 {\r\n                        background: url(https:\/\/www.pensieriparole.it\/magazine\/wp-content\/uploads\/2015\/05\/Polar-Circle-Marathon_5-80x60.jpg) 0 0 no-repeat;\r\n                    }\r\n                <\/style>\r\n\r\n                <div id=\"tdi_2\" class=\"td-gallery td-slide-on-2-columns\">\r\n                    <div class=\"post_td_gallery\">\r\n                        <div class=\"td-gallery-slide-top\">\r\n                           <div class=\"td-gallery-title\"><\/div>\r\n\r\n                            <div class=\"td-gallery-controls-wrapper\">\r\n                                <div class=\"td-gallery-slide-count\"><span class=\"td-gallery-slide-item-focus\">1<\/span> of 5<\/div>\r\n                                <div class=\"td-gallery-slide-prev-next-but\">\r\n                                    <i class = \"td-icon-left doubleSliderPrevButton\"><\/i>\r\n                                    <i class = \"td-icon-right doubleSliderNextButton\"><\/i>\r\n                                <\/div>\r\n                            <\/div>\r\n                        <\/div>\r\n\r\n                        <div class = \"td-doubleSlider-1 \">\r\n                            <div class = \"td-slider\">\r\n                                \r\n                    <div class = \"td-slide-item td-item1\">\r\n                        <figure class=\"td-slide-galery-figure td-slide-popup-gallery\">\r\n                            <a class=\"slide-gallery-image-link\" href=\"https:\/\/www.pensieriparole.it\/magazine\/wp-content\/uploads\/2015\/05\/Polar-Circle-Marathon_1.jpg\" title=\"Polar Circle Marathon_1\"  data-caption=\"\"  data-description=\"\">\r\n                                <img src=\"https:\/\/www.pensieriparole.it\/magazine\/wp-content\/uploads\/2015\/05\/Polar-Circle-Marathon_1-671x420.jpg\" srcset=\"https:\/\/www.pensieriparole.it\/magazine\/wp-content\/uploads\/2015\/05\/Polar-Circle-Marathon_1-671x420.jpg 671w, https:\/\/www.pensieriparole.it\/magazine\/wp-content\/uploads\/2015\/05\/Polar-Circle-Marathon_1-300x188.jpg 300w, https:\/\/www.pensieriparole.it\/magazine\/wp-content\/uploads\/2015\/05\/Polar-Circle-Marathon_1-640x400.jpg 640w, https:\/\/www.pensieriparole.it\/magazine\/wp-content\/uploads\/2015\/05\/Polar-Circle-Marathon_1-681x426.jpg 681w, https:\/\/www.pensieriparole.it\/magazine\/wp-content\/uploads\/2015\/05\/Polar-Circle-Marathon_1.jpg 940w\" sizes=\"(max-width: 671px) 100vw, 671px\" alt=\"\">\r\n                            <\/a>\r\n                            \r\n                        <\/figure>\r\n                    <\/div>\r\n                    <div class = \"td-slide-item td-item2\">\r\n                        <figure class=\"td-slide-galery-figure td-slide-popup-gallery\">\r\n                            <a class=\"slide-gallery-image-link\" href=\"https:\/\/www.pensieriparole.it\/magazine\/wp-content\/uploads\/2015\/05\/Polar-Circle-Marathon_4.jpg\" title=\"Polar Circle Marathon_4\"  data-caption=\"\"  data-description=\"\">\r\n                                <img src=\"https:\/\/www.pensieriparole.it\/magazine\/wp-content\/uploads\/2015\/05\/Polar-Circle-Marathon_4.jpg\" srcset=\"https:\/\/www.pensieriparole.it\/magazine\/wp-content\/uploads\/2015\/05\/Polar-Circle-Marathon_4.jpg 512w, https:\/\/www.pensieriparole.it\/magazine\/wp-content\/uploads\/2015\/05\/Polar-Circle-Marathon_4-300x169.jpg 300w\" sizes=\"(max-width: 512px) 100vw, 512px\" alt=\"\">\r\n                            <\/a>\r\n                            \r\n                        <\/figure>\r\n                    <\/div>\r\n                    <div class = \"td-slide-item td-item3\">\r\n                        <figure class=\"td-slide-galery-figure td-slide-popup-gallery\">\r\n                            <a class=\"slide-gallery-image-link\" href=\"https:\/\/www.pensieriparole.it\/magazine\/wp-content\/uploads\/2015\/05\/Polar-Circle-Marathon_2.jpg\" title=\"Polar Circle Marathon_2\"  data-caption=\"\"  data-description=\"\">\r\n                                <img src=\"https:\/\/www.pensieriparole.it\/magazine\/wp-content\/uploads\/2015\/05\/Polar-Circle-Marathon_2.jpg\" srcset=\"https:\/\/www.pensieriparole.it\/magazine\/wp-content\/uploads\/2015\/05\/Polar-Circle-Marathon_2.jpg 540w, https:\/\/www.pensieriparole.it\/magazine\/wp-content\/uploads\/2015\/05\/Polar-Circle-Marathon_2-300x194.jpg 300w, https:\/\/www.pensieriparole.it\/magazine\/wp-content\/uploads\/2015\/05\/Polar-Circle-Marathon_2-341x220.jpg 341w\" sizes=\"(max-width: 540px) 100vw, 540px\" alt=\"\">\r\n                            <\/a>\r\n                            \r\n                        <\/figure>\r\n                    <\/div>\r\n                    <div class = \"td-slide-item td-item4\">\r\n                        <figure class=\"td-slide-galery-figure td-slide-popup-gallery\">\r\n                            <a class=\"slide-gallery-image-link\" href=\"https:\/\/www.pensieriparole.it\/magazine\/wp-content\/uploads\/2015\/05\/Polar-Circle-Marathon_3.jpg\" title=\"Polar Circle Marathon_3\"  data-caption=\"\"  data-description=\"\">\r\n                                <img src=\"https:\/\/www.pensieriparole.it\/magazine\/wp-content\/uploads\/2015\/05\/Polar-Circle-Marathon_3.jpg\" srcset=\"https:\/\/www.pensieriparole.it\/magazine\/wp-content\/uploads\/2015\/05\/Polar-Circle-Marathon_3.jpg 604w, https:\/\/www.pensieriparole.it\/magazine\/wp-content\/uploads\/2015\/05\/Polar-Circle-Marathon_3-300x202.jpg 300w, https:\/\/www.pensieriparole.it\/magazine\/wp-content\/uploads\/2015\/05\/Polar-Circle-Marathon_3-537x360.jpg 537w\" sizes=\"(max-width: 604px) 100vw, 604px\" alt=\"\">\r\n                            <\/a>\r\n                            \r\n                        <\/figure>\r\n                    <\/div>\r\n                    <div class = \"td-slide-item td-item5\">\r\n                        <figure class=\"td-slide-galery-figure td-slide-popup-gallery\">\r\n                            <a class=\"slide-gallery-image-link\" href=\"https:\/\/www.pensieriparole.it\/magazine\/wp-content\/uploads\/2015\/05\/Polar-Circle-Marathon_5.jpg\" title=\"Polar Circle Marathon_5\"  data-caption=\"\"  data-description=\"\">\r\n                                <img src=\"https:\/\/www.pensieriparole.it\/magazine\/wp-content\/uploads\/2015\/05\/Polar-Circle-Marathon_5-671x420.jpg\" srcset=\"https:\/\/www.pensieriparole.it\/magazine\/wp-content\/uploads\/2015\/05\/Polar-Circle-Marathon_5-671x420.jpg 671w, https:\/\/www.pensieriparole.it\/magazine\/wp-content\/uploads\/2015\/05\/Polar-Circle-Marathon_5-300x188.jpg 300w, https:\/\/www.pensieriparole.it\/magazine\/wp-content\/uploads\/2015\/05\/Polar-Circle-Marathon_5-640x400.jpg 640w, https:\/\/www.pensieriparole.it\/magazine\/wp-content\/uploads\/2015\/05\/Polar-Circle-Marathon_5-681x426.jpg 681w, https:\/\/www.pensieriparole.it\/magazine\/wp-content\/uploads\/2015\/05\/Polar-Circle-Marathon_5.jpg 940w\" sizes=\"(max-width: 671px) 100vw, 671px\" alt=\"\">\r\n                            <\/a>\r\n                            \r\n                        <\/figure>\r\n                    <\/div>\r\n                            <\/div>\r\n                        <\/div>\r\n\r\n                        <div class = \"td-doubleSlider-2\">\r\n                            <div class = \"td-slider\">\r\n                                \r\n                    <div class = \"td-button td-item1\">\r\n                        <div class = \"td-border\"><\/div>\r\n                    <\/div>\r\n                    <div class = \"td-button td-item2\">\r\n                        <div class = \"td-border\"><\/div>\r\n                    <\/div>\r\n                    <div class = \"td-button td-item3\">\r\n                        <div class = \"td-border\"><\/div>\r\n                    <\/div>\r\n                    <div class = \"td-button td-item4\">\r\n                        <div class = \"td-border\"><\/div>\r\n                    <\/div>\r\n                    <div class = \"td-button td-item5\">\r\n                        <div class = \"td-border\"><\/div>\r\n                    <\/div>\r\n                            <\/div>\r\n                        <\/div>\r\n\r\n                    <\/div>\r\n\r\n                <\/div>\r\n                \n<p>La <strong>Polar Circle Marathon<\/strong> si svolge\u00a0a Kangerlussuaq, Groenlandia.\u00a0Il ghiaccio e la neve senza fine di questo grande paese costituiscono lo scenario di questa avventura, in cui i corridori attraversano lingue di ghiaccio, paesaggi innevati e il silenzioso e infinito deserto artico. La maratona si corre su un terreno irregolare sterrato a tratti ghiacciato e per un breve tratto anche sulla calotta Polare (3 km). E&#8217;\u00a0l\u2019occasione ideale per combinare un evento speciale ad una meravigliosa scoperta di uno degli angoli pi\u00f9 remoti e pi\u00f9 belli del mondo.<\/p>\n<h3>Red Rock Canyon Marathon, California<\/h3>\n\r\n                <style type=\"text\/css\">\r\n                    \r\n                    #tdi_3  .td-doubleSlider-2 .td-item1 {\r\n                        background: url(https:\/\/www.pensieriparole.it\/magazine\/wp-content\/uploads\/2015\/05\/Red-Rock-Canyon-Marathon_California1-80x60.jpg) 0 0 no-repeat;\r\n                    }\r\n                    #tdi_3  .td-doubleSlider-2 .td-item2 {\r\n                        background: url(https:\/\/www.pensieriparole.it\/magazine\/wp-content\/uploads\/2015\/05\/Red-Rock-Canyon-Marathon_California2-80x60.jpg) 0 0 no-repeat;\r\n                    }\r\n                    #tdi_3  .td-doubleSlider-2 .td-item3 {\r\n                        background: url(https:\/\/www.pensieriparole.it\/magazine\/wp-content\/uploads\/2015\/05\/Red-Rock-Canyon-Marathon_California3-80x60.jpg) 0 0 no-repeat;\r\n                    }\r\n                <\/style>\r\n\r\n                <div id=\"tdi_3\" class=\"td-gallery td-slide-on-2-columns\">\r\n                    <div class=\"post_td_gallery\">\r\n                        <div class=\"td-gallery-slide-top\">\r\n                           <div class=\"td-gallery-title\"><\/div>\r\n\r\n                            <div class=\"td-gallery-controls-wrapper\">\r\n                                <div class=\"td-gallery-slide-count\"><span class=\"td-gallery-slide-item-focus\">1<\/span> of 3<\/div>\r\n                                <div class=\"td-gallery-slide-prev-next-but\">\r\n                                    <i class = \"td-icon-left doubleSliderPrevButton\"><\/i>\r\n                                    <i class = \"td-icon-right doubleSliderNextButton\"><\/i>\r\n                                <\/div>\r\n                            <\/div>\r\n                        <\/div>\r\n\r\n                        <div class = \"td-doubleSlider-1 \">\r\n                            <div class = \"td-slider\">\r\n                                \r\n                    <div class = \"td-slide-item td-item1\">\r\n                        <figure class=\"td-slide-galery-figure td-slide-popup-gallery\">\r\n                            <a class=\"slide-gallery-image-link\" href=\"https:\/\/www.pensieriparole.it\/magazine\/wp-content\/uploads\/2015\/05\/Red-Rock-Canyon-Marathon_California1.jpg\" title=\"Red Rock Canyon Marathon_California1\"  data-caption=\"\"  data-description=\"\">\r\n                                <img src=\"https:\/\/www.pensieriparole.it\/magazine\/wp-content\/uploads\/2015\/05\/Red-Rock-Canyon-Marathon_California1-560x420.jpg\" srcset=\"https:\/\/www.pensieriparole.it\/magazine\/wp-content\/uploads\/2015\/05\/Red-Rock-Canyon-Marathon_California1-560x420.jpg 560w, https:\/\/www.pensieriparole.it\/magazine\/wp-content\/uploads\/2015\/05\/Red-Rock-Canyon-Marathon_California1-300x225.jpg 300w, https:\/\/www.pensieriparole.it\/magazine\/wp-content\/uploads\/2015\/05\/Red-Rock-Canyon-Marathon_California1-80x60.jpg 80w, https:\/\/www.pensieriparole.it\/magazine\/wp-content\/uploads\/2015\/05\/Red-Rock-Canyon-Marathon_California1-100x75.jpg 100w, https:\/\/www.pensieriparole.it\/magazine\/wp-content\/uploads\/2015\/05\/Red-Rock-Canyon-Marathon_California1-180x135.jpg 180w, https:\/\/www.pensieriparole.it\/magazine\/wp-content\/uploads\/2015\/05\/Red-Rock-Canyon-Marathon_California1-238x178.jpg 238w, https:\/\/www.pensieriparole.it\/magazine\/wp-content\/uploads\/2015\/05\/Red-Rock-Canyon-Marathon_California1-640x480.jpg 640w, https:\/\/www.pensieriparole.it\/magazine\/wp-content\/uploads\/2015\/05\/Red-Rock-Canyon-Marathon_California1-681x511.jpg 681w, https:\/\/www.pensieriparole.it\/magazine\/wp-content\/uploads\/2015\/05\/Red-Rock-Canyon-Marathon_California1.jpg 720w\" sizes=\"(max-width: 560px) 100vw, 560px\" alt=\"\">\r\n                            <\/a>\r\n                            \r\n                        <\/figure>\r\n                    <\/div>\r\n                    <div class = \"td-slide-item td-item2\">\r\n                        <figure class=\"td-slide-galery-figure td-slide-popup-gallery\">\r\n                            <a class=\"slide-gallery-image-link\" href=\"https:\/\/www.pensieriparole.it\/magazine\/wp-content\/uploads\/2015\/05\/Red-Rock-Canyon-Marathon_California2.jpg\" title=\"Red Rock Canyon Marathon_California2\"  data-caption=\"\"  data-description=\"\">\r\n                                <img src=\"https:\/\/www.pensieriparole.it\/magazine\/wp-content\/uploads\/2015\/05\/Red-Rock-Canyon-Marathon_California2-630x420.jpg\" srcset=\"https:\/\/www.pensieriparole.it\/magazine\/wp-content\/uploads\/2015\/05\/Red-Rock-Canyon-Marathon_California2-630x420.jpg 630w, https:\/\/www.pensieriparole.it\/magazine\/wp-content\/uploads\/2015\/05\/Red-Rock-Canyon-Marathon_California2-300x200.jpg 300w, https:\/\/www.pensieriparole.it\/magazine\/wp-content\/uploads\/2015\/05\/Red-Rock-Canyon-Marathon_California2-1024x682.jpg 1024w, https:\/\/www.pensieriparole.it\/magazine\/wp-content\/uploads\/2015\/05\/Red-Rock-Canyon-Marathon_California2-640x426.jpg 640w, https:\/\/www.pensieriparole.it\/magazine\/wp-content\/uploads\/2015\/05\/Red-Rock-Canyon-Marathon_California2-681x454.jpg 681w, https:\/\/www.pensieriparole.it\/magazine\/wp-content\/uploads\/2015\/05\/Red-Rock-Canyon-Marathon_California2.jpg 1600w\" sizes=\"(max-width: 630px) 100vw, 630px\" alt=\"\">\r\n                            <\/a>\r\n                            \r\n                        <\/figure>\r\n                    <\/div>\r\n                    <div class = \"td-slide-item td-item3\">\r\n                        <figure class=\"td-slide-galery-figure td-slide-popup-gallery\">\r\n                            <a class=\"slide-gallery-image-link\" href=\"https:\/\/www.pensieriparole.it\/magazine\/wp-content\/uploads\/2015\/05\/Red-Rock-Canyon-Marathon_California3.jpg\" title=\"Red Rock Canyon Marathon_California3\"  data-caption=\"\"  data-description=\"\">\r\n                                <img src=\"https:\/\/www.pensieriparole.it\/magazine\/wp-content\/uploads\/2015\/05\/Red-Rock-Canyon-Marathon_California3-560x420.jpg\" srcset=\"https:\/\/www.pensieriparole.it\/magazine\/wp-content\/uploads\/2015\/05\/Red-Rock-Canyon-Marathon_California3-560x420.jpg 560w, https:\/\/www.pensieriparole.it\/magazine\/wp-content\/uploads\/2015\/05\/Red-Rock-Canyon-Marathon_California3-300x225.jpg 300w, https:\/\/www.pensieriparole.it\/magazine\/wp-content\/uploads\/2015\/05\/Red-Rock-Canyon-Marathon_California3-80x60.jpg 80w, https:\/\/www.pensieriparole.it\/magazine\/wp-content\/uploads\/2015\/05\/Red-Rock-Canyon-Marathon_California3-100x75.jpg 100w, https:\/\/www.pensieriparole.it\/magazine\/wp-content\/uploads\/2015\/05\/Red-Rock-Canyon-Marathon_California3-180x135.jpg 180w, https:\/\/www.pensieriparole.it\/magazine\/wp-content\/uploads\/2015\/05\/Red-Rock-Canyon-Marathon_California3-238x178.jpg 238w, https:\/\/www.pensieriparole.it\/magazine\/wp-content\/uploads\/2015\/05\/Red-Rock-Canyon-Marathon_California3-640x480.jpg 640w, https:\/\/www.pensieriparole.it\/magazine\/wp-content\/uploads\/2015\/05\/Red-Rock-Canyon-Marathon_California3-681x511.jpg 681w, https:\/\/www.pensieriparole.it\/magazine\/wp-content\/uploads\/2015\/05\/Red-Rock-Canyon-Marathon_California3.jpg 1000w\" sizes=\"(max-width: 560px) 100vw, 560px\" alt=\"\">\r\n                            <\/a>\r\n                            \r\n                        <\/figure>\r\n                    <\/div>\r\n                            <\/div>\r\n                        <\/div>\r\n\r\n                        <div class = \"td-doubleSlider-2\">\r\n                            <div class = \"td-slider\">\r\n                                \r\n                    <div class = \"td-button td-item1\">\r\n                        <div class = \"td-border\"><\/div>\r\n                    <\/div>\r\n                    <div class = \"td-button td-item2\">\r\n                        <div class = \"td-border\"><\/div>\r\n                    <\/div>\r\n                    <div class = \"td-button td-item3\">\r\n                        <div class = \"td-border\"><\/div>\r\n                    <\/div>\r\n                            <\/div>\r\n                        <\/div>\r\n\r\n                    <\/div>\r\n\r\n                <\/div>\r\n                \n<h3>Maratona di New York<\/h3>\n\r\n                <style type=\"text\/css\">\r\n                    \r\n                    #tdi_4  .td-doubleSlider-2 .td-item1 {\r\n                        background: url(https:\/\/www.pensieriparole.it\/magazine\/wp-content\/uploads\/2015\/05\/Maratona-di-New-York_1-80x60.jpeg) 0 0 no-repeat;\r\n                    }\r\n                    #tdi_4  .td-doubleSlider-2 .td-item2 {\r\n                        background: url(https:\/\/www.pensieriparole.it\/magazine\/wp-content\/uploads\/2015\/05\/Maratona-di-New-York_2-80x60.jpg) 0 0 no-repeat;\r\n                    }\r\n                    #tdi_4  .td-doubleSlider-2 .td-item3 {\r\n                        background: url(https:\/\/www.pensieriparole.it\/magazine\/wp-content\/uploads\/2015\/05\/Maratona-di-New-York_3-80x60.jpeg) 0 0 no-repeat;\r\n                    }\r\n                <\/style>\r\n\r\n                <div id=\"tdi_4\" class=\"td-gallery td-slide-on-2-columns\">\r\n                    <div class=\"post_td_gallery\">\r\n                        <div class=\"td-gallery-slide-top\">\r\n                           <div class=\"td-gallery-title\"><\/div>\r\n\r\n                            <div class=\"td-gallery-controls-wrapper\">\r\n                                <div class=\"td-gallery-slide-count\"><span class=\"td-gallery-slide-item-focus\">1<\/span> of 3<\/div>\r\n                                <div class=\"td-gallery-slide-prev-next-but\">\r\n                                    <i class = \"td-icon-left doubleSliderPrevButton\"><\/i>\r\n                                    <i class = \"td-icon-right doubleSliderNextButton\"><\/i>\r\n                                <\/div>\r\n                            <\/div>\r\n                        <\/div>\r\n\r\n                        <div class = \"td-doubleSlider-1 \">\r\n                            <div class = \"td-slider\">\r\n                                \r\n                    <div class = \"td-slide-item td-item1\">\r\n                        <figure class=\"td-slide-galery-figure td-slide-popup-gallery\">\r\n                            <a class=\"slide-gallery-image-link\" href=\"https:\/\/www.pensieriparole.it\/magazine\/wp-content\/uploads\/2015\/05\/Maratona-di-New-York_1.jpeg\" title=\"Maratona di New York_1\"  data-caption=\"\"  data-description=\"\">\r\n                                <img src=\"https:\/\/www.pensieriparole.it\/magazine\/wp-content\/uploads\/2015\/05\/Maratona-di-New-York_1.jpeg\" srcset=\"https:\/\/www.pensieriparole.it\/magazine\/wp-content\/uploads\/2015\/05\/Maratona-di-New-York_1.jpeg 640w, https:\/\/www.pensieriparole.it\/magazine\/wp-content\/uploads\/2015\/05\/Maratona-di-New-York_1-300x168.jpeg 300w\" sizes=\"(max-width: 640px) 100vw, 640px\" alt=\"\">\r\n                            <\/a>\r\n                            \r\n                        <\/figure>\r\n                    <\/div>\r\n                    <div class = \"td-slide-item td-item2\">\r\n                        <figure class=\"td-slide-galery-figure td-slide-popup-gallery\">\r\n                            <a class=\"slide-gallery-image-link\" href=\"https:\/\/www.pensieriparole.it\/magazine\/wp-content\/uploads\/2015\/05\/Maratona-di-New-York_2.jpg\" title=\"Maratona di New York_2\"  data-caption=\"\"  data-description=\"\">\r\n                                <img src=\"https:\/\/www.pensieriparole.it\/magazine\/wp-content\/uploads\/2015\/05\/Maratona-di-New-York_2-630x420.jpg\" srcset=\"https:\/\/www.pensieriparole.it\/magazine\/wp-content\/uploads\/2015\/05\/Maratona-di-New-York_2-630x420.jpg 630w, https:\/\/www.pensieriparole.it\/magazine\/wp-content\/uploads\/2015\/05\/Maratona-di-New-York_2-300x200.jpg 300w, https:\/\/www.pensieriparole.it\/magazine\/wp-content\/uploads\/2015\/05\/Maratona-di-New-York_2-640x426.jpg 640w, https:\/\/www.pensieriparole.it\/magazine\/wp-content\/uploads\/2015\/05\/Maratona-di-New-York_2-681x454.jpg 681w, https:\/\/www.pensieriparole.it\/magazine\/wp-content\/uploads\/2015\/05\/Maratona-di-New-York_2.jpg 788w\" sizes=\"(max-width: 630px) 100vw, 630px\" alt=\"\">\r\n                            <\/a>\r\n                            \r\n                        <\/figure>\r\n                    <\/div>\r\n                    <div class = \"td-slide-item td-item3\">\r\n                        <figure class=\"td-slide-galery-figure td-slide-popup-gallery\">\r\n                            <a class=\"slide-gallery-image-link\" href=\"https:\/\/www.pensieriparole.it\/magazine\/wp-content\/uploads\/2015\/05\/Maratona-di-New-York_3.jpeg\" title=\"Maratona di New York 2011\"  data-caption=\"\"  data-description=\"\">\r\n                                <img src=\"https:\/\/www.pensieriparole.it\/magazine\/wp-content\/uploads\/2015\/05\/Maratona-di-New-York_3-572x420.jpeg\" srcset=\"https:\/\/www.pensieriparole.it\/magazine\/wp-content\/uploads\/2015\/05\/Maratona-di-New-York_3-572x420.jpeg 572w, https:\/\/www.pensieriparole.it\/magazine\/wp-content\/uploads\/2015\/05\/Maratona-di-New-York_3-300x220.jpeg 300w, https:\/\/www.pensieriparole.it\/magazine\/wp-content\/uploads\/2015\/05\/Maratona-di-New-York_3-80x60.jpeg 80w, https:\/\/www.pensieriparole.it\/magazine\/wp-content\/uploads\/2015\/05\/Maratona-di-New-York_3-640x470.jpeg 640w, https:\/\/www.pensieriparole.it\/magazine\/wp-content\/uploads\/2015\/05\/Maratona-di-New-York_3-681x500.jpeg 681w, https:\/\/www.pensieriparole.it\/magazine\/wp-content\/uploads\/2015\/05\/Maratona-di-New-York_3.jpeg 980w\" sizes=\"(max-width: 572px) 100vw, 572px\" alt=\"\">\r\n                            <\/a>\r\n                            \r\n                        <\/figure>\r\n                    <\/div>\r\n                            <\/div>\r\n                        <\/div>\r\n\r\n                        <div class = \"td-doubleSlider-2\">\r\n                            <div class = \"td-slider\">\r\n                                \r\n                    <div class = \"td-button td-item1\">\r\n                        <div class = \"td-border\"><\/div>\r\n                    <\/div>\r\n                    <div class = \"td-button td-item2\">\r\n                        <div class = \"td-border\"><\/div>\r\n                    <\/div>\r\n                    <div class = \"td-button td-item3\">\r\n                        <div class = \"td-border\"><\/div>\r\n                    <\/div>\r\n                            <\/div>\r\n                        <\/div>\r\n\r\n                    <\/div>\r\n\r\n                <\/div>\r\n                \n<p>Definita la pi\u00f9 affascinante del mondo, quella che tutti una volta nella vita vorrebbero fare. Nella metropoli che continua a stupire ad ogni visita, si tiene ogni novembre la gara che accoglie oltre\u00a0<strong>100 mila partecipanti ogni anno<\/strong>, che attraversano i cinque grandi distretti di\u00a0New York City. Da\u00a0Staten Island\u00a0migliaia di corridori affollano il ponte di\u00a0Verrazano-Narrows, raggiungendo poi\u00a0Brooklyn. Percorrendo Bay Ridge, Sunset Park, la corsa passa sul ponte Pulaski ed arriva nel distretto di Queens. Dopo circa 4 km gli atleti attraversano l\u2019East River\u00a0sul temutissimo ponte di\u00a0Queensboro\u00a0che porta a Manhattan. Raggiunta Manhattan, la corsa prosegue per\u00a0Central Park South\u00a0dove migliaia di spettatori si radunano per acclamare gli atleti all\u2019ultimo miglio.<\/p>\n<h3>Marathon Des Sables, Sahara<\/h3>\n\r\n                <style type=\"text\/css\">\r\n                    \r\n                    #tdi_5  .td-doubleSlider-2 .td-item1 {\r\n                        background: url(https:\/\/www.pensieriparole.it\/magazine\/wp-content\/uploads\/2015\/05\/Marathon-Des-Sables_Sahara1-80x60.jpg) 0 0 no-repeat;\r\n                    }\r\n                    #tdi_5  .td-doubleSlider-2 .td-item2 {\r\n                        background: url(https:\/\/www.pensieriparole.it\/magazine\/wp-content\/uploads\/2015\/05\/Marathon-Des-Sables_Sahara_3-80x60.jpg) 0 0 no-repeat;\r\n                    }\r\n                    #tdi_5  .td-doubleSlider-2 .td-item3 {\r\n                        background: url(https:\/\/www.pensieriparole.it\/magazine\/wp-content\/uploads\/2015\/05\/Marathon-Des-Sables_4-80x60.jpg) 0 0 no-repeat;\r\n                    }\r\n                    #tdi_5  .td-doubleSlider-2 .td-item4 {\r\n                        background: url(https:\/\/www.pensieriparole.it\/magazine\/wp-content\/uploads\/2015\/05\/Marathon-Des-Sables_Sahara_2-80x60.jpg) 0 0 no-repeat;\r\n                    }\r\n                <\/style>\r\n\r\n                <div id=\"tdi_5\" class=\"td-gallery td-slide-on-2-columns\">\r\n                    <div class=\"post_td_gallery\">\r\n                        <div class=\"td-gallery-slide-top\">\r\n                           <div class=\"td-gallery-title\"><\/div>\r\n\r\n                            <div class=\"td-gallery-controls-wrapper\">\r\n                                <div class=\"td-gallery-slide-count\"><span class=\"td-gallery-slide-item-focus\">1<\/span> of 4<\/div>\r\n                                <div class=\"td-gallery-slide-prev-next-but\">\r\n                                    <i class = \"td-icon-left doubleSliderPrevButton\"><\/i>\r\n                                    <i class = \"td-icon-right doubleSliderNextButton\"><\/i>\r\n                                <\/div>\r\n                            <\/div>\r\n                        <\/div>\r\n\r\n                        <div class = \"td-doubleSlider-1 \">\r\n                            <div class = \"td-slider\">\r\n                                \r\n                    <div class = \"td-slide-item td-item1\">\r\n                        <figure class=\"td-slide-galery-figure td-slide-popup-gallery\">\r\n                            <a class=\"slide-gallery-image-link\" href=\"https:\/\/www.pensieriparole.it\/magazine\/wp-content\/uploads\/2015\/05\/Marathon-Des-Sables_Sahara1.jpg\" title=\"Marathon Des Sables_Sahara1\"  data-caption=\"\"  data-description=\"\">\r\n                                <img src=\"https:\/\/www.pensieriparole.it\/magazine\/wp-content\/uploads\/2015\/05\/Marathon-Des-Sables_Sahara1-587x420.jpg\" srcset=\"https:\/\/www.pensieriparole.it\/magazine\/wp-content\/uploads\/2015\/05\/Marathon-Des-Sables_Sahara1-587x420.jpg 587w, https:\/\/www.pensieriparole.it\/magazine\/wp-content\/uploads\/2015\/05\/Marathon-Des-Sables_Sahara1-300x215.jpg 300w, https:\/\/www.pensieriparole.it\/magazine\/wp-content\/uploads\/2015\/05\/Marathon-Des-Sables_Sahara1-640x458.jpg 640w, https:\/\/www.pensieriparole.it\/magazine\/wp-content\/uploads\/2015\/05\/Marathon-Des-Sables_Sahara1-681x487.jpg 681w, https:\/\/www.pensieriparole.it\/magazine\/wp-content\/uploads\/2015\/05\/Marathon-Des-Sables_Sahara1.jpg 709w\" sizes=\"(max-width: 587px) 100vw, 587px\" alt=\"\">\r\n                            <\/a>\r\n                            \r\n                        <\/figure>\r\n                    <\/div>\r\n                    <div class = \"td-slide-item td-item2\">\r\n                        <figure class=\"td-slide-galery-figure td-slide-popup-gallery\">\r\n                            <a class=\"slide-gallery-image-link\" href=\"https:\/\/www.pensieriparole.it\/magazine\/wp-content\/uploads\/2015\/05\/Marathon-Des-Sables_Sahara_3.jpg\" title=\"Marathon Des Sables_Sahara_3\"  data-caption=\"\"  data-description=\"\">\r\n                                <img src=\"https:\/\/www.pensieriparole.it\/magazine\/wp-content\/uploads\/2015\/05\/Marathon-Des-Sables_Sahara_3-721x420.jpg\" srcset=\"https:\/\/www.pensieriparole.it\/magazine\/wp-content\/uploads\/2015\/05\/Marathon-Des-Sables_Sahara_3-721x420.jpg 721w, https:\/\/www.pensieriparole.it\/magazine\/wp-content\/uploads\/2015\/05\/Marathon-Des-Sables_Sahara_3-300x175.jpg 300w, https:\/\/www.pensieriparole.it\/magazine\/wp-content\/uploads\/2015\/05\/Marathon-Des-Sables_Sahara_3-640x373.jpg 640w, https:\/\/www.pensieriparole.it\/magazine\/wp-content\/uploads\/2015\/05\/Marathon-Des-Sables_Sahara_3-681x397.jpg 681w, https:\/\/www.pensieriparole.it\/magazine\/wp-content\/uploads\/2015\/05\/Marathon-Des-Sables_Sahara_3.jpg 990w\" sizes=\"(max-width: 721px) 100vw, 721px\" alt=\"\">\r\n                            <\/a>\r\n                            \r\n                        <\/figure>\r\n                    <\/div>\r\n                    <div class = \"td-slide-item td-item3\">\r\n                        <figure class=\"td-slide-galery-figure td-slide-popup-gallery\">\r\n                            <a class=\"slide-gallery-image-link\" href=\"https:\/\/www.pensieriparole.it\/magazine\/wp-content\/uploads\/2015\/05\/Marathon-Des-Sables_4.jpg\" title=\"Marathon Des Sables_4\"  data-caption=\"\"  data-description=\"\">\r\n                                <img src=\"https:\/\/www.pensieriparole.it\/magazine\/wp-content\/uploads\/2015\/05\/Marathon-Des-Sables_4-629x420.jpg\" srcset=\"https:\/\/www.pensieriparole.it\/magazine\/wp-content\/uploads\/2015\/05\/Marathon-Des-Sables_4-629x420.jpg 629w, https:\/\/www.pensieriparole.it\/magazine\/wp-content\/uploads\/2015\/05\/Marathon-Des-Sables_4-300x200.jpg 300w, https:\/\/www.pensieriparole.it\/magazine\/wp-content\/uploads\/2015\/05\/Marathon-Des-Sables_4-537x360.jpg 537w, https:\/\/www.pensieriparole.it\/magazine\/wp-content\/uploads\/2015\/05\/Marathon-Des-Sables_4-640x427.jpg 640w, https:\/\/www.pensieriparole.it\/magazine\/wp-content\/uploads\/2015\/05\/Marathon-Des-Sables_4-681x454.jpg 681w, https:\/\/www.pensieriparole.it\/magazine\/wp-content\/uploads\/2015\/05\/Marathon-Des-Sables_4.jpg 989w\" sizes=\"(max-width: 629px) 100vw, 629px\" alt=\"\">\r\n                            <\/a>\r\n                            \r\n                        <\/figure>\r\n                    <\/div>\r\n                    <div class = \"td-slide-item td-item4\">\r\n                        <figure class=\"td-slide-galery-figure td-slide-popup-gallery\">\r\n                            <a class=\"slide-gallery-image-link\" href=\"https:\/\/www.pensieriparole.it\/magazine\/wp-content\/uploads\/2015\/05\/Marathon-Des-Sables_Sahara_2.jpg\" title=\"Marathon Des Sables,_Sahara_2\"  data-caption=\"\"  data-description=\"\">\r\n                                <img src=\"https:\/\/www.pensieriparole.it\/magazine\/wp-content\/uploads\/2015\/05\/Marathon-Des-Sables_Sahara_2.jpg\" srcset=\"https:\/\/www.pensieriparole.it\/magazine\/wp-content\/uploads\/2015\/05\/Marathon-Des-Sables_Sahara_2.jpg 452w, https:\/\/www.pensieriparole.it\/magazine\/wp-content\/uploads\/2015\/05\/Marathon-Des-Sables_Sahara_2-300x198.jpg 300w\" sizes=\"(max-width: 452px) 100vw, 452px\" alt=\"\">\r\n                            <\/a>\r\n                            \r\n                        <\/figure>\r\n                    <\/div>\r\n                            <\/div>\r\n                        <\/div>\r\n\r\n                        <div class = \"td-doubleSlider-2\">\r\n                            <div class = \"td-slider\">\r\n                                \r\n                    <div class = \"td-button td-item1\">\r\n                        <div class = \"td-border\"><\/div>\r\n                    <\/div>\r\n                    <div class = \"td-button td-item2\">\r\n                        <div class = \"td-border\"><\/div>\r\n                    <\/div>\r\n                    <div class = \"td-button td-item3\">\r\n                        <div class = \"td-border\"><\/div>\r\n                    <\/div>\r\n                    <div class = \"td-button td-item4\">\r\n                        <div class = \"td-border\"><\/div>\r\n                    <\/div>\r\n                            <\/div>\r\n                        <\/div>\r\n\r\n                    <\/div>\r\n\r\n                <\/div>\r\n                \n<p>Ecco la \u201c<strong>Maratona delle sabbie<\/strong>\u201d: <strong>sei maratone consecutive in sei giorni,<\/strong> nel deserto del Sahara, per un totale di oltre <strong>250 chilometri<\/strong>. Ci troviamo nella parte sud orientale del Marocco, tra le cittadine di Erfoud e Merzouga, chiamate le \u201cporte del deserto\u201d, proprio perch\u00e9 situate ai margini del deserto Erg Chebbi. Non una corsa per principianti, insomma. Nel 1994 l\u2019atleta italiano <a href=\"http:\/\/it.wikipedia.org\/wiki\/Mauro_Prosperi\" target=\"_blank\"><strong>Mauro Prosperi<\/strong> <\/a><strong>si perse<\/strong> durante una delle gare per via di una <strong>tempeste di sabbia<\/strong>. Dopo dieci giorni di angoscia, senza cibo n\u00e9 acqua e con temperature d\u2019inferno, <strong>fu salvato da alcuni pastori nomadi<\/strong>. Allenatevi con anticipo e non dimenticate la bussola.<\/p>\n<h3>Inca Trail Marathon, Machu Picchu, Per\u00f9<\/h3>\n\r\n                <style type=\"text\/css\">\r\n                    \r\n                    #tdi_6  .td-doubleSlider-2 .td-item1 {\r\n                        background: url(https:\/\/www.pensieriparole.it\/magazine\/wp-content\/uploads\/2015\/05\/Inca-Trail-Marathon_Machu-Picchu_Peru_2-80x60.jpg) 0 0 no-repeat;\r\n                    }\r\n                    #tdi_6  .td-doubleSlider-2 .td-item2 {\r\n                        background: url(https:\/\/www.pensieriparole.it\/magazine\/wp-content\/uploads\/2015\/05\/Inca-Trail-Marathon_Machu-Picio-80x60.jpg) 0 0 no-repeat;\r\n                    }\r\n                    #tdi_6  .td-doubleSlider-2 .td-item3 {\r\n                        background: url(https:\/\/www.pensieriparole.it\/magazine\/wp-content\/uploads\/2015\/05\/Inca-Trail-Marathon_Machu-Picchu_Peru-80x60.jpg) 0 0 no-repeat;\r\n                    }\r\n                <\/style>\r\n\r\n                <div id=\"tdi_6\" class=\"td-gallery td-slide-on-2-columns\">\r\n                    <div class=\"post_td_gallery\">\r\n                        <div class=\"td-gallery-slide-top\">\r\n                           <div class=\"td-gallery-title\"><\/div>\r\n\r\n                            <div class=\"td-gallery-controls-wrapper\">\r\n                                <div class=\"td-gallery-slide-count\"><span class=\"td-gallery-slide-item-focus\">1<\/span> of 3<\/div>\r\n                                <div class=\"td-gallery-slide-prev-next-but\">\r\n                                    <i class = \"td-icon-left doubleSliderPrevButton\"><\/i>\r\n                                    <i class = \"td-icon-right doubleSliderNextButton\"><\/i>\r\n                                <\/div>\r\n                            <\/div>\r\n                        <\/div>\r\n\r\n                        <div class = \"td-doubleSlider-1 \">\r\n                            <div class = \"td-slider\">\r\n                                \r\n                    <div class = \"td-slide-item td-item1\">\r\n                        <figure class=\"td-slide-galery-figure td-slide-popup-gallery\">\r\n                            <a class=\"slide-gallery-image-link\" href=\"https:\/\/www.pensieriparole.it\/magazine\/wp-content\/uploads\/2015\/05\/Inca-Trail-Marathon_Machu-Picchu_Peru_2.jpg\" title=\"Inca Trail Marathon_Machu Picchu_Peru_2\"  data-caption=\"\"  data-description=\"\">\r\n                                <img src=\"https:\/\/www.pensieriparole.it\/magazine\/wp-content\/uploads\/2015\/05\/Inca-Trail-Marathon_Machu-Picchu_Peru_2.jpg\" srcset=\"https:\/\/www.pensieriparole.it\/magazine\/wp-content\/uploads\/2015\/05\/Inca-Trail-Marathon_Machu-Picchu_Peru_2.jpg 480w, https:\/\/www.pensieriparole.it\/magazine\/wp-content\/uploads\/2015\/05\/Inca-Trail-Marathon_Machu-Picchu_Peru_2-300x225.jpg 300w, https:\/\/www.pensieriparole.it\/magazine\/wp-content\/uploads\/2015\/05\/Inca-Trail-Marathon_Machu-Picchu_Peru_2-80x60.jpg 80w, https:\/\/www.pensieriparole.it\/magazine\/wp-content\/uploads\/2015\/05\/Inca-Trail-Marathon_Machu-Picchu_Peru_2-100x75.jpg 100w, https:\/\/www.pensieriparole.it\/magazine\/wp-content\/uploads\/2015\/05\/Inca-Trail-Marathon_Machu-Picchu_Peru_2-180x135.jpg 180w, https:\/\/www.pensieriparole.it\/magazine\/wp-content\/uploads\/2015\/05\/Inca-Trail-Marathon_Machu-Picchu_Peru_2-238x178.jpg 238w\" sizes=\"(max-width: 480px) 100vw, 480px\" alt=\"\">\r\n                            <\/a>\r\n                            \r\n                        <\/figure>\r\n                    <\/div>\r\n                    <div class = \"td-slide-item td-item2\">\r\n                        <figure class=\"td-slide-galery-figure td-slide-popup-gallery\">\r\n                            <a class=\"slide-gallery-image-link\" href=\"https:\/\/www.pensieriparole.it\/magazine\/wp-content\/uploads\/2015\/05\/Inca-Trail-Marathon_Machu-Picio.jpg\" title=\"Inca Trail Marathon_Machu Picio\"  data-caption=\"\"  data-description=\"\">\r\n                                <img src=\"https:\/\/www.pensieriparole.it\/magazine\/wp-content\/uploads\/2015\/05\/Inca-Trail-Marathon_Machu-Picio-620x420.jpg\" srcset=\"https:\/\/www.pensieriparole.it\/magazine\/wp-content\/uploads\/2015\/05\/Inca-Trail-Marathon_Machu-Picio-620x420.jpg 620w, https:\/\/www.pensieriparole.it\/magazine\/wp-content\/uploads\/2015\/05\/Inca-Trail-Marathon_Machu-Picio-768x520.jpg 768w, https:\/\/www.pensieriparole.it\/magazine\/wp-content\/uploads\/2015\/05\/Inca-Trail-Marathon_Machu-Picio-300x203.jpg 300w, https:\/\/www.pensieriparole.it\/magazine\/wp-content\/uploads\/2015\/05\/Inca-Trail-Marathon_Machu-Picio-640x433.jpg 640w, https:\/\/www.pensieriparole.it\/magazine\/wp-content\/uploads\/2015\/05\/Inca-Trail-Marathon_Machu-Picio-681x461.jpg 681w, https:\/\/www.pensieriparole.it\/magazine\/wp-content\/uploads\/2015\/05\/Inca-Trail-Marathon_Machu-Picio.jpg 975w\" sizes=\"(max-width: 620px) 100vw, 620px\" alt=\"\">\r\n                            <\/a>\r\n                            \r\n                        <\/figure>\r\n                    <\/div>\r\n                    <div class = \"td-slide-item td-item3\">\r\n                        <figure class=\"td-slide-galery-figure td-slide-popup-gallery\">\r\n                            <a class=\"slide-gallery-image-link\" href=\"https:\/\/www.pensieriparole.it\/magazine\/wp-content\/uploads\/2015\/05\/Inca-Trail-Marathon_Machu-Picchu_Peru.jpg\" title=\"Inca Trail Marathon_Machu Picchu_Peru\"  data-caption=\"\"  data-description=\"\">\r\n                                <img src=\"https:\/\/www.pensieriparole.it\/magazine\/wp-content\/uploads\/2015\/05\/Inca-Trail-Marathon_Machu-Picchu_Peru-673x420.jpg\" srcset=\"https:\/\/www.pensieriparole.it\/magazine\/wp-content\/uploads\/2015\/05\/Inca-Trail-Marathon_Machu-Picchu_Peru-673x420.jpg 673w, https:\/\/www.pensieriparole.it\/magazine\/wp-content\/uploads\/2015\/05\/Inca-Trail-Marathon_Machu-Picchu_Peru-300x187.jpg 300w, https:\/\/www.pensieriparole.it\/magazine\/wp-content\/uploads\/2015\/05\/Inca-Trail-Marathon_Machu-Picchu_Peru-1024x639.jpg 1024w, https:\/\/www.pensieriparole.it\/magazine\/wp-content\/uploads\/2015\/05\/Inca-Trail-Marathon_Machu-Picchu_Peru-640x400.jpg 640w, https:\/\/www.pensieriparole.it\/magazine\/wp-content\/uploads\/2015\/05\/Inca-Trail-Marathon_Machu-Picchu_Peru-681x425.jpg 681w, https:\/\/www.pensieriparole.it\/magazine\/wp-content\/uploads\/2015\/05\/Inca-Trail-Marathon_Machu-Picchu_Peru.jpg 1600w\" sizes=\"(max-width: 673px) 100vw, 673px\" alt=\"\">\r\n                            <\/a>\r\n                            \r\n                        <\/figure>\r\n                    <\/div>\r\n                            <\/div>\r\n                        <\/div>\r\n\r\n                        <div class = \"td-doubleSlider-2\">\r\n                            <div class = \"td-slider\">\r\n                                \r\n                    <div class = \"td-button td-item1\">\r\n                        <div class = \"td-border\"><\/div>\r\n                    <\/div>\r\n                    <div class = \"td-button td-item2\">\r\n                        <div class = \"td-border\"><\/div>\r\n                    <\/div>\r\n                    <div class = \"td-button td-item3\">\r\n                        <div class = \"td-border\"><\/div>\r\n                    <\/div>\r\n                            <\/div>\r\n                        <\/div>\r\n\r\n                    <\/div>\r\n\r\n                <\/div>\r\n                \n<p>La <strong>Inca Trail Marathon<\/strong> \u00e8 tra le maratone pi\u00f9 faticose. Il percorso\u00a0risale le Ande fino a raggiungere le spettacolari rovine di <strong>Machu Picchu<\/strong>. La vista incredibile ripaga per\u00f2 di tutte le fatiche della salita.<\/p>\n<h3>Kilimanjaro Marathon, Moshi, Tanzania<\/h3>\n\r\n                <style type=\"text\/css\">\r\n                    \r\n                    #tdi_7  .td-doubleSlider-2 .td-item1 {\r\n                        background: url(https:\/\/www.pensieriparole.it\/magazine\/wp-content\/uploads\/2015\/05\/Kilimanjaro-Marathon_1-80x60.jpg) 0 0 no-repeat;\r\n                    }\r\n                    #tdi_7  .td-doubleSlider-2 .td-item2 {\r\n                        background: url(https:\/\/www.pensieriparole.it\/magazine\/wp-content\/uploads\/2015\/05\/Kilimanjaro-Marathon_2-80x60.jpg) 0 0 no-repeat;\r\n                    }\r\n                    #tdi_7  .td-doubleSlider-2 .td-item3 {\r\n                        background: url(https:\/\/www.pensieriparole.it\/magazine\/wp-content\/uploads\/2015\/05\/Kilimanjaro-Marathon_3-80x60.jpg) 0 0 no-repeat;\r\n                    }\r\n                <\/style>\r\n\r\n                <div id=\"tdi_7\" class=\"td-gallery td-slide-on-2-columns\">\r\n                    <div class=\"post_td_gallery\">\r\n                        <div class=\"td-gallery-slide-top\">\r\n                           <div class=\"td-gallery-title\"><\/div>\r\n\r\n                            <div class=\"td-gallery-controls-wrapper\">\r\n                                <div class=\"td-gallery-slide-count\"><span class=\"td-gallery-slide-item-focus\">1<\/span> of 3<\/div>\r\n                                <div class=\"td-gallery-slide-prev-next-but\">\r\n                                    <i class = \"td-icon-left doubleSliderPrevButton\"><\/i>\r\n                                    <i class = \"td-icon-right doubleSliderNextButton\"><\/i>\r\n                                <\/div>\r\n                            <\/div>\r\n                        <\/div>\r\n\r\n                        <div class = \"td-doubleSlider-1 \">\r\n                            <div class = \"td-slider\">\r\n                                \r\n                    <div class = \"td-slide-item td-item1\">\r\n                        <figure class=\"td-slide-galery-figure td-slide-popup-gallery\">\r\n                            <a class=\"slide-gallery-image-link\" href=\"https:\/\/www.pensieriparole.it\/magazine\/wp-content\/uploads\/2015\/05\/Kilimanjaro-Marathon_1.jpg\" title=\"Kilimanjaro Marathon_1\"  data-caption=\"\"  data-description=\"\">\r\n                                <img src=\"https:\/\/www.pensieriparole.it\/magazine\/wp-content\/uploads\/2015\/05\/Kilimanjaro-Marathon_1.jpg\" srcset=\"https:\/\/www.pensieriparole.it\/magazine\/wp-content\/uploads\/2015\/05\/Kilimanjaro-Marathon_1.jpg 650w, https:\/\/www.pensieriparole.it\/magazine\/wp-content\/uploads\/2015\/05\/Kilimanjaro-Marathon_1-300x178.jpg 300w, https:\/\/www.pensieriparole.it\/magazine\/wp-content\/uploads\/2015\/05\/Kilimanjaro-Marathon_1-640x380.jpg 640w\" sizes=\"(max-width: 650px) 100vw, 650px\" alt=\"\">\r\n                            <\/a>\r\n                            \r\n                        <\/figure>\r\n                    <\/div>\r\n                    <div class = \"td-slide-item td-item2\">\r\n                        <figure class=\"td-slide-galery-figure td-slide-popup-gallery\">\r\n                            <a class=\"slide-gallery-image-link\" href=\"https:\/\/www.pensieriparole.it\/magazine\/wp-content\/uploads\/2015\/05\/Kilimanjaro-Marathon_2.jpg\" title=\"Kilimanjaro Marathon_2\"  data-caption=\"\"  data-description=\"\">\r\n                                <img src=\"https:\/\/www.pensieriparole.it\/magazine\/wp-content\/uploads\/2015\/05\/Kilimanjaro-Marathon_2-632x420.jpg\" srcset=\"https:\/\/www.pensieriparole.it\/magazine\/wp-content\/uploads\/2015\/05\/Kilimanjaro-Marathon_2-632x420.jpg 632w, https:\/\/www.pensieriparole.it\/magazine\/wp-content\/uploads\/2015\/05\/Kilimanjaro-Marathon_2-300x199.jpg 300w, https:\/\/www.pensieriparole.it\/magazine\/wp-content\/uploads\/2015\/05\/Kilimanjaro-Marathon_2-640x425.jpg 640w, https:\/\/www.pensieriparole.it\/magazine\/wp-content\/uploads\/2015\/05\/Kilimanjaro-Marathon_2-681x453.jpg 681w, https:\/\/www.pensieriparole.it\/magazine\/wp-content\/uploads\/2015\/05\/Kilimanjaro-Marathon_2.jpg 990w\" sizes=\"(max-width: 632px) 100vw, 632px\" alt=\"\">\r\n                            <\/a>\r\n                            \r\n                        <\/figure>\r\n                    <\/div>\r\n                    <div class = \"td-slide-item td-item3\">\r\n                        <figure class=\"td-slide-galery-figure td-slide-popup-gallery\">\r\n                            <a class=\"slide-gallery-image-link\" href=\"https:\/\/www.pensieriparole.it\/magazine\/wp-content\/uploads\/2015\/05\/Kilimanjaro-Marathon_3.jpg\" title=\"Kilimanjaro Marathon_3\"  data-caption=\"\"  data-description=\"\">\r\n                                <img src=\"https:\/\/www.pensieriparole.it\/magazine\/wp-content\/uploads\/2015\/05\/Kilimanjaro-Marathon_3-631x420.jpg\" srcset=\"https:\/\/www.pensieriparole.it\/magazine\/wp-content\/uploads\/2015\/05\/Kilimanjaro-Marathon_3-631x420.jpg 631w, https:\/\/www.pensieriparole.it\/magazine\/wp-content\/uploads\/2015\/05\/Kilimanjaro-Marathon_3-300x200.jpg 300w, https:\/\/www.pensieriparole.it\/magazine\/wp-content\/uploads\/2015\/05\/Kilimanjaro-Marathon_3-640x426.jpg 640w, https:\/\/www.pensieriparole.it\/magazine\/wp-content\/uploads\/2015\/05\/Kilimanjaro-Marathon_3-681x453.jpg 681w, https:\/\/www.pensieriparole.it\/magazine\/wp-content\/uploads\/2015\/05\/Kilimanjaro-Marathon_3.jpg 990w\" sizes=\"(max-width: 631px) 100vw, 631px\" alt=\"\">\r\n                            <\/a>\r\n                            \r\n                        <\/figure>\r\n                    <\/div>\r\n                            <\/div>\r\n                        <\/div>\r\n\r\n                        <div class = \"td-doubleSlider-2\">\r\n                            <div class = \"td-slider\">\r\n                                \r\n                    <div class = \"td-button td-item1\">\r\n                        <div class = \"td-border\"><\/div>\r\n                    <\/div>\r\n                    <div class = \"td-button td-item2\">\r\n                        <div class = \"td-border\"><\/div>\r\n                    <\/div>\r\n                    <div class = \"td-button td-item3\">\r\n                        <div class = \"td-border\"><\/div>\r\n                    <\/div>\r\n                            <\/div>\r\n                        <\/div>\r\n\r\n                    <\/div>\r\n\r\n                <\/div>\r\n                \n<p>Con un panorama mozzafiato \u00e8 la\u00a0<strong>Kilimanjaro Marathon<\/strong>, ai piedi appunto di uno dei vulcani pi\u00f9 belli del mondo, il Kilimanjaro. Si svolge a Moshi, in Tanzania.<\/p>\n<h3>Midnight Sun Marathon &#8211; la Maratona di Tromso<\/h3>\n\r\n                <style type=\"text\/css\">\r\n                    \r\n                    #tdi_8  .td-doubleSlider-2 .td-item1 {\r\n                        background: url(https:\/\/www.pensieriparole.it\/magazine\/wp-content\/uploads\/2015\/05\/MidnightSunMarathon2-80x60.jpg) 0 0 no-repeat;\r\n                    }\r\n                    #tdi_8  .td-doubleSlider-2 .td-item2 {\r\n                        background: url(https:\/\/www.pensieriparole.it\/magazine\/wp-content\/uploads\/2015\/05\/midnight-sun-maraton-tromso_1-80x60.jpg) 0 0 no-repeat;\r\n                    }\r\n                <\/style>\r\n\r\n                <div id=\"tdi_8\" class=\"td-gallery td-slide-on-2-columns\">\r\n                    <div class=\"post_td_gallery\">\r\n                        <div class=\"td-gallery-slide-top\">\r\n                           <div class=\"td-gallery-title\"><\/div>\r\n\r\n                            <div class=\"td-gallery-controls-wrapper\">\r\n                                <div class=\"td-gallery-slide-count\"><span class=\"td-gallery-slide-item-focus\">1<\/span> of 2<\/div>\r\n                                <div class=\"td-gallery-slide-prev-next-but\">\r\n                                    <i class = \"td-icon-left doubleSliderPrevButton\"><\/i>\r\n                                    <i class = \"td-icon-right doubleSliderNextButton\"><\/i>\r\n                                <\/div>\r\n                            <\/div>\r\n                        <\/div>\r\n\r\n                        <div class = \"td-doubleSlider-1 \">\r\n                            <div class = \"td-slider\">\r\n                                \r\n                    <div class = \"td-slide-item td-item1\">\r\n                        <figure class=\"td-slide-galery-figure td-slide-popup-gallery\">\r\n                            <a class=\"slide-gallery-image-link\" href=\"https:\/\/www.pensieriparole.it\/magazine\/wp-content\/uploads\/2015\/05\/MidnightSunMarathon2.jpg\" title=\"MidnightSunMarathon2\"  data-caption=\"\"  data-description=\"\">\r\n                                <img src=\"https:\/\/www.pensieriparole.it\/magazine\/wp-content\/uploads\/2015\/05\/MidnightSunMarathon2.jpg\" srcset=\"https:\/\/www.pensieriparole.it\/magazine\/wp-content\/uploads\/2015\/05\/MidnightSunMarathon2.jpg 650w, https:\/\/www.pensieriparole.it\/magazine\/wp-content\/uploads\/2015\/05\/MidnightSunMarathon2-300x169.jpg 300w, https:\/\/www.pensieriparole.it\/magazine\/wp-content\/uploads\/2015\/05\/MidnightSunMarathon2-640x360.jpg 640w\" sizes=\"(max-width: 650px) 100vw, 650px\" alt=\"\">\r\n                            <\/a>\r\n                            \r\n                        <\/figure>\r\n                    <\/div>\r\n                    <div class = \"td-slide-item td-item2\">\r\n                        <figure class=\"td-slide-galery-figure td-slide-popup-gallery\">\r\n                            <a class=\"slide-gallery-image-link\" href=\"https:\/\/www.pensieriparole.it\/magazine\/wp-content\/uploads\/2015\/05\/midnight-sun-maraton-tromso_1.jpg\" title=\"midnight-sun-maraton-tromso_1\"  data-caption=\"\"  data-description=\"\">\r\n                                <img src=\"https:\/\/www.pensieriparole.it\/magazine\/wp-content\/uploads\/2015\/05\/midnight-sun-maraton-tromso_1.jpg\" srcset=\"https:\/\/www.pensieriparole.it\/magazine\/wp-content\/uploads\/2015\/05\/midnight-sun-maraton-tromso_1.jpg 740w, https:\/\/www.pensieriparole.it\/magazine\/wp-content\/uploads\/2015\/05\/midnight-sun-maraton-tromso_1-300x135.jpg 300w, https:\/\/www.pensieriparole.it\/magazine\/wp-content\/uploads\/2015\/05\/midnight-sun-maraton-tromso_1-640x289.jpg 640w, https:\/\/www.pensieriparole.it\/magazine\/wp-content\/uploads\/2015\/05\/midnight-sun-maraton-tromso_1-681x307.jpg 681w\" sizes=\"(max-width: 740px) 100vw, 740px\" alt=\"\">\r\n                            <\/a>\r\n                            \r\n                        <\/figure>\r\n                    <\/div>\r\n                            <\/div>\r\n                        <\/div>\r\n\r\n                        <div class = \"td-doubleSlider-2\">\r\n                            <div class = \"td-slider\">\r\n                                \r\n                    <div class = \"td-button td-item1\">\r\n                        <div class = \"td-border\"><\/div>\r\n                    <\/div>\r\n                    <div class = \"td-button td-item2\">\r\n                        <div class = \"td-border\"><\/div>\r\n                    <\/div>\r\n                            <\/div>\r\n                        <\/div>\r\n\r\n                    <\/div>\r\n\r\n                <\/div>\r\n                \n<p>Ogni anno maratoneti provenienti da oltre 50 paesi nel mondo corrono a <strong>Tromso<\/strong>, Norvegia, la cosiddetta\u00a0<strong>Maratona del Sole di Mezzanotte<\/strong>, una gara molto speciale: si tratta infatti della\u00a0maratona certificata AIMS pi\u00f9 a nord del mondo\u00a0ed \u00e8 ancora pi\u00f9 bella perch\u00e9 si corre con la luce del Sole di Mezzanotte! Da met\u00e0 Maggio a met\u00e0 Luglio infatti, qui il sole non scende mai sotto l\u2019orizzonte.<\/p>\n<h3>Honolulu Marathon, Hawaii<\/h3>\n\r\n                <style type=\"text\/css\">\r\n                    \r\n                    #tdi_9  .td-doubleSlider-2 .td-item1 {\r\n                        background: url(https:\/\/www.pensieriparole.it\/magazine\/wp-content\/uploads\/2015\/05\/Honolulu-Marathon_Hawaii_1-80x60.png) 0 0 no-repeat;\r\n                    }\r\n                    #tdi_9  .td-doubleSlider-2 .td-item2 {\r\n                        background: url(https:\/\/www.pensieriparole.it\/magazine\/wp-content\/uploads\/2015\/05\/Honolulu-Marathon_Hawaii_2-80x60.jpg) 0 0 no-repeat;\r\n                    }\r\n                    #tdi_9  .td-doubleSlider-2 .td-item3 {\r\n                        background: url(https:\/\/www.pensieriparole.it\/magazine\/wp-content\/uploads\/2015\/05\/Honolulu-Marathon_Hawaii_3-80x60.jpg) 0 0 no-repeat;\r\n                    }\r\n                <\/style>\r\n\r\n                <div id=\"tdi_9\" class=\"td-gallery td-slide-on-2-columns\">\r\n                    <div class=\"post_td_gallery\">\r\n                        <div class=\"td-gallery-slide-top\">\r\n                           <div class=\"td-gallery-title\"><\/div>\r\n\r\n                            <div class=\"td-gallery-controls-wrapper\">\r\n                                <div class=\"td-gallery-slide-count\"><span class=\"td-gallery-slide-item-focus\">1<\/span> of 3<\/div>\r\n                                <div class=\"td-gallery-slide-prev-next-but\">\r\n                                    <i class = \"td-icon-left doubleSliderPrevButton\"><\/i>\r\n                                    <i class = \"td-icon-right doubleSliderNextButton\"><\/i>\r\n                                <\/div>\r\n                            <\/div>\r\n                        <\/div>\r\n\r\n                        <div class = \"td-doubleSlider-1 \">\r\n                            <div class = \"td-slider\">\r\n                                \r\n                    <div class = \"td-slide-item td-item1\">\r\n                        <figure class=\"td-slide-galery-figure td-slide-popup-gallery\">\r\n                            <a class=\"slide-gallery-image-link\" href=\"https:\/\/www.pensieriparole.it\/magazine\/wp-content\/uploads\/2015\/05\/Honolulu-Marathon_Hawaii_1.png\" title=\"Honolulu Marathon_Hawaii_1\"  data-caption=\"\"  data-description=\"\">\r\n                                <img src=\"https:\/\/www.pensieriparole.it\/magazine\/wp-content\/uploads\/2015\/05\/Honolulu-Marathon_Hawaii_1-630x420.png\" srcset=\"https:\/\/www.pensieriparole.it\/magazine\/wp-content\/uploads\/2015\/05\/Honolulu-Marathon_Hawaii_1-630x420.png 630w, https:\/\/www.pensieriparole.it\/magazine\/wp-content\/uploads\/2015\/05\/Honolulu-Marathon_Hawaii_1-300x200.png 300w, https:\/\/www.pensieriparole.it\/magazine\/wp-content\/uploads\/2015\/05\/Honolulu-Marathon_Hawaii_1-640x427.png 640w, https:\/\/www.pensieriparole.it\/magazine\/wp-content\/uploads\/2015\/05\/Honolulu-Marathon_Hawaii_1-681x454.png 681w, https:\/\/www.pensieriparole.it\/magazine\/wp-content\/uploads\/2015\/05\/Honolulu-Marathon_Hawaii_1.png 900w\" sizes=\"(max-width: 630px) 100vw, 630px\" alt=\"\">\r\n                            <\/a>\r\n                            \r\n                        <\/figure>\r\n                    <\/div>\r\n                    <div class = \"td-slide-item td-item2\">\r\n                        <figure class=\"td-slide-galery-figure td-slide-popup-gallery\">\r\n                            <a class=\"slide-gallery-image-link\" href=\"https:\/\/www.pensieriparole.it\/magazine\/wp-content\/uploads\/2015\/05\/Honolulu-Marathon_Hawaii_2.jpg\" title=\"Honolulu Marathon_Hawaii_2\"  data-caption=\"\"  data-description=\"\">\r\n                                <img src=\"https:\/\/www.pensieriparole.it\/magazine\/wp-content\/uploads\/2015\/05\/Honolulu-Marathon_Hawaii_2-426x420.jpg\" srcset=\"https:\/\/www.pensieriparole.it\/magazine\/wp-content\/uploads\/2015\/05\/Honolulu-Marathon_Hawaii_2-426x420.jpg 426w, https:\/\/www.pensieriparole.it\/magazine\/wp-content\/uploads\/2015\/05\/Honolulu-Marathon_Hawaii_2-300x296.jpg 300w, https:\/\/www.pensieriparole.it\/magazine\/wp-content\/uploads\/2015\/05\/Honolulu-Marathon_Hawaii_2-640x631.jpg 640w, https:\/\/www.pensieriparole.it\/magazine\/wp-content\/uploads\/2015\/05\/Honolulu-Marathon_Hawaii_2.jpg 669w\" sizes=\"(max-width: 426px) 100vw, 426px\" alt=\"\">\r\n                            <\/a>\r\n                            \r\n                        <\/figure>\r\n                    <\/div>\r\n                    <div class = \"td-slide-item td-item3\">\r\n                        <figure class=\"td-slide-galery-figure td-slide-popup-gallery\">\r\n                            <a class=\"slide-gallery-image-link\" href=\"https:\/\/www.pensieriparole.it\/magazine\/wp-content\/uploads\/2015\/05\/Honolulu-Marathon_Hawaii_3.jpg\" title=\"Honolulu Marathon_Hawaii_3\"  data-caption=\"\"  data-description=\"\">\r\n                                <img src=\"https:\/\/www.pensieriparole.it\/magazine\/wp-content\/uploads\/2015\/05\/Honolulu-Marathon_Hawaii_3-315x420.jpg\" srcset=\"https:\/\/www.pensieriparole.it\/magazine\/wp-content\/uploads\/2015\/05\/Honolulu-Marathon_Hawaii_3-315x420.jpg 315w, https:\/\/www.pensieriparole.it\/magazine\/wp-content\/uploads\/2015\/05\/Honolulu-Marathon_Hawaii_3-225x300.jpg 225w, https:\/\/www.pensieriparole.it\/magazine\/wp-content\/uploads\/2015\/05\/Honolulu-Marathon_Hawaii_3.jpg 495w\" sizes=\"(max-width: 315px) 100vw, 315px\" alt=\"\">\r\n                            <\/a>\r\n                            \r\n                        <\/figure>\r\n                    <\/div>\r\n                            <\/div>\r\n                        <\/div>\r\n\r\n                        <div class = \"td-doubleSlider-2\">\r\n                            <div class = \"td-slider\">\r\n                                \r\n                    <div class = \"td-button td-item1\">\r\n                        <div class = \"td-border\"><\/div>\r\n                    <\/div>\r\n                    <div class = \"td-button td-item2\">\r\n                        <div class = \"td-border\"><\/div>\r\n                    <\/div>\r\n                    <div class = \"td-button td-item3\">\r\n                        <div class = \"td-border\"><\/div>\r\n                    <\/div>\r\n                            <\/div>\r\n                        <\/div>\r\n\r\n                    <\/div>\r\n\r\n                <\/div>\r\n                \n<div>Correre oltre 40 chilometri significa sudore e fatica, eppure quanto sarebbe bello farlo <strong>in riva\u00a0<\/strong><b>all&#8217;Oceano<\/b>! Bene, a <strong>Honolulu<\/strong> si pu\u00f2. Una maratona che vede la sua inaugurazione\u00a0ben 42 anni fa, e una delle pi\u00f9 grandi del mondo.\u00a0Ma non fatevi ingannare dal mese invernale: le <strong>temperature oscillano attorno ai 25 gradi,<\/strong> (anche per questo si parte alle 5 del mattino). Alzarsi dal letto cos\u00ec presto per\u00f2 ha i suoi vantaggi: oltre a godere delle famose <strong>spiagge bianche della capitale delle Hawaii,<\/strong> dei crateri vulcanici e delle vedute dell\u2019Oceano, sono previsti massaggi gratuiti a fine gara e tante, tante spruzzate d\u2019acqua per rinfrescare i corridori!<\/div>\n<h3>Pharaonic Race, Egitto<\/h3>\n\r\n                <style type=\"text\/css\">\r\n                    \r\n                    #tdi_10  .td-doubleSlider-2 .td-item1 {\r\n                        background: url(https:\/\/www.pensieriparole.it\/magazine\/wp-content\/uploads\/2015\/05\/Pharaonic-Race_1-80x60.jpg) 0 0 no-repeat;\r\n                    }\r\n                    #tdi_10  .td-doubleSlider-2 .td-item2 {\r\n                        background: url(https:\/\/www.pensieriparole.it\/magazine\/wp-content\/uploads\/2015\/05\/Pharaonic-Race_2-80x60.jpg) 0 0 no-repeat;\r\n                    }\r\n                    #tdi_10  .td-doubleSlider-2 .td-item3 {\r\n                        background: url(https:\/\/www.pensieriparole.it\/magazine\/wp-content\/uploads\/2015\/05\/Pharaonic-Race_3-80x60.jpg) 0 0 no-repeat;\r\n                    }\r\n                <\/style>\r\n\r\n                <div id=\"tdi_10\" class=\"td-gallery td-slide-on-2-columns\">\r\n                    <div class=\"post_td_gallery\">\r\n                        <div class=\"td-gallery-slide-top\">\r\n                           <div class=\"td-gallery-title\"><\/div>\r\n\r\n                            <div class=\"td-gallery-controls-wrapper\">\r\n                                <div class=\"td-gallery-slide-count\"><span class=\"td-gallery-slide-item-focus\">1<\/span> of 3<\/div>\r\n                                <div class=\"td-gallery-slide-prev-next-but\">\r\n                                    <i class = \"td-icon-left doubleSliderPrevButton\"><\/i>\r\n                                    <i class = \"td-icon-right doubleSliderNextButton\"><\/i>\r\n                                <\/div>\r\n                            <\/div>\r\n                        <\/div>\r\n\r\n                        <div class = \"td-doubleSlider-1 \">\r\n                            <div class = \"td-slider\">\r\n                                \r\n                    <div class = \"td-slide-item td-item1\">\r\n                        <figure class=\"td-slide-galery-figure td-slide-popup-gallery\">\r\n                            <a class=\"slide-gallery-image-link\" href=\"https:\/\/www.pensieriparole.it\/magazine\/wp-content\/uploads\/2015\/05\/Pharaonic-Race_1.jpg\" title=\"Pharaonic Race_1\"  data-caption=\"\"  data-description=\"\">\r\n                                <img src=\"https:\/\/www.pensieriparole.it\/magazine\/wp-content\/uploads\/2015\/05\/Pharaonic-Race_1-630x420.jpg\" srcset=\"https:\/\/www.pensieriparole.it\/magazine\/wp-content\/uploads\/2015\/05\/Pharaonic-Race_1-630x420.jpg 630w, https:\/\/www.pensieriparole.it\/magazine\/wp-content\/uploads\/2015\/05\/Pharaonic-Race_1-300x200.jpg 300w, https:\/\/www.pensieriparole.it\/magazine\/wp-content\/uploads\/2015\/05\/Pharaonic-Race_1-640x426.jpg 640w, https:\/\/www.pensieriparole.it\/magazine\/wp-content\/uploads\/2015\/05\/Pharaonic-Race_1-681x454.jpg 681w, https:\/\/www.pensieriparole.it\/magazine\/wp-content\/uploads\/2015\/05\/Pharaonic-Race_1.jpg 959w\" sizes=\"(max-width: 630px) 100vw, 630px\" alt=\"\">\r\n                            <\/a>\r\n                            \r\n                        <\/figure>\r\n                    <\/div>\r\n                    <div class = \"td-slide-item td-item2\">\r\n                        <figure class=\"td-slide-galery-figure td-slide-popup-gallery\">\r\n                            <a class=\"slide-gallery-image-link\" href=\"https:\/\/www.pensieriparole.it\/magazine\/wp-content\/uploads\/2015\/05\/Pharaonic-Race_2.jpg\" title=\"Pharaonic Race_2\"  data-caption=\"\"  data-description=\"\">\r\n                                <img src=\"https:\/\/www.pensieriparole.it\/magazine\/wp-content\/uploads\/2015\/05\/Pharaonic-Race_2-560x420.jpg\" srcset=\"https:\/\/www.pensieriparole.it\/magazine\/wp-content\/uploads\/2015\/05\/Pharaonic-Race_2-560x420.jpg 560w, https:\/\/www.pensieriparole.it\/magazine\/wp-content\/uploads\/2015\/05\/Pharaonic-Race_2-300x225.jpg 300w, https:\/\/www.pensieriparole.it\/magazine\/wp-content\/uploads\/2015\/05\/Pharaonic-Race_2-1024x768.jpg 1024w, https:\/\/www.pensieriparole.it\/magazine\/wp-content\/uploads\/2015\/05\/Pharaonic-Race_2-80x60.jpg 80w, https:\/\/www.pensieriparole.it\/magazine\/wp-content\/uploads\/2015\/05\/Pharaonic-Race_2-100x75.jpg 100w, https:\/\/www.pensieriparole.it\/magazine\/wp-content\/uploads\/2015\/05\/Pharaonic-Race_2-180x135.jpg 180w, https:\/\/www.pensieriparole.it\/magazine\/wp-content\/uploads\/2015\/05\/Pharaonic-Race_2-238x178.jpg 238w, https:\/\/www.pensieriparole.it\/magazine\/wp-content\/uploads\/2015\/05\/Pharaonic-Race_2-640x480.jpg 640w, https:\/\/www.pensieriparole.it\/magazine\/wp-content\/uploads\/2015\/05\/Pharaonic-Race_2-681x511.jpg 681w, https:\/\/www.pensieriparole.it\/magazine\/wp-content\/uploads\/2015\/05\/Pharaonic-Race_2.jpg 1200w\" sizes=\"(max-width: 560px) 100vw, 560px\" alt=\"\">\r\n                            <\/a>\r\n                            \r\n                        <\/figure>\r\n                    <\/div>\r\n                    <div class = \"td-slide-item td-item3\">\r\n                        <figure class=\"td-slide-galery-figure td-slide-popup-gallery\">\r\n                            <a class=\"slide-gallery-image-link\" href=\"https:\/\/www.pensieriparole.it\/magazine\/wp-content\/uploads\/2015\/05\/Pharaonic-Race_3.jpg\" title=\"Pharaonic Race_3\"  data-caption=\"\"  data-description=\"\">\r\n                                <img src=\"https:\/\/www.pensieriparole.it\/magazine\/wp-content\/uploads\/2015\/05\/Pharaonic-Race_3-774x420.jpg\" srcset=\"https:\/\/www.pensieriparole.it\/magazine\/wp-content\/uploads\/2015\/05\/Pharaonic-Race_3-774x420.jpg 774w, https:\/\/www.pensieriparole.it\/magazine\/wp-content\/uploads\/2015\/05\/Pharaonic-Race_3-300x163.jpg 300w, https:\/\/www.pensieriparole.it\/magazine\/wp-content\/uploads\/2015\/05\/Pharaonic-Race_3-640x347.jpg 640w, https:\/\/www.pensieriparole.it\/magazine\/wp-content\/uploads\/2015\/05\/Pharaonic-Race_3-681x369.jpg 681w, https:\/\/www.pensieriparole.it\/magazine\/wp-content\/uploads\/2015\/05\/Pharaonic-Race_3.jpg 990w\" sizes=\"(max-width: 774px) 100vw, 774px\" alt=\"\">\r\n                            <\/a>\r\n                            \r\n                        <\/figure>\r\n                    <\/div>\r\n                            <\/div>\r\n                        <\/div>\r\n\r\n                        <div class = \"td-doubleSlider-2\">\r\n                            <div class = \"td-slider\">\r\n                                \r\n                    <div class = \"td-button td-item1\">\r\n                        <div class = \"td-border\"><\/div>\r\n                    <\/div>\r\n                    <div class = \"td-button td-item2\">\r\n                        <div class = \"td-border\"><\/div>\r\n                    <\/div>\r\n                    <div class = \"td-button td-item3\">\r\n                        <div class = \"td-border\"><\/div>\r\n                    <\/div>\r\n                            <\/div>\r\n                        <\/div>\r\n\r\n                    <\/div>\r\n\r\n                <\/div>\r\n                \n<p>Per chi \u00e8 appassionato\u00a0dall&#8217;Antico Egitto non pu\u00f2 non correre, almeno una volta nella vita, la\u00a0<strong>Pharaonic Race<\/strong>. Ai piedi delle piramidi una affascinante corsa che si snoda ai margini del deserto.<\/p>\n<div><\/div>\n<div><\/div>\n<div><\/div>\n","protected":false},"excerpt":{"rendered":"<p>Dalla maratona sulla Grande Muraglia (la\u00a0Great Wall Marathon) alla\u00a0Red Rock Canyon Marathon (sul Grand Canyon), fino ad arrivare al freddo della Groelandia nella\u00a0Polar Circle Marathon; queste maratone sono un viaggio nel viaggio, da vivere almeno una volta nella vita, sia che si partecipi per gloria o divertimento. \u201cLa maratona \u00e8 una corsa che affascina tanti [&hellip;]<\/p>\n","protected":false},"author":5,"featured_media":2929,"comment_status":"open","ping_status":"open","sticky":false,"template":"","format":"standard","meta":{"tdm_status":"","tdm_grid_status":""},"categories":[24,18,26,25],"tags":[597,594,595,596,174],"yoast_head":"<!-- This site is optimized with the Yoast SEO plugin v19.11 - https:\/\/yoast.com\/wordpress\/plugins\/seo\/ -->\n<title>Le 10 maratone pi\u00f9 belle (e imperdibili) del mondo - PensieriParole magazine<\/title>\n<meta name=\"robots\" content=\"index, follow, max-snippet:-1, max-image-preview:large, max-video-preview:-1\" \/>\n<link rel=\"canonical\" href=\"https:\/\/www.pensieriparole.it\/magazine\/2015052908\/le-10-maratone-piu-belle-e-imperdibili-del-mondo\" \/>\n<meta property=\"og:locale\" content=\"it_IT\" \/>\n<meta property=\"og:type\" content=\"article\" \/>\n<meta property=\"og:title\" content=\"Le 10 maratone pi\u00f9 belle (e imperdibili) del mondo - PensieriParole magazine\" \/>\n<meta property=\"og:description\" content=\"Dalla maratona sulla Grande Muraglia (la\u00a0Great Wall Marathon) alla\u00a0Red Rock Canyon Marathon (sul Grand Canyon), fino ad arrivare al freddo della Groelandia nella\u00a0Polar Circle Marathon; queste maratone sono un viaggio nel viaggio, da vivere almeno una volta nella vita, sia che si partecipi per gloria o divertimento. \u201cLa maratona \u00e8 una corsa che affascina tanti [&hellip;]\" \/>\n<meta property=\"og:url\" content=\"https:\/\/www.pensieriparole.it\/magazine\/2015052908\/le-10-maratone-piu-belle-e-imperdibili-del-mondo\" \/>\n<meta property=\"og:site_name\" content=\"PensieriParole magazine\" \/>\n<meta property=\"article:publisher\" content=\"https:\/\/www.facebook.com\/PensieriParole\" \/>\n<meta property=\"article:published_time\" content=\"2015-05-26T10:59:50+00:00\" \/>\n<meta property=\"og:image\" content=\"https:\/\/www.pensieriparole.it\/magazine\/wp-content\/uploads\/2015\/05\/Inca-Trail-Marathon_Machu-Picio.jpg\" \/>\n\t<meta property=\"og:image:width\" content=\"975\" \/>\n\t<meta property=\"og:image:height\" content=\"660\" \/>\n\t<meta property=\"og:image:type\" content=\"image\/jpeg\" \/>\n<meta name=\"author\" content=\"Sylvia Drago\" \/>\n<meta name=\"twitter:card\" content=\"summary_large_image\" \/>\n<meta name=\"twitter:creator\" content=\"@pensieriparole\" \/>\n<meta name=\"twitter:site\" content=\"@pensieriparole\" \/>\n<meta name=\"twitter:label1\" content=\"Scritto da\" \/>\n\t<meta name=\"twitter:data1\" content=\"Sylvia Drago\" \/>\n\t<meta name=\"twitter:label2\" content=\"Tempo di lettura stimato\" \/>\n\t<meta name=\"twitter:data2\" content=\"5 minuti\" \/>\n<script type=\"application\/ld+json\" class=\"yoast-schema-graph\">{\"@context\":\"https:\/\/schema.org\",\"@graph\":[{\"@type\":\"WebPage\",\"@id\":\"https:\/\/www.pensieriparole.it\/magazine\/2015052908\/le-10-maratone-piu-belle-e-imperdibili-del-mondo\",\"url\":\"https:\/\/www.pensieriparole.it\/magazine\/2015052908\/le-10-maratone-piu-belle-e-imperdibili-del-mondo\",\"name\":\"Le 10 maratone pi\u00f9 belle (e imperdibili) del mondo - PensieriParole magazine\",\"isPartOf\":{\"@id\":\"https:\/\/www.pensieriparole.it\/magazine\/#website\"},\"datePublished\":\"2015-05-26T10:59:50+00:00\",\"dateModified\":\"2015-05-26T10:59:50+00:00\",\"author\":{\"@id\":\"https:\/\/www.pensieriparole.it\/magazine\/#\/schema\/person\/626b86f7925f6c38a002140b5a05f902\"},\"breadcrumb\":{\"@id\":\"https:\/\/www.pensieriparole.it\/magazine\/2015052908\/le-10-maratone-piu-belle-e-imperdibili-del-mondo#breadcrumb\"},\"inLanguage\":\"it-IT\",\"potentialAction\":[{\"@type\":\"ReadAction\",\"target\":[\"https:\/\/www.pensieriparole.it\/magazine\/2015052908\/le-10-maratone-piu-belle-e-imperdibili-del-mondo\"]}]},{\"@type\":\"BreadcrumbList\",\"@id\":\"https:\/\/www.pensieriparole.it\/magazine\/2015052908\/le-10-maratone-piu-belle-e-imperdibili-del-mondo#breadcrumb\",\"itemListElement\":[{\"@type\":\"ListItem\",\"position\":1,\"name\":\"Home\",\"item\":\"https:\/\/www.pensieriparole.it\/magazine\/\"},{\"@type\":\"ListItem\",\"position\":2,\"name\":\"Le 10 maratone pi\u00f9 belle (e imperdibili) del mondo\"}]},{\"@type\":\"WebSite\",\"@id\":\"https:\/\/www.pensieriparole.it\/magazine\/#website\",\"url\":\"https:\/\/www.pensieriparole.it\/magazine\/\",\"name\":\"PensieriParole magazine\",\"description\":\"news &amp; curiosit\u00e0 dal mondo\",\"potentialAction\":[{\"@type\":\"SearchAction\",\"target\":{\"@type\":\"EntryPoint\",\"urlTemplate\":\"https:\/\/www.pensieriparole.it\/magazine\/?s={search_term_string}\"},\"query-input\":\"required name=search_term_string\"}],\"inLanguage\":\"it-IT\"},{\"@type\":\"Person\",\"@id\":\"https:\/\/www.pensieriparole.it\/magazine\/#\/schema\/person\/626b86f7925f6c38a002140b5a05f902\",\"name\":\"Sylvia Drago\",\"url\":\"https:\/\/www.pensieriparole.it\/magazine\/author\/sylvia\"}]}<\/script>\n<!-- \/ Yoast SEO plugin. -->","yoast_head_json":{"title":"Le 10 maratone pi\u00f9 belle (e imperdibili) del mondo - PensieriParole magazine","robots":{"index":"index","follow":"follow","max-snippet":"max-snippet:-1","max-image-preview":"max-image-preview:large","max-video-preview":"max-video-preview:-1"},"canonical":"https:\/\/www.pensieriparole.it\/magazine\/2015052908\/le-10-maratone-piu-belle-e-imperdibili-del-mondo","og_locale":"it_IT","og_type":"article","og_title":"Le 10 maratone pi\u00f9 belle (e imperdibili) del mondo - PensieriParole magazine","og_description":"Dalla maratona sulla Grande Muraglia (la\u00a0Great Wall Marathon) alla\u00a0Red Rock Canyon Marathon (sul Grand Canyon), fino ad arrivare al freddo della Groelandia nella\u00a0Polar Circle Marathon; queste maratone sono un viaggio nel viaggio, da vivere almeno una volta nella vita, sia che si partecipi per gloria o divertimento. \u201cLa maratona \u00e8 una corsa che affascina tanti [&hellip;]","og_url":"https:\/\/www.pensieriparole.it\/magazine\/2015052908\/le-10-maratone-piu-belle-e-imperdibili-del-mondo","og_site_name":"PensieriParole magazine","article_publisher":"https:\/\/www.facebook.com\/PensieriParole","article_published_time":"2015-05-26T10:59:50+00:00","og_image":[{"width":975,"height":660,"url":"https:\/\/www.pensieriparole.it\/magazine\/wp-content\/uploads\/2015\/05\/Inca-Trail-Marathon_Machu-Picio.jpg","type":"image\/jpeg"}],"author":"Sylvia Drago","twitter_card":"summary_large_image","twitter_creator":"@pensieriparole","twitter_site":"@pensieriparole","twitter_misc":{"Scritto da":"Sylvia Drago","Tempo di lettura stimato":"5 minuti"},"schema":{"@context":"https:\/\/schema.org","@graph":[{"@type":"WebPage","@id":"https:\/\/www.pensieriparole.it\/magazine\/2015052908\/le-10-maratone-piu-belle-e-imperdibili-del-mondo","url":"https:\/\/www.pensieriparole.it\/magazine\/2015052908\/le-10-maratone-piu-belle-e-imperdibili-del-mondo","name":"Le 10 maratone pi\u00f9 belle (e imperdibili) del mondo - PensieriParole magazine","isPartOf":{"@id":"https:\/\/www.pensieriparole.it\/magazine\/#website"},"datePublished":"2015-05-26T10:59:50+00:00","dateModified":"2015-05-26T10:59:50+00:00","author":{"@id":"https:\/\/www.pensieriparole.it\/magazine\/#\/schema\/person\/626b86f7925f6c38a002140b5a05f902"},"breadcrumb":{"@id":"https:\/\/www.pensieriparole.it\/magazine\/2015052908\/le-10-maratone-piu-belle-e-imperdibili-del-mondo#breadcrumb"},"inLanguage":"it-IT","potentialAction":[{"@type":"ReadAction","target":["https:\/\/www.pensieriparole.it\/magazine\/2015052908\/le-10-maratone-piu-belle-e-imperdibili-del-mondo"]}]},{"@type":"BreadcrumbList","@id":"https:\/\/www.pensieriparole.it\/magazine\/2015052908\/le-10-maratone-piu-belle-e-imperdibili-del-mondo#breadcrumb","itemListElement":[{"@type":"ListItem","position":1,"name":"Home","item":"https:\/\/www.pensieriparole.it\/magazine\/"},{"@type":"ListItem","position":2,"name":"Le 10 maratone pi\u00f9 belle (e imperdibili) del mondo"}]},{"@type":"WebSite","@id":"https:\/\/www.pensieriparole.it\/magazine\/#website","url":"https:\/\/www.pensieriparole.it\/magazine\/","name":"PensieriParole magazine","description":"news &amp; curiosit\u00e0 dal mondo","potentialAction":[{"@type":"SearchAction","target":{"@type":"EntryPoint","urlTemplate":"https:\/\/www.pensieriparole.it\/magazine\/?s={search_term_string}"},"query-input":"required name=search_term_string"}],"inLanguage":"it-IT"},{"@type":"Person","@id":"https:\/\/www.pensieriparole.it\/magazine\/#\/schema\/person\/626b86f7925f6c38a002140b5a05f902","name":"Sylvia Drago","url":"https:\/\/www.pensieriparole.it\/magazine\/author\/sylvia"}]}},"_links":{"self":[{"href":"https:\/\/www.pensieriparole.it\/magazine\/wp-json\/wp\/v2\/posts\/2908"}],"collection":[{"href":"https:\/\/www.pensieriparole.it\/magazine\/wp-json\/wp\/v2\/posts"}],"about":[{"href":"https:\/\/www.pensieriparole.it\/magazine\/wp-json\/wp\/v2\/types\/post"}],"author":[{"embeddable":true,"href":"https:\/\/www.pensieriparole.it\/magazine\/wp-json\/wp\/v2\/users\/5"}],"replies":[{"embeddable":true,"href":"https:\/\/www.pensieriparole.it\/magazine\/wp-json\/wp\/v2\/comments?post=2908"}],"version-history":[{"count":1,"href":"https:\/\/www.pensieriparole.it\/magazine\/wp-json\/wp\/v2\/posts\/2908\/revisions"}],"predecessor-version":[{"id":2941,"href":"https:\/\/www.pensieriparole.it\/magazine\/wp-json\/wp\/v2\/posts\/2908\/revisions\/2941"}],"wp:featuredmedia":[{"embeddable":true,"href":"https:\/\/www.pensieriparole.it\/magazine\/wp-json\/wp\/v2\/media\/2929"}],"wp:attachment":[{"href":"https:\/\/www.pensieriparole.it\/magazine\/wp-json\/wp\/v2\/media?parent=2908"}],"wp:term":[{"taxonomy":"category","embeddable":true,"href":"https:\/\/www.pensieriparole.it\/magazine\/wp-json\/wp\/v2\/categories?post=2908"},{"taxonomy":"post_tag","embeddable":true,"href":"https:\/\/www.pensieriparole.it\/magazine\/wp-json\/wp\/v2\/tags?post=2908"}],"curies":[{"name":"wp","href":"https:\/\/api.w.org\/{rel}","templated":true}]}}