{"id":289,"date":"2008-05-18T00:04:33","date_gmt":"2008-05-17T22:04:33","guid":{"rendered":"http:\/\/www.pensieriparole.it\/magazinegg\/200805289\/concorso-2008-tra-cuore-e-mente"},"modified":"2008-05-18T00:04:33","modified_gmt":"2008-05-17T22:04:33","slug":"concorso-2008-tra-cuore-e-mente","status":"publish","type":"post","link":"https:\/\/www.pensieriparole.it\/magazine\/200805289\/concorso-2008-tra-cuore-e-mente","title":{"rendered":"Concorso 2008 &#8220;Tra cuore e mente&#8221;"},"content":{"rendered":"<div id=\"fb-root\"><\/div>\n<p>Oggi vi vogliamo presentare il nostro nuovo concorso che sar\u00e0 disponibile dal prossimo <span style=\"font-weight:bold\">22 settembre<\/span>. Andando avanti nella lettura capirete perch\u00e9 ve ne parliamo prima!<\/p>\n<p>Innanzitutto potranno partecipare tutti gli utenti pubblici <a href=\"https:\/\/www.pensieriparole.it\/utenti\/registrazione.php\">registrati<\/a> a PensieriParole e non si baser\u00e0 pi\u00f9 sulla quantit\u00e0, ma sulla <span style=\"font-weight:bold\">qualit\u00e0 delle frasi inviate<\/span>.<br \/>\n<br \/>Ognuno di voi potr\u00e0 quindi <a href=\"https:\/\/www.pensieriparole.it\/utenti\/inseriscifrase.php\">inviare<\/a> una frase per argomento tra quelli che vi indicheremo e per ognuno di questi sar\u00e0 eletta quella vincitrice proprio con i vostri voti. La frase con votazione maggiore per ciascun argomento vincer\u00e0 3 libri forniti da <a href=\"http:\/\/vertigolibri.it\/\" target=\"_blank\">Vertigo Libri<\/a>.<\/p>\n<p>Successivamente una giuria, i cui nomi saranno resi noti a breve, rigiudicher\u00e0 -sempre insieme a tutti voi registrati- le 10 frasi vincitrici della prima fase, scegliendone una soltanto, la migliore in assoluto, che si porter\u00e0 a casa un premio in denaro di 500\u0080.<\/p>\n<p>La cosa pi\u00f9 interessante \u00e8 che parte delle frasi inviateci durante il concorso entreranno a far parte <span style=\"font-weight:bold\">di un libro<\/span> che metteremo in vendita e attraverso cui vogliamo dare un segno concreto: <span style=\"font-weight:bold\">tutto il nostro ricavato<\/span>, al netto di spese e imposte, ottenuto dalla sua vendita sar\u00e0 devoluto in beneficenza.<br \/>\n<br \/>E qui entra in gioco il motivo di tanto anticipo: da oggi e per un intero mese, sarete voi utenti, tramite una votazione pubblica, a scegliere <span style=\"font-weight:bold\">a chi destinare i proventi<\/span>. Noi abbiamo fatto alcune scelte, speriamo che gradiate questa cosa!<\/p>\n<div align=\"center\"><\/div>\n","protected":false},"excerpt":{"rendered":"<p>Oggi vi vogliamo presentare il nostro nuovo concorso che sar\u00e0 disponibile dal prossimo 22 settembre. Andando avanti nella lettura capirete perch\u00e9 ve ne parliamo prima! Innanzitutto potranno partecipare tutti gli utenti pubblici registrati a PensieriParole e non si baser\u00e0 pi\u00f9 sulla quantit\u00e0, ma sulla qualit\u00e0 delle frasi inviate. Ognuno di voi potr\u00e0 quindi inviare una [&hellip;]<\/p>\n","protected":false},"author":4,"featured_media":0,"comment_status":"open","ping_status":"open","sticky":false,"template":"","format":"standard","meta":{"tdm_status":"","tdm_grid_status":""},"categories":[3],"tags":[],"yoast_head":"<!-- This site is optimized with the Yoast SEO plugin v19.11 - https:\/\/yoast.com\/wordpress\/plugins\/seo\/ -->\n<title>Concorso 2008 &quot;Tra cuore e mente&quot; - PensieriParole magazine<\/title>\n<meta name=\"robots\" content=\"index, follow, max-snippet:-1, max-image-preview:large, max-video-preview:-1\" \/>\n<link rel=\"canonical\" href=\"https:\/\/www.pensieriparole.it\/magazine\/200805289\/concorso-2008-tra-cuore-e-mente\" \/>\n<meta property=\"og:locale\" content=\"it_IT\" \/>\n<meta property=\"og:type\" content=\"article\" \/>\n<meta property=\"og:title\" content=\"Concorso 2008 &quot;Tra cuore e mente&quot; - PensieriParole magazine\" \/>\n<meta property=\"og:description\" content=\"Oggi vi vogliamo presentare il nostro nuovo concorso che sar\u00e0 disponibile dal prossimo 22 settembre. Andando avanti nella lettura capirete perch\u00e9 ve ne parliamo prima! Innanzitutto potranno partecipare tutti gli utenti pubblici registrati a PensieriParole e non si baser\u00e0 pi\u00f9 sulla quantit\u00e0, ma sulla qualit\u00e0 delle frasi inviate. Ognuno di voi potr\u00e0 quindi inviare una [&hellip;]\" \/>\n<meta property=\"og:url\" content=\"https:\/\/www.pensieriparole.it\/magazine\/200805289\/concorso-2008-tra-cuore-e-mente\" \/>\n<meta property=\"og:site_name\" content=\"PensieriParole magazine\" \/>\n<meta property=\"article:publisher\" content=\"https:\/\/www.facebook.com\/PensieriParole\" \/>\n<meta property=\"article:published_time\" content=\"2008-05-17T22:04:33+00:00\" \/>\n<meta name=\"author\" content=\"Staff PensieriParole\" \/>\n<meta name=\"twitter:card\" content=\"summary_large_image\" \/>\n<meta name=\"twitter:creator\" content=\"@pensieriparole\" \/>\n<meta name=\"twitter:site\" content=\"@pensieriparole\" \/>\n<meta name=\"twitter:label1\" content=\"Scritto da\" \/>\n\t<meta name=\"twitter:data1\" content=\"Staff PensieriParole\" \/>\n\t<meta name=\"twitter:label2\" content=\"Tempo di lettura stimato\" \/>\n\t<meta name=\"twitter:data2\" content=\"1 minuto\" \/>\n<script type=\"application\/ld+json\" class=\"yoast-schema-graph\">{\"@context\":\"https:\/\/schema.org\",\"@graph\":[{\"@type\":\"WebPage\",\"@id\":\"https:\/\/www.pensieriparole.it\/magazine\/200805289\/concorso-2008-tra-cuore-e-mente\",\"url\":\"https:\/\/www.pensieriparole.it\/magazine\/200805289\/concorso-2008-tra-cuore-e-mente\",\"name\":\"Concorso 2008 \\\"Tra cuore e mente\\\" - PensieriParole magazine\",\"isPartOf\":{\"@id\":\"https:\/\/www.pensieriparole.it\/magazine\/#website\"},\"datePublished\":\"2008-05-17T22:04:33+00:00\",\"dateModified\":\"2008-05-17T22:04:33+00:00\",\"author\":{\"@id\":\"https:\/\/www.pensieriparole.it\/magazine\/#\/schema\/person\/a92bf1826ef40cc0f09cdc4f3142df55\"},\"breadcrumb\":{\"@id\":\"https:\/\/www.pensieriparole.it\/magazine\/200805289\/concorso-2008-tra-cuore-e-mente#breadcrumb\"},\"inLanguage\":\"it-IT\",\"potentialAction\":[{\"@type\":\"ReadAction\",\"target\":[\"https:\/\/www.pensieriparole.it\/magazine\/200805289\/concorso-2008-tra-cuore-e-mente\"]}]},{\"@type\":\"BreadcrumbList\",\"@id\":\"https:\/\/www.pensieriparole.it\/magazine\/200805289\/concorso-2008-tra-cuore-e-mente#breadcrumb\",\"itemListElement\":[{\"@type\":\"ListItem\",\"position\":1,\"name\":\"Home\",\"item\":\"https:\/\/www.pensieriparole.it\/magazine\/\"},{\"@type\":\"ListItem\",\"position\":2,\"name\":\"Concorso 2008 &#8220;Tra cuore e mente&#8221;\"}]},{\"@type\":\"WebSite\",\"@id\":\"https:\/\/www.pensieriparole.it\/magazine\/#website\",\"url\":\"https:\/\/www.pensieriparole.it\/magazine\/\",\"name\":\"PensieriParole magazine\",\"description\":\"news &amp; curiosit\u00e0 dal mondo\",\"potentialAction\":[{\"@type\":\"SearchAction\",\"target\":{\"@type\":\"EntryPoint\",\"urlTemplate\":\"https:\/\/www.pensieriparole.it\/magazine\/?s={search_term_string}\"},\"query-input\":\"required name=search_term_string\"}],\"inLanguage\":\"it-IT\"},{\"@type\":\"Person\",\"@id\":\"https:\/\/www.pensieriparole.it\/magazine\/#\/schema\/person\/a92bf1826ef40cc0f09cdc4f3142df55\",\"name\":\"Staff PensieriParole\",\"sameAs\":[\"https:\/\/www.pensieriparole.it\/\"],\"url\":\"https:\/\/www.pensieriparole.it\/magazine\/author\/ppstaff\"}]}<\/script>\n<!-- \/ Yoast SEO plugin. -->","yoast_head_json":{"title":"Concorso 2008 \"Tra cuore e mente\" - PensieriParole magazine","robots":{"index":"index","follow":"follow","max-snippet":"max-snippet:-1","max-image-preview":"max-image-preview:large","max-video-preview":"max-video-preview:-1"},"canonical":"https:\/\/www.pensieriparole.it\/magazine\/200805289\/concorso-2008-tra-cuore-e-mente","og_locale":"it_IT","og_type":"article","og_title":"Concorso 2008 \"Tra cuore e mente\" - PensieriParole magazine","og_description":"Oggi vi vogliamo presentare il nostro nuovo concorso che sar\u00e0 disponibile dal prossimo 22 settembre. Andando avanti nella lettura capirete perch\u00e9 ve ne parliamo prima! Innanzitutto potranno partecipare tutti gli utenti pubblici registrati a PensieriParole e non si baser\u00e0 pi\u00f9 sulla quantit\u00e0, ma sulla qualit\u00e0 delle frasi inviate. Ognuno di voi potr\u00e0 quindi inviare una [&hellip;]","og_url":"https:\/\/www.pensieriparole.it\/magazine\/200805289\/concorso-2008-tra-cuore-e-mente","og_site_name":"PensieriParole magazine","article_publisher":"https:\/\/www.facebook.com\/PensieriParole","article_published_time":"2008-05-17T22:04:33+00:00","author":"Staff PensieriParole","twitter_card":"summary_large_image","twitter_creator":"@pensieriparole","twitter_site":"@pensieriparole","twitter_misc":{"Scritto da":"Staff PensieriParole","Tempo di lettura stimato":"1 minuto"},"schema":{"@context":"https:\/\/schema.org","@graph":[{"@type":"WebPage","@id":"https:\/\/www.pensieriparole.it\/magazine\/200805289\/concorso-2008-tra-cuore-e-mente","url":"https:\/\/www.pensieriparole.it\/magazine\/200805289\/concorso-2008-tra-cuore-e-mente","name":"Concorso 2008 \"Tra cuore e mente\" - PensieriParole magazine","isPartOf":{"@id":"https:\/\/www.pensieriparole.it\/magazine\/#website"},"datePublished":"2008-05-17T22:04:33+00:00","dateModified":"2008-05-17T22:04:33+00:00","author":{"@id":"https:\/\/www.pensieriparole.it\/magazine\/#\/schema\/person\/a92bf1826ef40cc0f09cdc4f3142df55"},"breadcrumb":{"@id":"https:\/\/www.pensieriparole.it\/magazine\/200805289\/concorso-2008-tra-cuore-e-mente#breadcrumb"},"inLanguage":"it-IT","potentialAction":[{"@type":"ReadAction","target":["https:\/\/www.pensieriparole.it\/magazine\/200805289\/concorso-2008-tra-cuore-e-mente"]}]},{"@type":"BreadcrumbList","@id":"https:\/\/www.pensieriparole.it\/magazine\/200805289\/concorso-2008-tra-cuore-e-mente#breadcrumb","itemListElement":[{"@type":"ListItem","position":1,"name":"Home","item":"https:\/\/www.pensieriparole.it\/magazine\/"},{"@type":"ListItem","position":2,"name":"Concorso 2008 &#8220;Tra cuore e mente&#8221;"}]},{"@type":"WebSite","@id":"https:\/\/www.pensieriparole.it\/magazine\/#website","url":"https:\/\/www.pensieriparole.it\/magazine\/","name":"PensieriParole magazine","description":"news &amp; curiosit\u00e0 dal mondo","potentialAction":[{"@type":"SearchAction","target":{"@type":"EntryPoint","urlTemplate":"https:\/\/www.pensieriparole.it\/magazine\/?s={search_term_string}"},"query-input":"required name=search_term_string"}],"inLanguage":"it-IT"},{"@type":"Person","@id":"https:\/\/www.pensieriparole.it\/magazine\/#\/schema\/person\/a92bf1826ef40cc0f09cdc4f3142df55","name":"Staff PensieriParole","sameAs":["https:\/\/www.pensieriparole.it\/"],"url":"https:\/\/www.pensieriparole.it\/magazine\/author\/ppstaff"}]}},"_links":{"self":[{"href":"https:\/\/www.pensieriparole.it\/magazine\/wp-json\/wp\/v2\/posts\/289"}],"collection":[{"href":"https:\/\/www.pensieriparole.it\/magazine\/wp-json\/wp\/v2\/posts"}],"about":[{"href":"https:\/\/www.pensieriparole.it\/magazine\/wp-json\/wp\/v2\/types\/post"}],"author":[{"embeddable":true,"href":"https:\/\/www.pensieriparole.it\/magazine\/wp-json\/wp\/v2\/users\/4"}],"replies":[{"embeddable":true,"href":"https:\/\/www.pensieriparole.it\/magazine\/wp-json\/wp\/v2\/comments?post=289"}],"version-history":[{"count":0,"href":"https:\/\/www.pensieriparole.it\/magazine\/wp-json\/wp\/v2\/posts\/289\/revisions"}],"wp:attachment":[{"href":"https:\/\/www.pensieriparole.it\/magazine\/wp-json\/wp\/v2\/media?parent=289"}],"wp:term":[{"taxonomy":"category","embeddable":true,"href":"https:\/\/www.pensieriparole.it\/magazine\/wp-json\/wp\/v2\/categories?post=289"},{"taxonomy":"post_tag","embeddable":true,"href":"https:\/\/www.pensieriparole.it\/magazine\/wp-json\/wp\/v2\/tags?post=289"}],"curies":[{"name":"wp","href":"https:\/\/api.w.org\/{rel}","templated":true}]}}