{"id":1757,"date":"2015-03-31T11:06:34","date_gmt":"2015-03-31T09:06:34","guid":{"rendered":"http:\/\/www.pensieriparole.it\/magazine\/?p=1757"},"modified":"2015-03-31T11:09:28","modified_gmt":"2015-03-31T09:09:28","slug":"papa-giovanni-paolo-ii-10-anni-dalla-scomparsa-di-un-uomo-che-sfido-la-storia","status":"publish","type":"post","link":"https:\/\/www.pensieriparole.it\/magazine\/2015031757\/papa-giovanni-paolo-ii-10-anni-dalla-scomparsa-di-un-uomo-che-sfido-la-storia","title":{"rendered":"Papa Giovanni Paolo II, 10 anni dalla scomparsa di un Uomo che sfid\u00f2 la storia"},"content":{"rendered":"<div id=\"fb-root\"><\/div>\n<p>Sono passati 10 anni da quella sera del <strong>2 aprile 2005<\/strong>, quando<a title=\"Papa Giovanni Paolo II_frasi PensieriParole\" href=\"https:\/\/www.pensieriparole.it\/aforismi\/autori\/p\/papa-giovanni-paolo-ii-(karol-wojtyla)\/pag1\" target=\"_blank\">\u00a0<strong>Papa Giovanni Paolo II<\/strong><\/a> si spense\u00a0nel Palazzo Apostolico della Citt\u00e0 del Vaticano, accompagnato dalla preghiera e i canti di 70 mila fedeli.<\/p>\n<blockquote><p>&#8220;Vi ho cercato, ora voi siete venuti da me: vi ringrazio&#8221;<\/p><\/blockquote>\n<p><strong><span class=\"value\">Papa Giovanni Paolo II (Karol Wojtyla)<\/span><\/strong><\/p>\n<p>Da quel giorno\u00a0fino all&#8217;8 aprile, quando hanno avuto luogo le Esequie del defunto Pontefice, pi\u00f9 di 3 milioni di pellegrini, cattolici e non, hanno reso omaggio a uno dei pontefici pi\u00f9 longevi della storia della Chiesa.<\/p>\n<p>Un ponteficato durato 27 anni &#8211; fu eletto Papa il 16 ottobre 1978 &#8211; che fu segnato da una fortissima azione politica e diplomatica soprattutto contro il comunismo e l&#8217;oppressione politica. Condann\u00f2 il capitalismo sfrenato e il consumismo e riusc\u00ec a compiere 104 viaggi in tutto il mondo con la partecipazione di enormi folle (tra le pi\u00f9 grandi mai riunite per eventi a carattere religioso), riuscendo a coprire una distanza\u00a0molto maggiore di quella coperta da tutti gli altri papi messi assieme.<\/p>\n<blockquote><p><a title=\"Frase papa Giovanni Paolo II\" href=\"da%20PensieriParole &lt;https:\/\/www.pensieriparole.it\/aforismi\/saggezza\/frase-104445?f=a:1371&gt;\" target=\"_blank\">&#8220;La violenza distrugge ci\u00f2 che vuole difendere: la dignit\u00e0, la libert\u00e0, e la vita delle persone.&#8221;<\/a><\/p><\/blockquote>\n<div class=\"context\">\n<div class=\"author\"><strong><span class=\"value\">Papa Giovanni Paolo II (Karol Wojtyla)<\/span><\/strong><\/div>\n<\/div>\n<p>&nbsp;<\/p>\n<p>Non venne frenato nemmeno dall&#8217;attentato che sub\u00ec il 13 maggio 1981 da parte di Mehmet Ali A\u011fca, un killer professionista turco, che gli spar\u00f2 tre colpi di pistola in piazza San Pietro, pochi minuti dopo che egli era entrato nella piazza per un&#8217;udienza generale, colpendolo all&#8217;addome. Due anni dopo infatti, nel Natale del 1983,\u00a0volle andare in prigione per incontrare il suo attentatore e dargli il suo perdono.<\/p>\n<p>Sempre in movimento,<a title=\"Frasi di Papa Giovanni Paolo II\" href=\"https:\/\/www.pensieriparole.it\/aforismi\/autori\/p\/papa-giovanni-paolo-ii-(karol-wojtyla)\/pag1\" target=\"_blank\"><strong> Papa<\/strong><em><strong> Wojty\u0142a<\/strong><\/em><\/a> venne definito &#8220;<em>l&#8217;atleta di Dio<\/em>&#8221; per le tantissime passioni sportive &#8211; calcio, sci, nuoto, canottaggio &#8211; e per il suo amore per la montagna.<\/p>\n<blockquote><p><a title=\"Frase papa Giovanni Paolo II\" href=\"https:\/\/www.pensieriparole.it\/aforismi\/frasi-natura\/frase-107199?f=a:1371\" target=\"_blank\">&#8220;Queste montagne suscitano nel cuore il senso dell&#8217;infinito, con il desiderio di sollevare la mente verso ci\u00f2 che \u00e8 sublime.&#8221;<\/a><\/p><\/blockquote>\n<div class=\"context\">\n<div class=\"author\"><strong><span class=\"value\">Papa Giovanni Paolo II (Karol Wojtyla)<\/span><\/strong><\/div>\n<\/div>\n<p>&nbsp;<\/p>\n<p><a href=\"https:\/\/www.pensieriparole.it\/magazine\/wp-content\/uploads\/2015\/03\/papa-Giovanni-Paolo-II.jpg\"><img decoding=\"async\" loading=\"lazy\" class=\"aligncenter size-medium wp-image-1759\" src=\"https:\/\/www.pensieriparole.it\/magazine\/wp-content\/uploads\/2015\/03\/papa-Giovanni-Paolo-II-263x300.jpg\" alt=\"papa Giovanni Paolo II\" width=\"263\" height=\"300\" srcset=\"https:\/\/www.pensieriparole.it\/magazine\/wp-content\/uploads\/2015\/03\/papa-Giovanni-Paolo-II-263x300.jpg 263w, https:\/\/www.pensieriparole.it\/magazine\/wp-content\/uploads\/2015\/03\/papa-Giovanni-Paolo-II-368x420.jpg 368w, https:\/\/www.pensieriparole.it\/magazine\/wp-content\/uploads\/2015\/03\/papa-Giovanni-Paolo-II-640x731.jpg 640w, https:\/\/www.pensieriparole.it\/magazine\/wp-content\/uploads\/2015\/03\/papa-Giovanni-Paolo-II-681x778.jpg 681w, https:\/\/www.pensieriparole.it\/magazine\/wp-content\/uploads\/2015\/03\/papa-Giovanni-Paolo-II.jpg 700w\" sizes=\"(max-width: 263px) 100vw, 263px\" \/><\/a><\/p>\n<p>Il <strong>1\u00b0 maggio 2011<\/strong> il suo successore, <a title=\"papa Benedetto XVI\" href=\"https:\/\/www.pensieriparole.it\/aforismi\/autori\/p\/papa-benedetto-xvi-(joseph-ratzinger)\/pag1\" target=\"_blank\"><strong>Papa Benedetto XVI<\/strong><\/a>, proclam\u00f2 beato <strong>Giovanni Paolo II<\/strong> &#8211; non accadeva da circa un millennio che un papa proclamasse beato il proprio immediato predecessore &#8211; mentre \u00e8 con <a title=\"Frasi papa Francesco\" href=\"https:\/\/www.pensieriparole.it\/aforismi\/autori\/p\/papa-francesco-(jorge-mario-bergoglio)\/pag1\" target=\"_blank\"><strong>Papa Francesco<\/strong><\/a>, il <strong>27 aprile 2014<\/strong>, che venne proclamato santo insieme\u00a0a <a title=\"Frasi Papa Giovanni XXIII\" href=\"https:\/\/www.pensieriparole.it\/aforismi\/autori\/p\/papa-giovanni-xxiii-(angelo-giuseppe-roncalli)\/pag1\" target=\"_blank\"><strong>Papa Giovanni XXIII<\/strong><\/a>.<\/p>\n<p><span style=\"text-decoration: underline;\"><em><strong>PensieriParole<\/strong> <\/em><\/span>con l&#8217;occasione vi invita a leggere le frasi pi\u00f9 belle di questo grande uomo che riusc\u00ec a sfidare la storia, cliccando <span style=\"text-decoration: underline;\"><strong><a title=\"Frasi papa Giovanni Paolo II\" href=\"https:\/\/www.pensieriparole.it\/frasi\/papa-giovanni-paolo-ii-(karol-wojtyla)\/\" target=\"_blank\">qui<\/a><\/strong><\/span>.<\/p>\n<p>&nbsp;<\/p>\n<p>&nbsp;<\/p>\n","protected":false},"excerpt":{"rendered":"<p>Sono passati 10 anni da quella sera del 2 aprile 2005, quando\u00a0Papa Giovanni Paolo II si spense\u00a0nel Palazzo Apostolico della Citt\u00e0 del Vaticano, accompagnato dalla preghiera e i canti di 70 mila fedeli. &#8220;Vi ho cercato, ora voi siete venuti da me: vi ringrazio&#8221; Papa Giovanni Paolo II (Karol Wojtyla) Da quel giorno\u00a0fino all&#8217;8 aprile, [&hellip;]<\/p>\n","protected":false},"author":5,"featured_media":1758,"comment_status":"open","ping_status":"open","sticky":false,"template":"","format":"standard","meta":{"tdm_status":"","tdm_grid_status":""},"categories":[19,14,18,3],"tags":[344,356,249,354,355],"yoast_head":"<!-- This site is optimized with the Yoast SEO plugin v19.11 - https:\/\/yoast.com\/wordpress\/plugins\/seo\/ -->\n<title>Papa Giovanni Paolo II, 10 anni dalla scomparsa di un Uomo che sfid\u00f2 la storia - PensieriParole magazine<\/title>\n<meta name=\"robots\" content=\"index, follow, max-snippet:-1, max-image-preview:large, max-video-preview:-1\" \/>\n<link rel=\"canonical\" href=\"https:\/\/www.pensieriparole.it\/magazine\/2015031757\/papa-giovanni-paolo-ii-10-anni-dalla-scomparsa-di-un-uomo-che-sfido-la-storia\" \/>\n<meta property=\"og:locale\" content=\"it_IT\" \/>\n<meta property=\"og:type\" content=\"article\" \/>\n<meta property=\"og:title\" content=\"Papa Giovanni Paolo II, 10 anni dalla scomparsa di un Uomo che sfid\u00f2 la storia - PensieriParole magazine\" \/>\n<meta property=\"og:description\" content=\"Sono passati 10 anni da quella sera del 2 aprile 2005, quando\u00a0Papa Giovanni Paolo II si spense\u00a0nel Palazzo Apostolico della Citt\u00e0 del Vaticano, accompagnato dalla preghiera e i canti di 70 mila fedeli. &#8220;Vi ho cercato, ora voi siete venuti da me: vi ringrazio&#8221; Papa Giovanni Paolo II (Karol Wojtyla) Da quel giorno\u00a0fino all&#8217;8 aprile, [&hellip;]\" \/>\n<meta property=\"og:url\" content=\"https:\/\/www.pensieriparole.it\/magazine\/2015031757\/papa-giovanni-paolo-ii-10-anni-dalla-scomparsa-di-un-uomo-che-sfido-la-storia\" \/>\n<meta property=\"og:site_name\" content=\"PensieriParole magazine\" \/>\n<meta property=\"article:publisher\" content=\"https:\/\/www.facebook.com\/PensieriParole\" \/>\n<meta property=\"article:published_time\" content=\"2015-03-31T09:06:34+00:00\" \/>\n<meta property=\"article:modified_time\" content=\"2015-03-31T09:09:28+00:00\" \/>\n<meta property=\"og:image\" content=\"https:\/\/www.pensieriparole.it\/magazine\/wp-content\/uploads\/2015\/03\/Giovanni-Paolo-II.jpg\" \/>\n\t<meta property=\"og:image:width\" content=\"5544\" \/>\n\t<meta property=\"og:image:height\" content=\"3732\" \/>\n\t<meta property=\"og:image:type\" content=\"image\/jpeg\" \/>\n<meta name=\"author\" content=\"Sylvia Drago\" \/>\n<meta name=\"twitter:card\" content=\"summary_large_image\" \/>\n<meta name=\"twitter:creator\" content=\"@pensieriparole\" \/>\n<meta name=\"twitter:site\" content=\"@pensieriparole\" \/>\n<meta name=\"twitter:label1\" content=\"Scritto da\" \/>\n\t<meta name=\"twitter:data1\" content=\"Sylvia Drago\" \/>\n\t<meta name=\"twitter:label2\" content=\"Tempo di lettura stimato\" \/>\n\t<meta name=\"twitter:data2\" content=\"2 minuti\" \/>\n<script type=\"application\/ld+json\" class=\"yoast-schema-graph\">{\"@context\":\"https:\/\/schema.org\",\"@graph\":[{\"@type\":\"WebPage\",\"@id\":\"https:\/\/www.pensieriparole.it\/magazine\/2015031757\/papa-giovanni-paolo-ii-10-anni-dalla-scomparsa-di-un-uomo-che-sfido-la-storia\",\"url\":\"https:\/\/www.pensieriparole.it\/magazine\/2015031757\/papa-giovanni-paolo-ii-10-anni-dalla-scomparsa-di-un-uomo-che-sfido-la-storia\",\"name\":\"Papa Giovanni Paolo II, 10 anni dalla scomparsa di un Uomo che sfid\u00f2 la storia - PensieriParole magazine\",\"isPartOf\":{\"@id\":\"https:\/\/www.pensieriparole.it\/magazine\/#website\"},\"datePublished\":\"2015-03-31T09:06:34+00:00\",\"dateModified\":\"2015-03-31T09:09:28+00:00\",\"author\":{\"@id\":\"https:\/\/www.pensieriparole.it\/magazine\/#\/schema\/person\/626b86f7925f6c38a002140b5a05f902\"},\"breadcrumb\":{\"@id\":\"https:\/\/www.pensieriparole.it\/magazine\/2015031757\/papa-giovanni-paolo-ii-10-anni-dalla-scomparsa-di-un-uomo-che-sfido-la-storia#breadcrumb\"},\"inLanguage\":\"it-IT\",\"potentialAction\":[{\"@type\":\"ReadAction\",\"target\":[\"https:\/\/www.pensieriparole.it\/magazine\/2015031757\/papa-giovanni-paolo-ii-10-anni-dalla-scomparsa-di-un-uomo-che-sfido-la-storia\"]}]},{\"@type\":\"BreadcrumbList\",\"@id\":\"https:\/\/www.pensieriparole.it\/magazine\/2015031757\/papa-giovanni-paolo-ii-10-anni-dalla-scomparsa-di-un-uomo-che-sfido-la-storia#breadcrumb\",\"itemListElement\":[{\"@type\":\"ListItem\",\"position\":1,\"name\":\"Home\",\"item\":\"https:\/\/www.pensieriparole.it\/magazine\/\"},{\"@type\":\"ListItem\",\"position\":2,\"name\":\"Papa Giovanni Paolo II, 10 anni dalla scomparsa di un Uomo che sfid\u00f2 la storia\"}]},{\"@type\":\"WebSite\",\"@id\":\"https:\/\/www.pensieriparole.it\/magazine\/#website\",\"url\":\"https:\/\/www.pensieriparole.it\/magazine\/\",\"name\":\"PensieriParole magazine\",\"description\":\"news &amp; curiosit\u00e0 dal mondo\",\"potentialAction\":[{\"@type\":\"SearchAction\",\"target\":{\"@type\":\"EntryPoint\",\"urlTemplate\":\"https:\/\/www.pensieriparole.it\/magazine\/?s={search_term_string}\"},\"query-input\":\"required name=search_term_string\"}],\"inLanguage\":\"it-IT\"},{\"@type\":\"Person\",\"@id\":\"https:\/\/www.pensieriparole.it\/magazine\/#\/schema\/person\/626b86f7925f6c38a002140b5a05f902\",\"name\":\"Sylvia Drago\",\"url\":\"https:\/\/www.pensieriparole.it\/magazine\/author\/sylvia\"}]}<\/script>\n<!-- \/ Yoast SEO plugin. -->","yoast_head_json":{"title":"Papa Giovanni Paolo II, 10 anni dalla scomparsa di un Uomo che sfid\u00f2 la storia - PensieriParole magazine","robots":{"index":"index","follow":"follow","max-snippet":"max-snippet:-1","max-image-preview":"max-image-preview:large","max-video-preview":"max-video-preview:-1"},"canonical":"https:\/\/www.pensieriparole.it\/magazine\/2015031757\/papa-giovanni-paolo-ii-10-anni-dalla-scomparsa-di-un-uomo-che-sfido-la-storia","og_locale":"it_IT","og_type":"article","og_title":"Papa Giovanni Paolo II, 10 anni dalla scomparsa di un Uomo che sfid\u00f2 la storia - PensieriParole magazine","og_description":"Sono passati 10 anni da quella sera del 2 aprile 2005, quando\u00a0Papa Giovanni Paolo II si spense\u00a0nel Palazzo Apostolico della Citt\u00e0 del Vaticano, accompagnato dalla preghiera e i canti di 70 mila fedeli. &#8220;Vi ho cercato, ora voi siete venuti da me: vi ringrazio&#8221; Papa Giovanni Paolo II (Karol Wojtyla) Da quel giorno\u00a0fino all&#8217;8 aprile, [&hellip;]","og_url":"https:\/\/www.pensieriparole.it\/magazine\/2015031757\/papa-giovanni-paolo-ii-10-anni-dalla-scomparsa-di-un-uomo-che-sfido-la-storia","og_site_name":"PensieriParole magazine","article_publisher":"https:\/\/www.facebook.com\/PensieriParole","article_published_time":"2015-03-31T09:06:34+00:00","article_modified_time":"2015-03-31T09:09:28+00:00","og_image":[{"width":5544,"height":3732,"url":"https:\/\/www.pensieriparole.it\/magazine\/wp-content\/uploads\/2015\/03\/Giovanni-Paolo-II.jpg","type":"image\/jpeg"}],"author":"Sylvia Drago","twitter_card":"summary_large_image","twitter_creator":"@pensieriparole","twitter_site":"@pensieriparole","twitter_misc":{"Scritto da":"Sylvia Drago","Tempo di lettura stimato":"2 minuti"},"schema":{"@context":"https:\/\/schema.org","@graph":[{"@type":"WebPage","@id":"https:\/\/www.pensieriparole.it\/magazine\/2015031757\/papa-giovanni-paolo-ii-10-anni-dalla-scomparsa-di-un-uomo-che-sfido-la-storia","url":"https:\/\/www.pensieriparole.it\/magazine\/2015031757\/papa-giovanni-paolo-ii-10-anni-dalla-scomparsa-di-un-uomo-che-sfido-la-storia","name":"Papa Giovanni Paolo II, 10 anni dalla scomparsa di un Uomo che sfid\u00f2 la storia - PensieriParole magazine","isPartOf":{"@id":"https:\/\/www.pensieriparole.it\/magazine\/#website"},"datePublished":"2015-03-31T09:06:34+00:00","dateModified":"2015-03-31T09:09:28+00:00","author":{"@id":"https:\/\/www.pensieriparole.it\/magazine\/#\/schema\/person\/626b86f7925f6c38a002140b5a05f902"},"breadcrumb":{"@id":"https:\/\/www.pensieriparole.it\/magazine\/2015031757\/papa-giovanni-paolo-ii-10-anni-dalla-scomparsa-di-un-uomo-che-sfido-la-storia#breadcrumb"},"inLanguage":"it-IT","potentialAction":[{"@type":"ReadAction","target":["https:\/\/www.pensieriparole.it\/magazine\/2015031757\/papa-giovanni-paolo-ii-10-anni-dalla-scomparsa-di-un-uomo-che-sfido-la-storia"]}]},{"@type":"BreadcrumbList","@id":"https:\/\/www.pensieriparole.it\/magazine\/2015031757\/papa-giovanni-paolo-ii-10-anni-dalla-scomparsa-di-un-uomo-che-sfido-la-storia#breadcrumb","itemListElement":[{"@type":"ListItem","position":1,"name":"Home","item":"https:\/\/www.pensieriparole.it\/magazine\/"},{"@type":"ListItem","position":2,"name":"Papa Giovanni Paolo II, 10 anni dalla scomparsa di un Uomo che sfid\u00f2 la storia"}]},{"@type":"WebSite","@id":"https:\/\/www.pensieriparole.it\/magazine\/#website","url":"https:\/\/www.pensieriparole.it\/magazine\/","name":"PensieriParole magazine","description":"news &amp; curiosit\u00e0 dal mondo","potentialAction":[{"@type":"SearchAction","target":{"@type":"EntryPoint","urlTemplate":"https:\/\/www.pensieriparole.it\/magazine\/?s={search_term_string}"},"query-input":"required name=search_term_string"}],"inLanguage":"it-IT"},{"@type":"Person","@id":"https:\/\/www.pensieriparole.it\/magazine\/#\/schema\/person\/626b86f7925f6c38a002140b5a05f902","name":"Sylvia Drago","url":"https:\/\/www.pensieriparole.it\/magazine\/author\/sylvia"}]}},"_links":{"self":[{"href":"https:\/\/www.pensieriparole.it\/magazine\/wp-json\/wp\/v2\/posts\/1757"}],"collection":[{"href":"https:\/\/www.pensieriparole.it\/magazine\/wp-json\/wp\/v2\/posts"}],"about":[{"href":"https:\/\/www.pensieriparole.it\/magazine\/wp-json\/wp\/v2\/types\/post"}],"author":[{"embeddable":true,"href":"https:\/\/www.pensieriparole.it\/magazine\/wp-json\/wp\/v2\/users\/5"}],"replies":[{"embeddable":true,"href":"https:\/\/www.pensieriparole.it\/magazine\/wp-json\/wp\/v2\/comments?post=1757"}],"version-history":[{"count":3,"href":"https:\/\/www.pensieriparole.it\/magazine\/wp-json\/wp\/v2\/posts\/1757\/revisions"}],"predecessor-version":[{"id":1762,"href":"https:\/\/www.pensieriparole.it\/magazine\/wp-json\/wp\/v2\/posts\/1757\/revisions\/1762"}],"wp:featuredmedia":[{"embeddable":true,"href":"https:\/\/www.pensieriparole.it\/magazine\/wp-json\/wp\/v2\/media\/1758"}],"wp:attachment":[{"href":"https:\/\/www.pensieriparole.it\/magazine\/wp-json\/wp\/v2\/media?parent=1757"}],"wp:term":[{"taxonomy":"category","embeddable":true,"href":"https:\/\/www.pensieriparole.it\/magazine\/wp-json\/wp\/v2\/categories?post=1757"},{"taxonomy":"post_tag","embeddable":true,"href":"https:\/\/www.pensieriparole.it\/magazine\/wp-json\/wp\/v2\/tags?post=1757"}],"curies":[{"name":"wp","href":"https:\/\/api.w.org\/{rel}","templated":true}]}}