{"id":1688,"date":"2015-03-25T10:56:56","date_gmt":"2015-03-25T09:56:56","guid":{"rendered":"http:\/\/www.pensieriparole.it\/magazine\/?p=1688"},"modified":"2015-03-25T10:57:49","modified_gmt":"2015-03-25T09:57:49","slug":"joe-bastianich-nuovo-ambasciatore-expo-milano-2015","status":"publish","type":"post","link":"https:\/\/www.pensieriparole.it\/magazine\/2015031688\/joe-bastianich-nuovo-ambasciatore-expo-milano-2015","title":{"rendered":"Joe Bastianich, nuovo ambasciatore Expo Milano 2015"},"content":{"rendered":"<div id=\"fb-root\"><\/div>\n<p>Il paladino della cucina di eccellenza <em><strong>Joe Bastianich<\/strong><\/em>, nonch\u00e9\u00a0eclettico imprenditore statunitense, apprezzato a livello internazionale,\u00a0\u00e8 il nuovo ambasciatore per l&#8217;<a title=\"Expo 2015: -50 giorni, il countdown in centro a Milano\" href=\"https:\/\/www.pensieriparole.it\/magazine\/2015031226\/expo-2015-50-giorni-il-countdown-in-centro-a-milano\" target=\"_blank\"><strong>Expo Milano 2015<\/strong><\/a>.<\/p>\n<p>Volto noto al grande pubblico per il ruolo di attento giudice in <a title=\"MasterChef 5: Antonino Cannavacciuolo diventa quarto giudice\" href=\"https:\/\/www.pensieriparole.it\/magazine\/2015031035\/masterchef-5-antonino-cannavacciuolo-diventa-quarto-giudice\" target=\"_blank\"><strong>MasterChef Italia<\/strong><\/a> e <strong>USA<\/strong>, \u00e8 il paladino della buona cucina che esalta le materie prime. Ristoratore di successo, con ristoranti in tutto il mondo, proprietario di aziende vinicole\u00a0e scrittore,\u00a0<strong>Bastianich<\/strong> ha dedicato la sua vita alla\u00a0enogastronomia e per l&#8217;Esposizione Universale ha affermato: &#8220;<em>Il cibo \u00e8 ormai diventato una priorit\u00e0 della nostra vita quotidiana, ecco perch\u00e9 \u00e8 fondamentale comprendere cosa e come mangiamo, soprattutto per quanto concerne le generazioni che verranno<\/em>\u201d.<\/p>\n<p>Legato alle tradizioni\u00a0culinarie italiane e alla dieta mediterranea, vede l&#8217;Expo 2015 come un&#8217;occasione\u00a0davvero importante per ragionare sul futuro dell\u2019alimentazione a livello globale: &#8220;<em>All&#8217;<strong>Esposizione Universale<\/strong> nasceranno idee che apriranno la strada a soluzioni e strategie condivise per capire come mangiare bene e sano. Bisogna far passare il messaggio che <strong>nutrirsi tutti, in maniera corretta ed equilibrata \u00e8 un diritto e non un privilegio.<\/strong><\/em>&#8221;<\/p>\n<p><strong>Giuseppe Sala<\/strong>,\u00a0Commissario Unico delegato del Governo per Expo Milano 2015, accoglie con particolare soddisfazione Bastianich: &#8220;<em>Stiamo parlando di un imprenditore conosciuto a livello internazionale e che diffonde con successo in ogni parte del mondo un modello di alimentazione di alta qualit\u00e0. Una cultura del cibo che affonda le radici nella tradizione ma che si arricchisce dell\u2019innovazione e della ricerca in campo enogastronomico. Il suo contributo di idee e di esperienza rappresenter\u00e0 sicuramente un valore aggiunto per l\u2019evento espositivo e ben si sposa con le tematiche della manifestazione<\/em>\u201d.<\/p>\n<p>&nbsp;<\/p>\n","protected":false},"excerpt":{"rendered":"<p>Il paladino della cucina di eccellenza Joe Bastianich, nonch\u00e9\u00a0eclettico imprenditore statunitense, apprezzato a livello internazionale,\u00a0\u00e8 il nuovo ambasciatore per l&#8217;Expo Milano 2015. Volto noto al grande pubblico per il ruolo di attento giudice in MasterChef Italia e USA, \u00e8 il paladino della buona cucina che esalta le materie prime. Ristoratore di successo, con ristoranti in [&hellip;]<\/p>\n","protected":false},"author":5,"featured_media":1689,"comment_status":"open","ping_status":"open","sticky":false,"template":"","format":"standard","meta":{"tdm_status":"","tdm_grid_status":""},"categories":[19,207,22,122],"tags":[326,278,325,126],"yoast_head":"<!-- This site is optimized with the Yoast SEO plugin v19.11 - https:\/\/yoast.com\/wordpress\/plugins\/seo\/ -->\n<title>Joe Bastianich, nuovo ambasciatore Expo Milano 2015 - PensieriParole magazine<\/title>\n<meta name=\"robots\" content=\"index, follow, max-snippet:-1, max-image-preview:large, max-video-preview:-1\" \/>\n<link rel=\"canonical\" href=\"https:\/\/www.pensieriparole.it\/magazine\/2015031688\/joe-bastianich-nuovo-ambasciatore-expo-milano-2015\" \/>\n<meta property=\"og:locale\" content=\"it_IT\" \/>\n<meta property=\"og:type\" content=\"article\" \/>\n<meta property=\"og:title\" content=\"Joe Bastianich, nuovo ambasciatore Expo Milano 2015 - PensieriParole magazine\" \/>\n<meta property=\"og:description\" content=\"Il paladino della cucina di eccellenza Joe Bastianich, nonch\u00e9\u00a0eclettico imprenditore statunitense, apprezzato a livello internazionale,\u00a0\u00e8 il nuovo ambasciatore per l&#8217;Expo Milano 2015. Volto noto al grande pubblico per il ruolo di attento giudice in MasterChef Italia e USA, \u00e8 il paladino della buona cucina che esalta le materie prime. Ristoratore di successo, con ristoranti in [&hellip;]\" \/>\n<meta property=\"og:url\" content=\"https:\/\/www.pensieriparole.it\/magazine\/2015031688\/joe-bastianich-nuovo-ambasciatore-expo-milano-2015\" \/>\n<meta property=\"og:site_name\" content=\"PensieriParole magazine\" \/>\n<meta property=\"article:publisher\" content=\"https:\/\/www.facebook.com\/PensieriParole\" \/>\n<meta property=\"article:published_time\" content=\"2015-03-25T09:56:56+00:00\" \/>\n<meta property=\"article:modified_time\" content=\"2015-03-25T09:57:49+00:00\" \/>\n<meta property=\"og:image\" content=\"https:\/\/www.pensieriparole.it\/magazine\/wp-content\/uploads\/2015\/03\/Joe-Bastianich.jpg\" \/>\n\t<meta property=\"og:image:width\" content=\"462\" \/>\n\t<meta property=\"og:image:height\" content=\"700\" \/>\n\t<meta property=\"og:image:type\" content=\"image\/jpeg\" \/>\n<meta name=\"author\" content=\"Sylvia Drago\" \/>\n<meta name=\"twitter:card\" content=\"summary_large_image\" \/>\n<meta name=\"twitter:creator\" content=\"@pensieriparole\" \/>\n<meta name=\"twitter:site\" content=\"@pensieriparole\" \/>\n<meta name=\"twitter:label1\" content=\"Scritto da\" \/>\n\t<meta name=\"twitter:data1\" content=\"Sylvia Drago\" \/>\n\t<meta name=\"twitter:label2\" content=\"Tempo di lettura stimato\" \/>\n\t<meta name=\"twitter:data2\" content=\"1 minuto\" \/>\n<script type=\"application\/ld+json\" class=\"yoast-schema-graph\">{\"@context\":\"https:\/\/schema.org\",\"@graph\":[{\"@type\":\"WebPage\",\"@id\":\"https:\/\/www.pensieriparole.it\/magazine\/2015031688\/joe-bastianich-nuovo-ambasciatore-expo-milano-2015\",\"url\":\"https:\/\/www.pensieriparole.it\/magazine\/2015031688\/joe-bastianich-nuovo-ambasciatore-expo-milano-2015\",\"name\":\"Joe Bastianich, nuovo ambasciatore Expo Milano 2015 - PensieriParole magazine\",\"isPartOf\":{\"@id\":\"https:\/\/www.pensieriparole.it\/magazine\/#website\"},\"datePublished\":\"2015-03-25T09:56:56+00:00\",\"dateModified\":\"2015-03-25T09:57:49+00:00\",\"author\":{\"@id\":\"https:\/\/www.pensieriparole.it\/magazine\/#\/schema\/person\/626b86f7925f6c38a002140b5a05f902\"},\"breadcrumb\":{\"@id\":\"https:\/\/www.pensieriparole.it\/magazine\/2015031688\/joe-bastianich-nuovo-ambasciatore-expo-milano-2015#breadcrumb\"},\"inLanguage\":\"it-IT\",\"potentialAction\":[{\"@type\":\"ReadAction\",\"target\":[\"https:\/\/www.pensieriparole.it\/magazine\/2015031688\/joe-bastianich-nuovo-ambasciatore-expo-milano-2015\"]}]},{\"@type\":\"BreadcrumbList\",\"@id\":\"https:\/\/www.pensieriparole.it\/magazine\/2015031688\/joe-bastianich-nuovo-ambasciatore-expo-milano-2015#breadcrumb\",\"itemListElement\":[{\"@type\":\"ListItem\",\"position\":1,\"name\":\"Home\",\"item\":\"https:\/\/www.pensieriparole.it\/magazine\/\"},{\"@type\":\"ListItem\",\"position\":2,\"name\":\"Joe Bastianich, nuovo ambasciatore Expo Milano 2015\"}]},{\"@type\":\"WebSite\",\"@id\":\"https:\/\/www.pensieriparole.it\/magazine\/#website\",\"url\":\"https:\/\/www.pensieriparole.it\/magazine\/\",\"name\":\"PensieriParole magazine\",\"description\":\"news &amp; curiosit\u00e0 dal mondo\",\"potentialAction\":[{\"@type\":\"SearchAction\",\"target\":{\"@type\":\"EntryPoint\",\"urlTemplate\":\"https:\/\/www.pensieriparole.it\/magazine\/?s={search_term_string}\"},\"query-input\":\"required name=search_term_string\"}],\"inLanguage\":\"it-IT\"},{\"@type\":\"Person\",\"@id\":\"https:\/\/www.pensieriparole.it\/magazine\/#\/schema\/person\/626b86f7925f6c38a002140b5a05f902\",\"name\":\"Sylvia Drago\",\"url\":\"https:\/\/www.pensieriparole.it\/magazine\/author\/sylvia\"}]}<\/script>\n<!-- \/ Yoast SEO plugin. -->","yoast_head_json":{"title":"Joe Bastianich, nuovo ambasciatore Expo Milano 2015 - PensieriParole magazine","robots":{"index":"index","follow":"follow","max-snippet":"max-snippet:-1","max-image-preview":"max-image-preview:large","max-video-preview":"max-video-preview:-1"},"canonical":"https:\/\/www.pensieriparole.it\/magazine\/2015031688\/joe-bastianich-nuovo-ambasciatore-expo-milano-2015","og_locale":"it_IT","og_type":"article","og_title":"Joe Bastianich, nuovo ambasciatore Expo Milano 2015 - PensieriParole magazine","og_description":"Il paladino della cucina di eccellenza Joe Bastianich, nonch\u00e9\u00a0eclettico imprenditore statunitense, apprezzato a livello internazionale,\u00a0\u00e8 il nuovo ambasciatore per l&#8217;Expo Milano 2015. Volto noto al grande pubblico per il ruolo di attento giudice in MasterChef Italia e USA, \u00e8 il paladino della buona cucina che esalta le materie prime. Ristoratore di successo, con ristoranti in [&hellip;]","og_url":"https:\/\/www.pensieriparole.it\/magazine\/2015031688\/joe-bastianich-nuovo-ambasciatore-expo-milano-2015","og_site_name":"PensieriParole magazine","article_publisher":"https:\/\/www.facebook.com\/PensieriParole","article_published_time":"2015-03-25T09:56:56+00:00","article_modified_time":"2015-03-25T09:57:49+00:00","og_image":[{"width":462,"height":700,"url":"https:\/\/www.pensieriparole.it\/magazine\/wp-content\/uploads\/2015\/03\/Joe-Bastianich.jpg","type":"image\/jpeg"}],"author":"Sylvia Drago","twitter_card":"summary_large_image","twitter_creator":"@pensieriparole","twitter_site":"@pensieriparole","twitter_misc":{"Scritto da":"Sylvia Drago","Tempo di lettura stimato":"1 minuto"},"schema":{"@context":"https:\/\/schema.org","@graph":[{"@type":"WebPage","@id":"https:\/\/www.pensieriparole.it\/magazine\/2015031688\/joe-bastianich-nuovo-ambasciatore-expo-milano-2015","url":"https:\/\/www.pensieriparole.it\/magazine\/2015031688\/joe-bastianich-nuovo-ambasciatore-expo-milano-2015","name":"Joe Bastianich, nuovo ambasciatore Expo Milano 2015 - PensieriParole magazine","isPartOf":{"@id":"https:\/\/www.pensieriparole.it\/magazine\/#website"},"datePublished":"2015-03-25T09:56:56+00:00","dateModified":"2015-03-25T09:57:49+00:00","author":{"@id":"https:\/\/www.pensieriparole.it\/magazine\/#\/schema\/person\/626b86f7925f6c38a002140b5a05f902"},"breadcrumb":{"@id":"https:\/\/www.pensieriparole.it\/magazine\/2015031688\/joe-bastianich-nuovo-ambasciatore-expo-milano-2015#breadcrumb"},"inLanguage":"it-IT","potentialAction":[{"@type":"ReadAction","target":["https:\/\/www.pensieriparole.it\/magazine\/2015031688\/joe-bastianich-nuovo-ambasciatore-expo-milano-2015"]}]},{"@type":"BreadcrumbList","@id":"https:\/\/www.pensieriparole.it\/magazine\/2015031688\/joe-bastianich-nuovo-ambasciatore-expo-milano-2015#breadcrumb","itemListElement":[{"@type":"ListItem","position":1,"name":"Home","item":"https:\/\/www.pensieriparole.it\/magazine\/"},{"@type":"ListItem","position":2,"name":"Joe Bastianich, nuovo ambasciatore Expo Milano 2015"}]},{"@type":"WebSite","@id":"https:\/\/www.pensieriparole.it\/magazine\/#website","url":"https:\/\/www.pensieriparole.it\/magazine\/","name":"PensieriParole magazine","description":"news &amp; curiosit\u00e0 dal mondo","potentialAction":[{"@type":"SearchAction","target":{"@type":"EntryPoint","urlTemplate":"https:\/\/www.pensieriparole.it\/magazine\/?s={search_term_string}"},"query-input":"required name=search_term_string"}],"inLanguage":"it-IT"},{"@type":"Person","@id":"https:\/\/www.pensieriparole.it\/magazine\/#\/schema\/person\/626b86f7925f6c38a002140b5a05f902","name":"Sylvia Drago","url":"https:\/\/www.pensieriparole.it\/magazine\/author\/sylvia"}]}},"_links":{"self":[{"href":"https:\/\/www.pensieriparole.it\/magazine\/wp-json\/wp\/v2\/posts\/1688"}],"collection":[{"href":"https:\/\/www.pensieriparole.it\/magazine\/wp-json\/wp\/v2\/posts"}],"about":[{"href":"https:\/\/www.pensieriparole.it\/magazine\/wp-json\/wp\/v2\/types\/post"}],"author":[{"embeddable":true,"href":"https:\/\/www.pensieriparole.it\/magazine\/wp-json\/wp\/v2\/users\/5"}],"replies":[{"embeddable":true,"href":"https:\/\/www.pensieriparole.it\/magazine\/wp-json\/wp\/v2\/comments?post=1688"}],"version-history":[{"count":1,"href":"https:\/\/www.pensieriparole.it\/magazine\/wp-json\/wp\/v2\/posts\/1688\/revisions"}],"predecessor-version":[{"id":1690,"href":"https:\/\/www.pensieriparole.it\/magazine\/wp-json\/wp\/v2\/posts\/1688\/revisions\/1690"}],"wp:featuredmedia":[{"embeddable":true,"href":"https:\/\/www.pensieriparole.it\/magazine\/wp-json\/wp\/v2\/media\/1689"}],"wp:attachment":[{"href":"https:\/\/www.pensieriparole.it\/magazine\/wp-json\/wp\/v2\/media?parent=1688"}],"wp:term":[{"taxonomy":"category","embeddable":true,"href":"https:\/\/www.pensieriparole.it\/magazine\/wp-json\/wp\/v2\/categories?post=1688"},{"taxonomy":"post_tag","embeddable":true,"href":"https:\/\/www.pensieriparole.it\/magazine\/wp-json\/wp\/v2\/tags?post=1688"}],"curies":[{"name":"wp","href":"https:\/\/api.w.org\/{rel}","templated":true}]}}