{"id":1634,"date":"2015-03-24T12:23:57","date_gmt":"2015-03-24T11:23:57","guid":{"rendered":"http:\/\/www.pensieriparole.it\/magazine\/?p=1634"},"modified":"2015-03-24T12:24:43","modified_gmt":"2015-03-24T11:24:43","slug":"le-10-suite-piu-belle-e-care-al-mondo","status":"publish","type":"post","link":"https:\/\/www.pensieriparole.it\/magazine\/2015031634\/le-10-suite-piu-belle-e-care-al-mondo","title":{"rendered":"Le 10 suite pi\u00f9 belle (e care) al mondo"},"content":{"rendered":"<div id=\"fb-root\"><\/div>\n<p>Eleganti, moderne, classiche o barocche, ma\u00a0soprattutto\u00a0alla portata di pochissimi fortunati. Sono le suite pi\u00f9 belle e lussuose del mondo; veri e propri appartamenti\u00a0la cui superficie minima \u00e8 di 300 mq ma arrivano fino a 1000 (esclusa la terrazza), e il cui prezzo\u00a0pu\u00f2 costare anche 62.000 euro.<\/p>\n<p>Da Parigi a Dubai, da New York all&#8217;Estremo Oriente, <strong>10 magnifiche suite<\/strong> complete di ogni confort per soddisfare ogni desiderio: dal maggiordomo allo chef privato, dalla spa riservata alla palestra.<\/p>\n<h4><strong>Royal Penthouse Suite,\u00a0<\/strong><strong>Ginevra<\/strong><\/h4>\n<p><a href=\"https:\/\/www.pensieriparole.it\/magazine\/wp-content\/uploads\/2015\/03\/Royal-Penthouse-Suite.jpg\"><img decoding=\"async\" loading=\"lazy\" class=\"  wp-image-1637 aligncenter\" src=\"https:\/\/www.pensieriparole.it\/magazine\/wp-content\/uploads\/2015\/03\/Royal-Penthouse-Suite-300x169.jpg\" alt=\"Royal Penthouse Suite\" width=\"394\" height=\"222\" srcset=\"https:\/\/www.pensieriparole.it\/magazine\/wp-content\/uploads\/2015\/03\/Royal-Penthouse-Suite-300x169.jpg 300w, https:\/\/www.pensieriparole.it\/magazine\/wp-content\/uploads\/2015\/03\/Royal-Penthouse-Suite-1024x576.jpg 1024w, https:\/\/www.pensieriparole.it\/magazine\/wp-content\/uploads\/2015\/03\/Royal-Penthouse-Suite-747x420.jpg 747w, https:\/\/www.pensieriparole.it\/magazine\/wp-content\/uploads\/2015\/03\/Royal-Penthouse-Suite-640x360.jpg 640w, https:\/\/www.pensieriparole.it\/magazine\/wp-content\/uploads\/2015\/03\/Royal-Penthouse-Suite-681x383.jpg 681w, https:\/\/www.pensieriparole.it\/magazine\/wp-content\/uploads\/2015\/03\/Royal-Penthouse-Suite.jpg 1600w\" sizes=\"(max-width: 394px) 100vw, 394px\" \/><\/a><\/p>\n<p>&nbsp;<\/p>\n<p>La suite pi\u00f9 costosa al mondo. Per alloggiare alla <strong>Royal Penthouse Suite<\/strong> di Ginevra ci vogliono poco pi\u00f9 di <strong>60.000 euro<\/strong>. Dodici stanze da letto, tutte dotate di bagno personale, in cui hanno alloggiato personalit\u00e0 quali\u00a0il <strong>Presidente Clinton<\/strong>, <strong>Bill Gates<\/strong> e <strong>Rihanna<\/strong>.<\/p>\n<p>Per info:\u00a0<a title=\"Royal Penthouse Suite\" href=\"http:\/\/www.hotelpresidentwilson.com\/en\/rooms\/royal-penthouse\" target=\"_blank\">hotelpresidentwilson.com<\/a><\/p>\n<h4><strong class=\"titolo\">Royal Suite, Dubai\u00a0<\/strong><\/h4>\n\r\n                <style type=\"text\/css\">\r\n                    \r\n                    #tdi_1  .td-doubleSlider-2 .td-item1 {\r\n                        background: url(https:\/\/www.pensieriparole.it\/magazine\/wp-content\/uploads\/2015\/03\/Royal-Bridge-Suite-Dubai-2-80x60.jpg) 0 0 no-repeat;\r\n                    }\r\n                    #tdi_1  .td-doubleSlider-2 .td-item2 {\r\n                        background: url(https:\/\/www.pensieriparole.it\/magazine\/wp-content\/uploads\/2015\/03\/Royal-Bridge-Suite-Dubai-80x60.jpg) 0 0 no-repeat;\r\n                    }\r\n                <\/style>\r\n\r\n                <div id=\"tdi_1\" class=\"td-gallery td-slide-on-2-columns\">\r\n                    <div class=\"post_td_gallery\">\r\n                        <div class=\"td-gallery-slide-top\">\r\n                           <div class=\"td-gallery-title\"><\/div>\r\n\r\n                            <div class=\"td-gallery-controls-wrapper\">\r\n                                <div class=\"td-gallery-slide-count\"><span class=\"td-gallery-slide-item-focus\">1<\/span> of 2<\/div>\r\n                                <div class=\"td-gallery-slide-prev-next-but\">\r\n                                    <i class = \"td-icon-left doubleSliderPrevButton\"><\/i>\r\n                                    <i class = \"td-icon-right doubleSliderNextButton\"><\/i>\r\n                                <\/div>\r\n                            <\/div>\r\n                        <\/div>\r\n\r\n                        <div class = \"td-doubleSlider-1 \">\r\n                            <div class = \"td-slider\">\r\n                                \r\n                    <div class = \"td-slide-item td-item1\">\r\n                        <figure class=\"td-slide-galery-figure td-slide-popup-gallery\">\r\n                            <a class=\"slide-gallery-image-link\" href=\"https:\/\/www.pensieriparole.it\/magazine\/wp-content\/uploads\/2015\/03\/Royal-Bridge-Suite-Dubai-2.jpg\" title=\"Royal Bridge Suite, Dubai 2\"  data-caption=\"\"  data-description=\"\">\r\n                                <img src=\"https:\/\/www.pensieriparole.it\/magazine\/wp-content\/uploads\/2015\/03\/Royal-Bridge-Suite-Dubai-2-560x420.jpg\" srcset=\"https:\/\/www.pensieriparole.it\/magazine\/wp-content\/uploads\/2015\/03\/Royal-Bridge-Suite-Dubai-2-560x420.jpg 560w, https:\/\/www.pensieriparole.it\/magazine\/wp-content\/uploads\/2015\/03\/Royal-Bridge-Suite-Dubai-2-300x225.jpg 300w, https:\/\/www.pensieriparole.it\/magazine\/wp-content\/uploads\/2015\/03\/Royal-Bridge-Suite-Dubai-2-1024x767.jpg 1024w, https:\/\/www.pensieriparole.it\/magazine\/wp-content\/uploads\/2015\/03\/Royal-Bridge-Suite-Dubai-2-80x60.jpg 80w, https:\/\/www.pensieriparole.it\/magazine\/wp-content\/uploads\/2015\/03\/Royal-Bridge-Suite-Dubai-2-100x75.jpg 100w, https:\/\/www.pensieriparole.it\/magazine\/wp-content\/uploads\/2015\/03\/Royal-Bridge-Suite-Dubai-2-180x135.jpg 180w, https:\/\/www.pensieriparole.it\/magazine\/wp-content\/uploads\/2015\/03\/Royal-Bridge-Suite-Dubai-2-238x178.jpg 238w, https:\/\/www.pensieriparole.it\/magazine\/wp-content\/uploads\/2015\/03\/Royal-Bridge-Suite-Dubai-2-640x480.jpg 640w, https:\/\/www.pensieriparole.it\/magazine\/wp-content\/uploads\/2015\/03\/Royal-Bridge-Suite-Dubai-2-681x510.jpg 681w, https:\/\/www.pensieriparole.it\/magazine\/wp-content\/uploads\/2015\/03\/Royal-Bridge-Suite-Dubai-2.jpg 1201w\" sizes=\"(max-width: 560px) 100vw, 560px\" alt=\"\">\r\n                            <\/a>\r\n                            \r\n                        <\/figure>\r\n                    <\/div>\r\n                    <div class = \"td-slide-item td-item2\">\r\n                        <figure class=\"td-slide-galery-figure td-slide-popup-gallery\">\r\n                            <a class=\"slide-gallery-image-link\" href=\"https:\/\/www.pensieriparole.it\/magazine\/wp-content\/uploads\/2015\/03\/Royal-Bridge-Suite-Dubai.jpg\" title=\"Royal Bridge Suite, Dubai\"  data-caption=\"\"  data-description=\"\">\r\n                                <img src=\"https:\/\/www.pensieriparole.it\/magazine\/wp-content\/uploads\/2015\/03\/Royal-Bridge-Suite-Dubai-605x420.jpg\" srcset=\"https:\/\/www.pensieriparole.it\/magazine\/wp-content\/uploads\/2015\/03\/Royal-Bridge-Suite-Dubai-605x420.jpg 605w, https:\/\/www.pensieriparole.it\/magazine\/wp-content\/uploads\/2015\/03\/Royal-Bridge-Suite-Dubai-300x208.jpg 300w, https:\/\/www.pensieriparole.it\/magazine\/wp-content\/uploads\/2015\/03\/Royal-Bridge-Suite-Dubai-1024x711.jpg 1024w, https:\/\/www.pensieriparole.it\/magazine\/wp-content\/uploads\/2015\/03\/Royal-Bridge-Suite-Dubai-640x444.jpg 640w, https:\/\/www.pensieriparole.it\/magazine\/wp-content\/uploads\/2015\/03\/Royal-Bridge-Suite-Dubai-681x473.jpg 681w, https:\/\/www.pensieriparole.it\/magazine\/wp-content\/uploads\/2015\/03\/Royal-Bridge-Suite-Dubai.jpg 1297w\" sizes=\"(max-width: 605px) 100vw, 605px\" alt=\"\">\r\n                            <\/a>\r\n                            \r\n                        <\/figure>\r\n                    <\/div>\r\n                            <\/div>\r\n                        <\/div>\r\n\r\n                        <div class = \"td-doubleSlider-2\">\r\n                            <div class = \"td-slider\">\r\n                                \r\n                    <div class = \"td-button td-item1\">\r\n                        <div class = \"td-border\"><\/div>\r\n                    <\/div>\r\n                    <div class = \"td-button td-item2\">\r\n                        <div class = \"td-border\"><\/div>\r\n                    <\/div>\r\n                            <\/div>\r\n                        <\/div>\r\n\r\n                    <\/div>\r\n\r\n                <\/div>\r\n                \n<p>Letteralmente sospesa fra le due Royal Tower dell&#8217;Atlantis, al vertice dell&#8217;isola artificiale The Palm, dispone di 3\u00a0camere da letto, cucina, sala da pranzo per 16 persone e una vista mozzafiato sul Mar Arabico. Nei servizi compresi nel prezzo, che si aggira sui 30.000 euro a notte, ci sono massaggi, uso della sauna\/bagno turco\/idromassaggio, personal trainer e molto altro.<\/p>\n<p>Per info:\u00a0<a title=\"Royal Suite\" href=\"https:\/\/www.atlantisthepalm.com\/\" target=\"_blank\">atlantisthepalm.com<\/a><\/p>\n<h4><strong class=\"titolo\">Presidential Suite, San Pietroburgo<\/strong><\/h4>\n\r\n                <style type=\"text\/css\">\r\n                    \r\n                    #tdi_2  .td-doubleSlider-2 .td-item1 {\r\n                        background: url(https:\/\/www.pensieriparole.it\/magazine\/wp-content\/uploads\/2015\/03\/Presidential-Suite-2-80x60.jpg) 0 0 no-repeat;\r\n                    }\r\n                    #tdi_2  .td-doubleSlider-2 .td-item2 {\r\n                        background: url(https:\/\/www.pensieriparole.it\/magazine\/wp-content\/uploads\/2015\/03\/Presidential-Suite-80x60.jpg) 0 0 no-repeat;\r\n                    }\r\n                <\/style>\r\n\r\n                <div id=\"tdi_2\" class=\"td-gallery td-slide-on-2-columns\">\r\n                    <div class=\"post_td_gallery\">\r\n                        <div class=\"td-gallery-slide-top\">\r\n                           <div class=\"td-gallery-title\"><\/div>\r\n\r\n                            <div class=\"td-gallery-controls-wrapper\">\r\n                                <div class=\"td-gallery-slide-count\"><span class=\"td-gallery-slide-item-focus\">1<\/span> of 2<\/div>\r\n                                <div class=\"td-gallery-slide-prev-next-but\">\r\n                                    <i class = \"td-icon-left doubleSliderPrevButton\"><\/i>\r\n                                    <i class = \"td-icon-right doubleSliderNextButton\"><\/i>\r\n                                <\/div>\r\n                            <\/div>\r\n                        <\/div>\r\n\r\n                        <div class = \"td-doubleSlider-1 \">\r\n                            <div class = \"td-slider\">\r\n                                \r\n                    <div class = \"td-slide-item td-item1\">\r\n                        <figure class=\"td-slide-galery-figure td-slide-popup-gallery\">\r\n                            <a class=\"slide-gallery-image-link\" href=\"https:\/\/www.pensieriparole.it\/magazine\/wp-content\/uploads\/2015\/03\/Presidential-Suite-2.jpg\" title=\"Presidential Suite 2\"  data-caption=\"\"  data-description=\"\">\r\n                                <img src=\"https:\/\/www.pensieriparole.it\/magazine\/wp-content\/uploads\/2015\/03\/Presidential-Suite-2-658x420.jpg\" srcset=\"https:\/\/www.pensieriparole.it\/magazine\/wp-content\/uploads\/2015\/03\/Presidential-Suite-2-658x420.jpg 658w, https:\/\/www.pensieriparole.it\/magazine\/wp-content\/uploads\/2015\/03\/Presidential-Suite-2-300x191.jpg 300w, https:\/\/www.pensieriparole.it\/magazine\/wp-content\/uploads\/2015\/03\/Presidential-Suite-2-1024x654.jpg 1024w, https:\/\/www.pensieriparole.it\/magazine\/wp-content\/uploads\/2015\/03\/Presidential-Suite-2-640x409.jpg 640w, https:\/\/www.pensieriparole.it\/magazine\/wp-content\/uploads\/2015\/03\/Presidential-Suite-2-681x435.jpg 681w, https:\/\/www.pensieriparole.it\/magazine\/wp-content\/uploads\/2015\/03\/Presidential-Suite-2.jpg 1410w\" sizes=\"(max-width: 658px) 100vw, 658px\" alt=\"\">\r\n                            <\/a>\r\n                            \r\n                        <\/figure>\r\n                    <\/div>\r\n                    <div class = \"td-slide-item td-item2\">\r\n                        <figure class=\"td-slide-galery-figure td-slide-popup-gallery\">\r\n                            <a class=\"slide-gallery-image-link\" href=\"https:\/\/www.pensieriparole.it\/magazine\/wp-content\/uploads\/2015\/03\/Presidential-Suite.jpg\" title=\"Presidential Suite\"  data-caption=\"\"  data-description=\"\">\r\n                                <img src=\"https:\/\/www.pensieriparole.it\/magazine\/wp-content\/uploads\/2015\/03\/Presidential-Suite-722x420.jpg\" srcset=\"https:\/\/www.pensieriparole.it\/magazine\/wp-content\/uploads\/2015\/03\/Presidential-Suite-722x420.jpg 722w, https:\/\/www.pensieriparole.it\/magazine\/wp-content\/uploads\/2015\/03\/Presidential-Suite-300x175.jpg 300w, https:\/\/www.pensieriparole.it\/magazine\/wp-content\/uploads\/2015\/03\/Presidential-Suite-1024x596.jpg 1024w, https:\/\/www.pensieriparole.it\/magazine\/wp-content\/uploads\/2015\/03\/Presidential-Suite-640x372.jpg 640w, https:\/\/www.pensieriparole.it\/magazine\/wp-content\/uploads\/2015\/03\/Presidential-Suite-681x396.jpg 681w, https:\/\/www.pensieriparole.it\/magazine\/wp-content\/uploads\/2015\/03\/Presidential-Suite.jpg 1547w\" sizes=\"(max-width: 722px) 100vw, 722px\" alt=\"\">\r\n                            <\/a>\r\n                            \r\n                        <\/figure>\r\n                    <\/div>\r\n                            <\/div>\r\n                        <\/div>\r\n\r\n                        <div class = \"td-doubleSlider-2\">\r\n                            <div class = \"td-slider\">\r\n                                \r\n                    <div class = \"td-button td-item1\">\r\n                        <div class = \"td-border\"><\/div>\r\n                    <\/div>\r\n                    <div class = \"td-button td-item2\">\r\n                        <div class = \"td-border\"><\/div>\r\n                    <\/div>\r\n                            <\/div>\r\n                        <\/div>\r\n\r\n                    <\/div>\r\n\r\n                <\/div>\r\n                \n<p>350 metri quadrati, la <strong>Presidential Suite a San Pietroburgo\u00a0<\/strong>\u00e8 la pi\u00f9 grande suite della &#8220;<em>Citt\u00e0 degli Zar<\/em>&#8220;. Tra le pi\u00f9 belle architetture\u00a0del Nevsky Prospekt, questa stanza \u00e8 appena stata restaurata e, al suo interno, si trova\u00a0un <strong>pianoforte antico <\/strong>su cui hanno suonato personalit\u00e0 di ogni epoca. Il prezzo \u00e8 su richiesta.<\/p>\n<p>Per info:\u00a0<a title=\"Presidential Suite\" href=\"http:\/\/www.belmond.com\/grand-hotel-europe-st-petersburg\/presidential_suites\" target=\"_blank\">belmond.com<\/a><\/p>\n<h4><strong class=\"titolo\">Presidential Suite, New York<\/strong><\/h4>\n\r\n                <style type=\"text\/css\">\r\n                    \r\n                    #tdi_3  .td-doubleSlider-2 .td-item1 {\r\n                        background: url(https:\/\/www.pensieriparole.it\/magazine\/wp-content\/uploads\/2015\/03\/New-York-80x60.jpg) 0 0 no-repeat;\r\n                    }\r\n                    #tdi_3  .td-doubleSlider-2 .td-item2 {\r\n                        background: url(https:\/\/www.pensieriparole.it\/magazine\/wp-content\/uploads\/2015\/03\/Presidential-New-York-80x60.jpg) 0 0 no-repeat;\r\n                    }\r\n                    #tdi_3  .td-doubleSlider-2 .td-item3 {\r\n                        background: url(https:\/\/www.pensieriparole.it\/magazine\/wp-content\/uploads\/2015\/03\/Presidential-NY-80x60.jpg) 0 0 no-repeat;\r\n                    }\r\n                <\/style>\r\n\r\n                <div id=\"tdi_3\" class=\"td-gallery td-slide-on-2-columns\">\r\n                    <div class=\"post_td_gallery\">\r\n                        <div class=\"td-gallery-slide-top\">\r\n                           <div class=\"td-gallery-title\"><\/div>\r\n\r\n                            <div class=\"td-gallery-controls-wrapper\">\r\n                                <div class=\"td-gallery-slide-count\"><span class=\"td-gallery-slide-item-focus\">1<\/span> of 3<\/div>\r\n                                <div class=\"td-gallery-slide-prev-next-but\">\r\n                                    <i class = \"td-icon-left doubleSliderPrevButton\"><\/i>\r\n                                    <i class = \"td-icon-right doubleSliderNextButton\"><\/i>\r\n                                <\/div>\r\n                            <\/div>\r\n                        <\/div>\r\n\r\n                        <div class = \"td-doubleSlider-1 \">\r\n                            <div class = \"td-slider\">\r\n                                \r\n                    <div class = \"td-slide-item td-item1\">\r\n                        <figure class=\"td-slide-galery-figure td-slide-popup-gallery\">\r\n                            <a class=\"slide-gallery-image-link\" href=\"https:\/\/www.pensieriparole.it\/magazine\/wp-content\/uploads\/2015\/03\/New-York.jpg\" title=\"New York\"  data-caption=\"\"  data-description=\"\">\r\n                                <img src=\"https:\/\/www.pensieriparole.it\/magazine\/wp-content\/uploads\/2015\/03\/New-York-670x420.jpg\" srcset=\"https:\/\/www.pensieriparole.it\/magazine\/wp-content\/uploads\/2015\/03\/New-York-670x420.jpg 670w, https:\/\/www.pensieriparole.it\/magazine\/wp-content\/uploads\/2015\/03\/New-York-300x188.jpg 300w, https:\/\/www.pensieriparole.it\/magazine\/wp-content\/uploads\/2015\/03\/New-York-1024x642.jpg 1024w, https:\/\/www.pensieriparole.it\/magazine\/wp-content\/uploads\/2015\/03\/New-York-640x401.jpg 640w, https:\/\/www.pensieriparole.it\/magazine\/wp-content\/uploads\/2015\/03\/New-York-681x427.jpg 681w, https:\/\/www.pensieriparole.it\/magazine\/wp-content\/uploads\/2015\/03\/New-York.jpg 1436w\" sizes=\"(max-width: 670px) 100vw, 670px\" alt=\"\">\r\n                            <\/a>\r\n                            \r\n                        <\/figure>\r\n                    <\/div>\r\n                    <div class = \"td-slide-item td-item2\">\r\n                        <figure class=\"td-slide-galery-figure td-slide-popup-gallery\">\r\n                            <a class=\"slide-gallery-image-link\" href=\"https:\/\/www.pensieriparole.it\/magazine\/wp-content\/uploads\/2015\/03\/Presidential-New-York.jpg\" title=\"Presidential New York\"  data-caption=\"\"  data-description=\"\">\r\n                                <img src=\"https:\/\/www.pensieriparole.it\/magazine\/wp-content\/uploads\/2015\/03\/Presidential-New-York-638x420.jpg\" srcset=\"https:\/\/www.pensieriparole.it\/magazine\/wp-content\/uploads\/2015\/03\/Presidential-New-York-638x420.jpg 638w, https:\/\/www.pensieriparole.it\/magazine\/wp-content\/uploads\/2015\/03\/Presidential-New-York-300x197.jpg 300w, https:\/\/www.pensieriparole.it\/magazine\/wp-content\/uploads\/2015\/03\/Presidential-New-York-1024x674.jpg 1024w, https:\/\/www.pensieriparole.it\/magazine\/wp-content\/uploads\/2015\/03\/Presidential-New-York-640x421.jpg 640w, https:\/\/www.pensieriparole.it\/magazine\/wp-content\/uploads\/2015\/03\/Presidential-New-York-681x448.jpg 681w, https:\/\/www.pensieriparole.it\/magazine\/wp-content\/uploads\/2015\/03\/Presidential-New-York.jpg 1368w\" sizes=\"(max-width: 638px) 100vw, 638px\" alt=\"\">\r\n                            <\/a>\r\n                            \r\n                        <\/figure>\r\n                    <\/div>\r\n                    <div class = \"td-slide-item td-item3\">\r\n                        <figure class=\"td-slide-galery-figure td-slide-popup-gallery\">\r\n                            <a class=\"slide-gallery-image-link\" href=\"https:\/\/www.pensieriparole.it\/magazine\/wp-content\/uploads\/2015\/03\/Presidential-NY.jpg\" title=\"Presidential NY\"  data-caption=\"\"  data-description=\"\">\r\n                                <img src=\"https:\/\/www.pensieriparole.it\/magazine\/wp-content\/uploads\/2015\/03\/Presidential-NY-664x420.jpg\" srcset=\"https:\/\/www.pensieriparole.it\/magazine\/wp-content\/uploads\/2015\/03\/Presidential-NY-664x420.jpg 664w, https:\/\/www.pensieriparole.it\/magazine\/wp-content\/uploads\/2015\/03\/Presidential-NY-300x190.jpg 300w, https:\/\/www.pensieriparole.it\/magazine\/wp-content\/uploads\/2015\/03\/Presidential-NY-1024x648.jpg 1024w, https:\/\/www.pensieriparole.it\/magazine\/wp-content\/uploads\/2015\/03\/Presidential-NY-640x405.jpg 640w, https:\/\/www.pensieriparole.it\/magazine\/wp-content\/uploads\/2015\/03\/Presidential-NY-681x431.jpg 681w, https:\/\/www.pensieriparole.it\/magazine\/wp-content\/uploads\/2015\/03\/Presidential-NY.jpg 1423w\" sizes=\"(max-width: 664px) 100vw, 664px\" alt=\"\">\r\n                            <\/a>\r\n                            \r\n                        <\/figure>\r\n                    <\/div>\r\n                            <\/div>\r\n                        <\/div>\r\n\r\n                        <div class = \"td-doubleSlider-2\">\r\n                            <div class = \"td-slider\">\r\n                                \r\n                    <div class = \"td-button td-item1\">\r\n                        <div class = \"td-border\"><\/div>\r\n                    <\/div>\r\n                    <div class = \"td-button td-item2\">\r\n                        <div class = \"td-border\"><\/div>\r\n                    <\/div>\r\n                    <div class = \"td-button td-item3\">\r\n                        <div class = \"td-border\"><\/div>\r\n                    <\/div>\r\n                            <\/div>\r\n                        <\/div>\r\n\r\n                    <\/div>\r\n\r\n                <\/div>\r\n                \n<p>Situata al 53\u00b0 piano del Time Warner Center, la <strong>Presidential Suite di New York<\/strong> offre la vista\u00a0su Manhattan e Central Park. 250 metri quadrati incorniciati da\u00a0sete preziose, legno di sicomoro e onice ospita solo\u00a0tre ospiti, per un prezzo di 16.300 euro a notte.<\/p>\n<p>Per info:\u00a0<a title=\"Presidential Suite New York\" href=\"http:\/\/www.mandarinoriental.com\/newyork\/accommodation\/presidential-suite\/\" target=\"_blank\">mandarinoriental.com<\/a><\/p>\n<h4><b>Villa la Cupola, Roma<\/b><\/h4>\n<p><a href=\"https:\/\/www.pensieriparole.it\/magazine\/wp-content\/uploads\/2015\/03\/villa_la_cupola-roma.jpg\"><img decoding=\"async\" loading=\"lazy\" class=\"  wp-image-1666 aligncenter\" src=\"https:\/\/www.pensieriparole.it\/magazine\/wp-content\/uploads\/2015\/03\/villa_la_cupola-roma-300x200.jpg\" alt=\"villa_la_cupola-roma\" width=\"343\" height=\"228\" srcset=\"https:\/\/www.pensieriparole.it\/magazine\/wp-content\/uploads\/2015\/03\/villa_la_cupola-roma-300x200.jpg 300w, https:\/\/www.pensieriparole.it\/magazine\/wp-content\/uploads\/2015\/03\/villa_la_cupola-roma-630x420.jpg 630w, https:\/\/www.pensieriparole.it\/magazine\/wp-content\/uploads\/2015\/03\/villa_la_cupola-roma-640x427.jpg 640w, https:\/\/www.pensieriparole.it\/magazine\/wp-content\/uploads\/2015\/03\/villa_la_cupola-roma-681x454.jpg 681w, https:\/\/www.pensieriparole.it\/magazine\/wp-content\/uploads\/2015\/03\/villa_la_cupola-roma.jpg 750w\" sizes=\"(max-width: 343px) 100vw, 343px\" \/><\/a><\/p>\n<p>&nbsp;<\/p>\n<p>Su 1000 metri quadrati, <strong>Villa la Cupola<\/strong>\u00a0del Westin Excelsior di <b>Roma<\/b>, \u00e8 una suite da 20.000 euro a notte, che prende il nome\u00a0dall&#8217;enorme cupola di 12 metri che sovrasta il soggiorno. Costruita su due livelli, si compone si sala fitness e solarium.<\/p>\n<p>Per info:\u00a0<a title=\"Villa la Cupola\" href=\"http:\/\/www.westinrome.com\/en\/villalacupola\" target=\"_blank\">westinrome.com<\/a><\/p>\n<h4><strong class=\"titolo\">Sassoon Presidential Suite, Shanghai<\/strong><\/h4>\n\r\n                <style type=\"text\/css\">\r\n                    \r\n                    #tdi_4  .td-doubleSlider-2 .td-item1 {\r\n                        background: url(https:\/\/www.pensieriparole.it\/magazine\/wp-content\/uploads\/2015\/03\/Sassoon-Presidential-Suite-Shanghai-2-80x60.jpg) 0 0 no-repeat;\r\n                    }\r\n                    #tdi_4  .td-doubleSlider-2 .td-item2 {\r\n                        background: url(https:\/\/www.pensieriparole.it\/magazine\/wp-content\/uploads\/2015\/03\/Sassoon-Presidential-Suite-Shanghai-3-80x60.jpg) 0 0 no-repeat;\r\n                    }\r\n                    #tdi_4  .td-doubleSlider-2 .td-item3 {\r\n                        background: url(https:\/\/www.pensieriparole.it\/magazine\/wp-content\/uploads\/2015\/03\/Sassoon-Presidential-Suite-Shanghai-80x60.jpg) 0 0 no-repeat;\r\n                    }\r\n                <\/style>\r\n\r\n                <div id=\"tdi_4\" class=\"td-gallery td-slide-on-2-columns\">\r\n                    <div class=\"post_td_gallery\">\r\n                        <div class=\"td-gallery-slide-top\">\r\n                           <div class=\"td-gallery-title\"><\/div>\r\n\r\n                            <div class=\"td-gallery-controls-wrapper\">\r\n                                <div class=\"td-gallery-slide-count\"><span class=\"td-gallery-slide-item-focus\">1<\/span> of 3<\/div>\r\n                                <div class=\"td-gallery-slide-prev-next-but\">\r\n                                    <i class = \"td-icon-left doubleSliderPrevButton\"><\/i>\r\n                                    <i class = \"td-icon-right doubleSliderNextButton\"><\/i>\r\n                                <\/div>\r\n                            <\/div>\r\n                        <\/div>\r\n\r\n                        <div class = \"td-doubleSlider-1 \">\r\n                            <div class = \"td-slider\">\r\n                                \r\n                    <div class = \"td-slide-item td-item1\">\r\n                        <figure class=\"td-slide-galery-figure td-slide-popup-gallery\">\r\n                            <a class=\"slide-gallery-image-link\" href=\"https:\/\/www.pensieriparole.it\/magazine\/wp-content\/uploads\/2015\/03\/Sassoon-Presidential-Suite-Shanghai-2.jpg\" title=\"Sassoon Presidential Suite, Shanghai 2\"  data-caption=\"\"  data-description=\"\">\r\n                                <img src=\"https:\/\/www.pensieriparole.it\/magazine\/wp-content\/uploads\/2015\/03\/Sassoon-Presidential-Suite-Shanghai-2-658x420.jpg\" srcset=\"https:\/\/www.pensieriparole.it\/magazine\/wp-content\/uploads\/2015\/03\/Sassoon-Presidential-Suite-Shanghai-2-658x420.jpg 658w, https:\/\/www.pensieriparole.it\/magazine\/wp-content\/uploads\/2015\/03\/Sassoon-Presidential-Suite-Shanghai-2-300x192.jpg 300w, https:\/\/www.pensieriparole.it\/magazine\/wp-content\/uploads\/2015\/03\/Sassoon-Presidential-Suite-Shanghai-2-1024x654.jpg 1024w, https:\/\/www.pensieriparole.it\/magazine\/wp-content\/uploads\/2015\/03\/Sassoon-Presidential-Suite-Shanghai-2-640x409.jpg 640w, https:\/\/www.pensieriparole.it\/magazine\/wp-content\/uploads\/2015\/03\/Sassoon-Presidential-Suite-Shanghai-2-681x435.jpg 681w, https:\/\/www.pensieriparole.it\/magazine\/wp-content\/uploads\/2015\/03\/Sassoon-Presidential-Suite-Shanghai-2.jpg 1409w\" sizes=\"(max-width: 658px) 100vw, 658px\" alt=\"\">\r\n                            <\/a>\r\n                            \r\n                        <\/figure>\r\n                    <\/div>\r\n                    <div class = \"td-slide-item td-item2\">\r\n                        <figure class=\"td-slide-galery-figure td-slide-popup-gallery\">\r\n                            <a class=\"slide-gallery-image-link\" href=\"https:\/\/www.pensieriparole.it\/magazine\/wp-content\/uploads\/2015\/03\/Sassoon-Presidential-Suite-Shanghai-3.jpg\" title=\"Sassoon Presidential Suite, Shanghai 3\"  data-caption=\"\"  data-description=\"\">\r\n                                <img src=\"https:\/\/www.pensieriparole.it\/magazine\/wp-content\/uploads\/2015\/03\/Sassoon-Presidential-Suite-Shanghai-3-769x420.jpg\" srcset=\"https:\/\/www.pensieriparole.it\/magazine\/wp-content\/uploads\/2015\/03\/Sassoon-Presidential-Suite-Shanghai-3-769x420.jpg 769w, https:\/\/www.pensieriparole.it\/magazine\/wp-content\/uploads\/2015\/03\/Sassoon-Presidential-Suite-Shanghai-3-300x164.jpg 300w, https:\/\/www.pensieriparole.it\/magazine\/wp-content\/uploads\/2015\/03\/Sassoon-Presidential-Suite-Shanghai-3-1024x560.jpg 1024w, https:\/\/www.pensieriparole.it\/magazine\/wp-content\/uploads\/2015\/03\/Sassoon-Presidential-Suite-Shanghai-3-640x350.jpg 640w, https:\/\/www.pensieriparole.it\/magazine\/wp-content\/uploads\/2015\/03\/Sassoon-Presidential-Suite-Shanghai-3-681x372.jpg 681w, https:\/\/www.pensieriparole.it\/magazine\/wp-content\/uploads\/2015\/03\/Sassoon-Presidential-Suite-Shanghai-3.jpg 1647w\" sizes=\"(max-width: 769px) 100vw, 769px\" alt=\"\">\r\n                            <\/a>\r\n                            \r\n                        <\/figure>\r\n                    <\/div>\r\n                    <div class = \"td-slide-item td-item3\">\r\n                        <figure class=\"td-slide-galery-figure td-slide-popup-gallery\">\r\n                            <a class=\"slide-gallery-image-link\" href=\"https:\/\/www.pensieriparole.it\/magazine\/wp-content\/uploads\/2015\/03\/Sassoon-Presidential-Suite-Shanghai.jpg\" title=\"Sassoon Presidential Suite, Shanghai\"  data-caption=\"\"  data-description=\"\">\r\n                                <img src=\"https:\/\/www.pensieriparole.it\/magazine\/wp-content\/uploads\/2015\/03\/Sassoon-Presidential-Suite-Shanghai-605x420.jpg\" srcset=\"https:\/\/www.pensieriparole.it\/magazine\/wp-content\/uploads\/2015\/03\/Sassoon-Presidential-Suite-Shanghai-605x420.jpg 605w, https:\/\/www.pensieriparole.it\/magazine\/wp-content\/uploads\/2015\/03\/Sassoon-Presidential-Suite-Shanghai-300x208.jpg 300w, https:\/\/www.pensieriparole.it\/magazine\/wp-content\/uploads\/2015\/03\/Sassoon-Presidential-Suite-Shanghai-1024x711.jpg 1024w, https:\/\/www.pensieriparole.it\/magazine\/wp-content\/uploads\/2015\/03\/Sassoon-Presidential-Suite-Shanghai-640x444.jpg 640w, https:\/\/www.pensieriparole.it\/magazine\/wp-content\/uploads\/2015\/03\/Sassoon-Presidential-Suite-Shanghai-681x473.jpg 681w, https:\/\/www.pensieriparole.it\/magazine\/wp-content\/uploads\/2015\/03\/Sassoon-Presidential-Suite-Shanghai.jpg 1297w\" sizes=\"(max-width: 605px) 100vw, 605px\" alt=\"\">\r\n                            <\/a>\r\n                            \r\n                        <\/figure>\r\n                    <\/div>\r\n                            <\/div>\r\n                        <\/div>\r\n\r\n                        <div class = \"td-doubleSlider-2\">\r\n                            <div class = \"td-slider\">\r\n                                \r\n                    <div class = \"td-button td-item1\">\r\n                        <div class = \"td-border\"><\/div>\r\n                    <\/div>\r\n                    <div class = \"td-button td-item2\">\r\n                        <div class = \"td-border\"><\/div>\r\n                    <\/div>\r\n                    <div class = \"td-button td-item3\">\r\n                        <div class = \"td-border\"><\/div>\r\n                    <\/div>\r\n                            <\/div>\r\n                        <\/div>\r\n\r\n                    <\/div>\r\n\r\n                <\/div>\r\n                \n<p>Questa suite, da 9.800 euro a notte, era l&#8217;abitazione di\u00a0Victor Sassoon, il ricco banchiere ebreo fondatore nel 1929 dell&#8217;hotel affacciato sull&#8217;Huangpu Rive. Posizionata al 10\u00b0 piano dell&#8217;hotel, \u00e8 in una delle posizioni pi\u00f9 gettonate della citt\u00e0.<\/p>\n<p>Per info:\u00a0<a title=\"Sassoon Presidential Suite\" href=\"http:\/\/fairmont.com\/peace-hotel-shanghai\" target=\"_blank\">fairmont.com<\/a><\/p>\n<h4><strong class=\"titolo\">Villa iZulu, Hluhluwe<\/strong><\/h4>\n\r\n                <style type=\"text\/css\">\r\n                    \r\n                    #tdi_5  .td-doubleSlider-2 .td-item1 {\r\n                        background: url(https:\/\/www.pensieriparole.it\/magazine\/wp-content\/uploads\/2015\/03\/Villa-iZulu-Hluhluwe-2-80x60.jpg) 0 0 no-repeat;\r\n                    }\r\n                    #tdi_5  .td-doubleSlider-2 .td-item2 {\r\n                        background: url(https:\/\/www.pensieriparole.it\/magazine\/wp-content\/uploads\/2015\/03\/Villa-iZulu-Hluhluwe-3-80x60.jpg) 0 0 no-repeat;\r\n                    }\r\n                    #tdi_5  .td-doubleSlider-2 .td-item3 {\r\n                        background: url(https:\/\/www.pensieriparole.it\/magazine\/wp-content\/uploads\/2015\/03\/Villa-iZulu-Hluhluwe-80x60.jpg) 0 0 no-repeat;\r\n                    }\r\n                <\/style>\r\n\r\n                <div id=\"tdi_5\" class=\"td-gallery td-slide-on-2-columns\">\r\n                    <div class=\"post_td_gallery\">\r\n                        <div class=\"td-gallery-slide-top\">\r\n                           <div class=\"td-gallery-title\"><\/div>\r\n\r\n                            <div class=\"td-gallery-controls-wrapper\">\r\n                                <div class=\"td-gallery-slide-count\"><span class=\"td-gallery-slide-item-focus\">1<\/span> of 3<\/div>\r\n                                <div class=\"td-gallery-slide-prev-next-but\">\r\n                                    <i class = \"td-icon-left doubleSliderPrevButton\"><\/i>\r\n                                    <i class = \"td-icon-right doubleSliderNextButton\"><\/i>\r\n                                <\/div>\r\n                            <\/div>\r\n                        <\/div>\r\n\r\n                        <div class = \"td-doubleSlider-1 \">\r\n                            <div class = \"td-slider\">\r\n                                \r\n                    <div class = \"td-slide-item td-item1\">\r\n                        <figure class=\"td-slide-galery-figure td-slide-popup-gallery\">\r\n                            <a class=\"slide-gallery-image-link\" href=\"https:\/\/www.pensieriparole.it\/magazine\/wp-content\/uploads\/2015\/03\/Villa-iZulu-Hluhluwe-2.jpg\" title=\"Villa iZulu, Hluhluwe 2\"  data-caption=\"\"  data-description=\"\">\r\n                                <img src=\"https:\/\/www.pensieriparole.it\/magazine\/wp-content\/uploads\/2015\/03\/Villa-iZulu-Hluhluwe-2-560x420.jpg\" srcset=\"https:\/\/www.pensieriparole.it\/magazine\/wp-content\/uploads\/2015\/03\/Villa-iZulu-Hluhluwe-2-560x420.jpg 560w, https:\/\/www.pensieriparole.it\/magazine\/wp-content\/uploads\/2015\/03\/Villa-iZulu-Hluhluwe-2-300x225.jpg 300w, https:\/\/www.pensieriparole.it\/magazine\/wp-content\/uploads\/2015\/03\/Villa-iZulu-Hluhluwe-2-1024x768.jpg 1024w, https:\/\/www.pensieriparole.it\/magazine\/wp-content\/uploads\/2015\/03\/Villa-iZulu-Hluhluwe-2-80x60.jpg 80w, https:\/\/www.pensieriparole.it\/magazine\/wp-content\/uploads\/2015\/03\/Villa-iZulu-Hluhluwe-2-100x75.jpg 100w, https:\/\/www.pensieriparole.it\/magazine\/wp-content\/uploads\/2015\/03\/Villa-iZulu-Hluhluwe-2-180x135.jpg 180w, https:\/\/www.pensieriparole.it\/magazine\/wp-content\/uploads\/2015\/03\/Villa-iZulu-Hluhluwe-2-238x178.jpg 238w, https:\/\/www.pensieriparole.it\/magazine\/wp-content\/uploads\/2015\/03\/Villa-iZulu-Hluhluwe-2-640x480.jpg 640w, https:\/\/www.pensieriparole.it\/magazine\/wp-content\/uploads\/2015\/03\/Villa-iZulu-Hluhluwe-2-681x511.jpg 681w, https:\/\/www.pensieriparole.it\/magazine\/wp-content\/uploads\/2015\/03\/Villa-iZulu-Hluhluwe-2.jpg 1200w\" sizes=\"(max-width: 560px) 100vw, 560px\" alt=\"\">\r\n                            <\/a>\r\n                            \r\n                        <\/figure>\r\n                    <\/div>\r\n                    <div class = \"td-slide-item td-item2\">\r\n                        <figure class=\"td-slide-galery-figure td-slide-popup-gallery\">\r\n                            <a class=\"slide-gallery-image-link\" href=\"https:\/\/www.pensieriparole.it\/magazine\/wp-content\/uploads\/2015\/03\/Villa-iZulu-Hluhluwe-3.jpg\" title=\"Villa iZulu, Hluhluwe 3\"  data-caption=\"\"  data-description=\"\">\r\n                                <img src=\"https:\/\/www.pensieriparole.it\/magazine\/wp-content\/uploads\/2015\/03\/Villa-iZulu-Hluhluwe-3-839x420.jpg\" srcset=\"https:\/\/www.pensieriparole.it\/magazine\/wp-content\/uploads\/2015\/03\/Villa-iZulu-Hluhluwe-3-839x420.jpg 839w, https:\/\/www.pensieriparole.it\/magazine\/wp-content\/uploads\/2015\/03\/Villa-iZulu-Hluhluwe-3-300x150.jpg 300w, https:\/\/www.pensieriparole.it\/magazine\/wp-content\/uploads\/2015\/03\/Villa-iZulu-Hluhluwe-3-1024x513.jpg 1024w, https:\/\/www.pensieriparole.it\/magazine\/wp-content\/uploads\/2015\/03\/Villa-iZulu-Hluhluwe-3-640x321.jpg 640w, https:\/\/www.pensieriparole.it\/magazine\/wp-content\/uploads\/2015\/03\/Villa-iZulu-Hluhluwe-3-681x341.jpg 681w, https:\/\/www.pensieriparole.it\/magazine\/wp-content\/uploads\/2015\/03\/Villa-iZulu-Hluhluwe-3.jpg 1797w\" sizes=\"(max-width: 839px) 100vw, 839px\" alt=\"\">\r\n                            <\/a>\r\n                            \r\n                        <\/figure>\r\n                    <\/div>\r\n                    <div class = \"td-slide-item td-item3\">\r\n                        <figure class=\"td-slide-galery-figure td-slide-popup-gallery\">\r\n                            <a class=\"slide-gallery-image-link\" href=\"https:\/\/www.pensieriparole.it\/magazine\/wp-content\/uploads\/2015\/03\/Villa-iZulu-Hluhluwe.jpg\" title=\"Villa iZulu, Hluhluwe\"  data-caption=\"\"  data-description=\"\">\r\n                                <img src=\"https:\/\/www.pensieriparole.it\/magazine\/wp-content\/uploads\/2015\/03\/Villa-iZulu-Hluhluwe-797x420.jpg\" srcset=\"https:\/\/www.pensieriparole.it\/magazine\/wp-content\/uploads\/2015\/03\/Villa-iZulu-Hluhluwe-797x420.jpg 797w, https:\/\/www.pensieriparole.it\/magazine\/wp-content\/uploads\/2015\/03\/Villa-iZulu-Hluhluwe-300x158.jpg 300w, https:\/\/www.pensieriparole.it\/magazine\/wp-content\/uploads\/2015\/03\/Villa-iZulu-Hluhluwe-1024x540.jpg 1024w, https:\/\/www.pensieriparole.it\/magazine\/wp-content\/uploads\/2015\/03\/Villa-iZulu-Hluhluwe-640x337.jpg 640w, https:\/\/www.pensieriparole.it\/magazine\/wp-content\/uploads\/2015\/03\/Villa-iZulu-Hluhluwe-681x359.jpg 681w, https:\/\/www.pensieriparole.it\/magazine\/wp-content\/uploads\/2015\/03\/Villa-iZulu-Hluhluwe.jpg 1708w\" sizes=\"(max-width: 797px) 100vw, 797px\" alt=\"\">\r\n                            <\/a>\r\n                            \r\n                        <\/figure>\r\n                    <\/div>\r\n                            <\/div>\r\n                        <\/div>\r\n\r\n                        <div class = \"td-doubleSlider-2\">\r\n                            <div class = \"td-slider\">\r\n                                \r\n                    <div class = \"td-button td-item1\">\r\n                        <div class = \"td-border\"><\/div>\r\n                    <\/div>\r\n                    <div class = \"td-button td-item2\">\r\n                        <div class = \"td-border\"><\/div>\r\n                    <\/div>\r\n                    <div class = \"td-button td-item3\">\r\n                        <div class = \"td-border\"><\/div>\r\n                    <\/div>\r\n                            <\/div>\r\n                        <\/div>\r\n\r\n                    <\/div>\r\n\r\n                <\/div>\r\n                \n<p>Composta da 5 suite su 1000 metri quadrati, <strong>Villa iZulu in Hluhluwe<\/strong>, pu\u00f2 ospitare 10 ospiti a 2.500 euro a notte. Immersa nella natura\u00a0della riserva privata di Thanda, ha un eliporto personale. L&#8217;ambiente, curato fin nei dettagli dai proprietari svedesi\u00a0Dan e Christin Olofsson, offre chef privato, Jacuzzi, maggiordomo e cantina rifornita delle migliori etichette di vini.<\/p>\n<p>Per info:\u00a0 <a title=\"Villa iZulu, Hluhluwe\" href=\"http:\/\/www.thanda.com\/\" target=\"_blank\">thanda.com<\/a><\/p>\n<h4><strong class=\"titolo\">Atik Pasha Suite, Istanbul<\/strong><\/h4>\n\r\n                <style type=\"text\/css\">\r\n                    \r\n                    #tdi_6  .td-doubleSlider-2 .td-item1 {\r\n                        background: url(https:\/\/www.pensieriparole.it\/magazine\/wp-content\/uploads\/2015\/03\/Atik-Pasha-Suite-Istanbul-80x60.jpg) 0 0 no-repeat;\r\n                    }\r\n                    #tdi_6  .td-doubleSlider-2 .td-item2 {\r\n                        background: url(https:\/\/www.pensieriparole.it\/magazine\/wp-content\/uploads\/2015\/03\/Atik-Pasha-Suite-Istanbul_2-80x60.jpg) 0 0 no-repeat;\r\n                    }\r\n                <\/style>\r\n\r\n                <div id=\"tdi_6\" class=\"td-gallery td-slide-on-2-columns\">\r\n                    <div class=\"post_td_gallery\">\r\n                        <div class=\"td-gallery-slide-top\">\r\n                           <div class=\"td-gallery-title\"><\/div>\r\n\r\n                            <div class=\"td-gallery-controls-wrapper\">\r\n                                <div class=\"td-gallery-slide-count\"><span class=\"td-gallery-slide-item-focus\">1<\/span> of 2<\/div>\r\n                                <div class=\"td-gallery-slide-prev-next-but\">\r\n                                    <i class = \"td-icon-left doubleSliderPrevButton\"><\/i>\r\n                                    <i class = \"td-icon-right doubleSliderNextButton\"><\/i>\r\n                                <\/div>\r\n                            <\/div>\r\n                        <\/div>\r\n\r\n                        <div class = \"td-doubleSlider-1 \">\r\n                            <div class = \"td-slider\">\r\n                                \r\n                    <div class = \"td-slide-item td-item1\">\r\n                        <figure class=\"td-slide-galery-figure td-slide-popup-gallery\">\r\n                            <a class=\"slide-gallery-image-link\" href=\"https:\/\/www.pensieriparole.it\/magazine\/wp-content\/uploads\/2015\/03\/Atik-Pasha-Suite-Istanbul.jpg\" title=\"Atik Pasha Suite, Istanbul\"  data-caption=\"\"  data-description=\"\">\r\n                                <img src=\"https:\/\/www.pensieriparole.it\/magazine\/wp-content\/uploads\/2015\/03\/Atik-Pasha-Suite-Istanbul-595x420.jpg\" srcset=\"https:\/\/www.pensieriparole.it\/magazine\/wp-content\/uploads\/2015\/03\/Atik-Pasha-Suite-Istanbul-595x420.jpg 595w, https:\/\/www.pensieriparole.it\/magazine\/wp-content\/uploads\/2015\/03\/Atik-Pasha-Suite-Istanbul-300x212.jpg 300w, https:\/\/www.pensieriparole.it\/magazine\/wp-content\/uploads\/2015\/03\/Atik-Pasha-Suite-Istanbul-1024x723.jpg 1024w, https:\/\/www.pensieriparole.it\/magazine\/wp-content\/uploads\/2015\/03\/Atik-Pasha-Suite-Istanbul-640x452.jpg 640w, https:\/\/www.pensieriparole.it\/magazine\/wp-content\/uploads\/2015\/03\/Atik-Pasha-Suite-Istanbul-681x481.jpg 681w, https:\/\/www.pensieriparole.it\/magazine\/wp-content\/uploads\/2015\/03\/Atik-Pasha-Suite-Istanbul.jpg 1274w\" sizes=\"(max-width: 595px) 100vw, 595px\" alt=\"\">\r\n                            <\/a>\r\n                            \r\n                        <\/figure>\r\n                    <\/div>\r\n                    <div class = \"td-slide-item td-item2\">\r\n                        <figure class=\"td-slide-galery-figure td-slide-popup-gallery\">\r\n                            <a class=\"slide-gallery-image-link\" href=\"https:\/\/www.pensieriparole.it\/magazine\/wp-content\/uploads\/2015\/03\/Atik-Pasha-Suite-Istanbul_2.jpg\" title=\"Atik Pasha Suite, Istanbul_2\"  data-caption=\"\"  data-description=\"\">\r\n                                <img src=\"https:\/\/www.pensieriparole.it\/magazine\/wp-content\/uploads\/2015\/03\/Atik-Pasha-Suite-Istanbul_2-618x420.jpg\" srcset=\"https:\/\/www.pensieriparole.it\/magazine\/wp-content\/uploads\/2015\/03\/Atik-Pasha-Suite-Istanbul_2-618x420.jpg 618w, https:\/\/www.pensieriparole.it\/magazine\/wp-content\/uploads\/2015\/03\/Atik-Pasha-Suite-Istanbul_2-300x204.jpg 300w, https:\/\/www.pensieriparole.it\/magazine\/wp-content\/uploads\/2015\/03\/Atik-Pasha-Suite-Istanbul_2-1024x696.jpg 1024w, https:\/\/www.pensieriparole.it\/magazine\/wp-content\/uploads\/2015\/03\/Atik-Pasha-Suite-Istanbul_2-640x435.jpg 640w, https:\/\/www.pensieriparole.it\/magazine\/wp-content\/uploads\/2015\/03\/Atik-Pasha-Suite-Istanbul_2-681x463.jpg 681w, https:\/\/www.pensieriparole.it\/magazine\/wp-content\/uploads\/2015\/03\/Atik-Pasha-Suite-Istanbul_2.jpg 1324w\" sizes=\"(max-width: 618px) 100vw, 618px\" alt=\"\">\r\n                            <\/a>\r\n                            \r\n                        <\/figure>\r\n                    <\/div>\r\n                            <\/div>\r\n                        <\/div>\r\n\r\n                        <div class = \"td-doubleSlider-2\">\r\n                            <div class = \"td-slider\">\r\n                                \r\n                    <div class = \"td-button td-item1\">\r\n                        <div class = \"td-border\"><\/div>\r\n                    <\/div>\r\n                    <div class = \"td-button td-item2\">\r\n                        <div class = \"td-border\"><\/div>\r\n                    <\/div>\r\n                            <\/div>\r\n                        <\/div>\r\n\r\n                    <\/div>\r\n\r\n                <\/div>\r\n                \n<p>2.100 metri quadrati, l&#8217;<strong>Atik Pasha Suite di Istanbul<\/strong> ospita fino a 7 ospiti, per 25.000 euro a notte. Posizionata al secondo piano di un palazzo del XIX secolo trasformato in hotel, gode di una bellissima vista sul Bosforo. Compreso nel prezzo si pu\u00f2\u00a0testare l&#8217;autentico hammam turco, cui sono dedicate tre sale trattamenti.<\/p>\n<p>&nbsp;<\/p>\n<p>Per info:\u00a0<a title=\"Atik Pasha Suite\" href=\"http:\/\/www.fourseasons.com\/bosphorus\/\" target=\"_blank\">fourseasons.com<\/a><\/p>\n<h4><strong class=\"titolo\">Katara Suite, Milano<\/strong><\/h4>\n\r\n                <style type=\"text\/css\">\r\n                    \r\n                    #tdi_7  .td-doubleSlider-2 .td-item1 {\r\n                        background: url(https:\/\/www.pensieriparole.it\/magazine\/wp-content\/uploads\/2015\/03\/Katara-Suite-Milano-80x60.jpg) 0 0 no-repeat;\r\n                    }\r\n                    #tdi_7  .td-doubleSlider-2 .td-item2 {\r\n                        background: url(https:\/\/www.pensieriparole.it\/magazine\/wp-content\/uploads\/2015\/03\/Katara-Suite-Milano_2-80x60.jpg) 0 0 no-repeat;\r\n                    }\r\n                    #tdi_7  .td-doubleSlider-2 .td-item3 {\r\n                        background: url(https:\/\/www.pensieriparole.it\/magazine\/wp-content\/uploads\/2015\/03\/Katara-Suite-Milano_3-80x60.jpg) 0 0 no-repeat;\r\n                    }\r\n                <\/style>\r\n\r\n                <div id=\"tdi_7\" class=\"td-gallery td-slide-on-2-columns\">\r\n                    <div class=\"post_td_gallery\">\r\n                        <div class=\"td-gallery-slide-top\">\r\n                           <div class=\"td-gallery-title\"><\/div>\r\n\r\n                            <div class=\"td-gallery-controls-wrapper\">\r\n                                <div class=\"td-gallery-slide-count\"><span class=\"td-gallery-slide-item-focus\">1<\/span> of 3<\/div>\r\n                                <div class=\"td-gallery-slide-prev-next-but\">\r\n                                    <i class = \"td-icon-left doubleSliderPrevButton\"><\/i>\r\n                                    <i class = \"td-icon-right doubleSliderNextButton\"><\/i>\r\n                                <\/div>\r\n                            <\/div>\r\n                        <\/div>\r\n\r\n                        <div class = \"td-doubleSlider-1 \">\r\n                            <div class = \"td-slider\">\r\n                                \r\n                    <div class = \"td-slide-item td-item1\">\r\n                        <figure class=\"td-slide-galery-figure td-slide-popup-gallery\">\r\n                            <a class=\"slide-gallery-image-link\" href=\"https:\/\/www.pensieriparole.it\/magazine\/wp-content\/uploads\/2015\/03\/Katara-Suite-Milano.jpg\" title=\"Katara Suite, Milano\"  data-caption=\"\"  data-description=\"\">\r\n                                <img src=\"https:\/\/www.pensieriparole.it\/magazine\/wp-content\/uploads\/2015\/03\/Katara-Suite-Milano-590x420.jpg\" srcset=\"https:\/\/www.pensieriparole.it\/magazine\/wp-content\/uploads\/2015\/03\/Katara-Suite-Milano-590x420.jpg 590w, https:\/\/www.pensieriparole.it\/magazine\/wp-content\/uploads\/2015\/03\/Katara-Suite-Milano-300x214.jpg 300w, https:\/\/www.pensieriparole.it\/magazine\/wp-content\/uploads\/2015\/03\/Katara-Suite-Milano-1024x729.jpg 1024w, https:\/\/www.pensieriparole.it\/magazine\/wp-content\/uploads\/2015\/03\/Katara-Suite-Milano-640x456.jpg 640w, https:\/\/www.pensieriparole.it\/magazine\/wp-content\/uploads\/2015\/03\/Katara-Suite-Milano-681x485.jpg 681w, https:\/\/www.pensieriparole.it\/magazine\/wp-content\/uploads\/2015\/03\/Katara-Suite-Milano.jpg 1264w\" sizes=\"(max-width: 590px) 100vw, 590px\" alt=\"\">\r\n                            <\/a>\r\n                            \r\n                        <\/figure>\r\n                    <\/div>\r\n                    <div class = \"td-slide-item td-item2\">\r\n                        <figure class=\"td-slide-galery-figure td-slide-popup-gallery\">\r\n                            <a class=\"slide-gallery-image-link\" href=\"https:\/\/www.pensieriparole.it\/magazine\/wp-content\/uploads\/2015\/03\/Katara-Suite-Milano_2.jpg\" title=\"Katara Suite, Milano_2\"  data-caption=\"\"  data-description=\"\">\r\n                                <img src=\"https:\/\/www.pensieriparole.it\/magazine\/wp-content\/uploads\/2015\/03\/Katara-Suite-Milano_2-658x420.jpg\" srcset=\"https:\/\/www.pensieriparole.it\/magazine\/wp-content\/uploads\/2015\/03\/Katara-Suite-Milano_2-658x420.jpg 658w, https:\/\/www.pensieriparole.it\/magazine\/wp-content\/uploads\/2015\/03\/Katara-Suite-Milano_2-300x192.jpg 300w, https:\/\/www.pensieriparole.it\/magazine\/wp-content\/uploads\/2015\/03\/Katara-Suite-Milano_2-1024x654.jpg 1024w, https:\/\/www.pensieriparole.it\/magazine\/wp-content\/uploads\/2015\/03\/Katara-Suite-Milano_2-640x409.jpg 640w, https:\/\/www.pensieriparole.it\/magazine\/wp-content\/uploads\/2015\/03\/Katara-Suite-Milano_2-681x435.jpg 681w, https:\/\/www.pensieriparole.it\/magazine\/wp-content\/uploads\/2015\/03\/Katara-Suite-Milano_2.jpg 1409w\" sizes=\"(max-width: 658px) 100vw, 658px\" alt=\"\">\r\n                            <\/a>\r\n                            \r\n                        <\/figure>\r\n                    <\/div>\r\n                    <div class = \"td-slide-item td-item3\">\r\n                        <figure class=\"td-slide-galery-figure td-slide-popup-gallery\">\r\n                            <a class=\"slide-gallery-image-link\" href=\"https:\/\/www.pensieriparole.it\/magazine\/wp-content\/uploads\/2015\/03\/Katara-Suite-Milano_3.jpg\" title=\"Katara Suite, Milano_3\"  data-caption=\"\"  data-description=\"\">\r\n                                <img src=\"https:\/\/www.pensieriparole.it\/magazine\/wp-content\/uploads\/2015\/03\/Katara-Suite-Milano_3-581x420.jpg\" srcset=\"https:\/\/www.pensieriparole.it\/magazine\/wp-content\/uploads\/2015\/03\/Katara-Suite-Milano_3-581x420.jpg 581w, https:\/\/www.pensieriparole.it\/magazine\/wp-content\/uploads\/2015\/03\/Katara-Suite-Milano_3-300x217.jpg 300w, https:\/\/www.pensieriparole.it\/magazine\/wp-content\/uploads\/2015\/03\/Katara-Suite-Milano_3-1024x741.jpg 1024w, https:\/\/www.pensieriparole.it\/magazine\/wp-content\/uploads\/2015\/03\/Katara-Suite-Milano_3-640x463.jpg 640w, https:\/\/www.pensieriparole.it\/magazine\/wp-content\/uploads\/2015\/03\/Katara-Suite-Milano_3-681x493.jpg 681w, https:\/\/www.pensieriparole.it\/magazine\/wp-content\/uploads\/2015\/03\/Katara-Suite-Milano_3.jpg 1244w\" sizes=\"(max-width: 581px) 100vw, 581px\" alt=\"\">\r\n                            <\/a>\r\n                            \r\n                        <\/figure>\r\n                    <\/div>\r\n                            <\/div>\r\n                        <\/div>\r\n\r\n                        <div class = \"td-doubleSlider-2\">\r\n                            <div class = \"td-slider\">\r\n                                \r\n                    <div class = \"td-button td-item1\">\r\n                        <div class = \"td-border\"><\/div>\r\n                    <\/div>\r\n                    <div class = \"td-button td-item2\">\r\n                        <div class = \"td-border\"><\/div>\r\n                    <\/div>\r\n                    <div class = \"td-button td-item3\">\r\n                        <div class = \"td-border\"><\/div>\r\n                    <\/div>\r\n                            <\/div>\r\n                        <\/div>\r\n\r\n                    <\/div>\r\n\r\n                <\/div>\r\n                \n<p>Ancora non aperta al pubblico &#8211; l&#8217;apertura \u00e8 prevista per l&#8217;inaugurazione dell&#8217;Expo 2015 di Milano &#8211; quella che diventer\u00e0 la suite pi\u00f9 grande d&#8217;Italia, nonch\u00e9\u00a0una delle pi\u00f9 sfarzose e ricercate del mondo, sar\u00e0 disponibile a 20.000 a notte. Dopo tre anni di restyling, firmato da <strong>Marco Piva<\/strong>, la <strong>Katara Suite<\/strong> offrir\u00e0 nei suoi mille metri quadrati, ai suoi fortunati ospiti,\u00a0piscina coperta con jacuzzi, palestra, parrucchiere, 6 sale per trattamenti, bagno turco e sauna.\u00a0Dettaglio che fa la differenza:\u00a0l&#8217;ascensore diplomatico che conduce dalla hall direttamente al settimo piano.<\/p>\n<p>Per info:\u00a0<a title=\"Katara Suite\" href=\"http:\/\/www.excelsiorhotelgallia.com\/it\" target=\"_blank\">excelsiorhotelgallia.com<\/a><\/p>\n<h4><strong class=\"titolo\">The Residence by Etihad<\/strong><\/h4>\n\r\n                <style type=\"text\/css\">\r\n                    \r\n                    #tdi_8  .td-doubleSlider-2 .td-item1 {\r\n                        background: url(https:\/\/www.pensieriparole.it\/magazine\/wp-content\/uploads\/2015\/03\/The-Residence-by-Etihad-80x60.jpg) 0 0 no-repeat;\r\n                    }\r\n                    #tdi_8  .td-doubleSlider-2 .td-item2 {\r\n                        background: url(https:\/\/www.pensieriparole.it\/magazine\/wp-content\/uploads\/2015\/03\/The-Residence-by-Etihad_2-80x60.jpg) 0 0 no-repeat;\r\n                    }\r\n                <\/style>\r\n\r\n                <div id=\"tdi_8\" class=\"td-gallery td-slide-on-2-columns\">\r\n                    <div class=\"post_td_gallery\">\r\n                        <div class=\"td-gallery-slide-top\">\r\n                           <div class=\"td-gallery-title\"><\/div>\r\n\r\n                            <div class=\"td-gallery-controls-wrapper\">\r\n                                <div class=\"td-gallery-slide-count\"><span class=\"td-gallery-slide-item-focus\">1<\/span> of 2<\/div>\r\n                                <div class=\"td-gallery-slide-prev-next-but\">\r\n                                    <i class = \"td-icon-left doubleSliderPrevButton\"><\/i>\r\n                                    <i class = \"td-icon-right doubleSliderNextButton\"><\/i>\r\n                                <\/div>\r\n                            <\/div>\r\n                        <\/div>\r\n\r\n                        <div class = \"td-doubleSlider-1 \">\r\n                            <div class = \"td-slider\">\r\n                                \r\n                    <div class = \"td-slide-item td-item1\">\r\n                        <figure class=\"td-slide-galery-figure td-slide-popup-gallery\">\r\n                            <a class=\"slide-gallery-image-link\" href=\"https:\/\/www.pensieriparole.it\/magazine\/wp-content\/uploads\/2015\/03\/The-Residence-by-Etihad.jpg\" title=\"The Residence by Etihad\"  data-caption=\"\"  data-description=\"\">\r\n                                <img src=\"https:\/\/www.pensieriparole.it\/magazine\/wp-content\/uploads\/2015\/03\/The-Residence-by-Etihad-644x420.jpg\" srcset=\"https:\/\/www.pensieriparole.it\/magazine\/wp-content\/uploads\/2015\/03\/The-Residence-by-Etihad-644x420.jpg 644w, https:\/\/www.pensieriparole.it\/magazine\/wp-content\/uploads\/2015\/03\/The-Residence-by-Etihad-300x196.jpg 300w, https:\/\/www.pensieriparole.it\/magazine\/wp-content\/uploads\/2015\/03\/The-Residence-by-Etihad-1024x667.jpg 1024w, https:\/\/www.pensieriparole.it\/magazine\/wp-content\/uploads\/2015\/03\/The-Residence-by-Etihad-640x417.jpg 640w, https:\/\/www.pensieriparole.it\/magazine\/wp-content\/uploads\/2015\/03\/The-Residence-by-Etihad-681x444.jpg 681w, https:\/\/www.pensieriparole.it\/magazine\/wp-content\/uploads\/2015\/03\/The-Residence-by-Etihad.jpg 1381w\" sizes=\"(max-width: 644px) 100vw, 644px\" alt=\"\">\r\n                            <\/a>\r\n                            \r\n                        <\/figure>\r\n                    <\/div>\r\n                    <div class = \"td-slide-item td-item2\">\r\n                        <figure class=\"td-slide-galery-figure td-slide-popup-gallery\">\r\n                            <a class=\"slide-gallery-image-link\" href=\"https:\/\/www.pensieriparole.it\/magazine\/wp-content\/uploads\/2015\/03\/The-Residence-by-Etihad_2.jpg\" title=\"The Residence by Etihad_2\"  data-caption=\"\"  data-description=\"\">\r\n                                <img src=\"https:\/\/www.pensieriparole.it\/magazine\/wp-content\/uploads\/2015\/03\/The-Residence-by-Etihad_2-578x420.jpg\" srcset=\"https:\/\/www.pensieriparole.it\/magazine\/wp-content\/uploads\/2015\/03\/The-Residence-by-Etihad_2-578x420.jpg 578w, https:\/\/www.pensieriparole.it\/magazine\/wp-content\/uploads\/2015\/03\/The-Residence-by-Etihad_2-300x218.jpg 300w, https:\/\/www.pensieriparole.it\/magazine\/wp-content\/uploads\/2015\/03\/The-Residence-by-Etihad_2-1024x744.jpg 1024w, https:\/\/www.pensieriparole.it\/magazine\/wp-content\/uploads\/2015\/03\/The-Residence-by-Etihad_2-640x465.jpg 640w, https:\/\/www.pensieriparole.it\/magazine\/wp-content\/uploads\/2015\/03\/The-Residence-by-Etihad_2-681x495.jpg 681w, https:\/\/www.pensieriparole.it\/magazine\/wp-content\/uploads\/2015\/03\/The-Residence-by-Etihad_2.jpg 1239w\" sizes=\"(max-width: 578px) 100vw, 578px\" alt=\"\">\r\n                            <\/a>\r\n                            \r\n                        <\/figure>\r\n                    <\/div>\r\n                            <\/div>\r\n                        <\/div>\r\n\r\n                        <div class = \"td-doubleSlider-2\">\r\n                            <div class = \"td-slider\">\r\n                                \r\n                    <div class = \"td-button td-item1\">\r\n                        <div class = \"td-border\"><\/div>\r\n                    <\/div>\r\n                    <div class = \"td-button td-item2\">\r\n                        <div class = \"td-border\"><\/div>\r\n                    <\/div>\r\n                            <\/div>\r\n                        <\/div>\r\n\r\n                    <\/div>\r\n\r\n                <\/div>\r\n                \n<p>Di certo la suite pi\u00f9 particolare della classifica. La <strong>Residence by Eihad<\/strong>\u00a0assicura sogni letteralmente fra le nuvole, a bordo dei velivoli A380 della flotta <strong>Etihad Airways<\/strong>. 15.800 euro per un volo solo andata da\u00a0Abu Dhabi a Londra per due persone. Questa &#8220;<em>suite<\/em>&#8221; di 11 metri quadrati \u00e8 composta da\u00a0un divano Poltrona Frau di 1,5 metri super high-tech, frigobar, letto matrimoniale di 2 metri per 1,2, TV 27 pollici, doccia (a tempo, 4 minuti a passeggero) e guardaroba. A servizio, butler e chef privato, e limousine da e per l&#8217;aeroporto.<\/p>\n<p>Per info:\u00a0<a title=\"The Residence by Etihad\" href=\"%20www.etihad.com\/it-it\/\" target=\"_blank\">etihad.com<\/a><\/p>\n","protected":false},"excerpt":{"rendered":"<p>Eleganti, moderne, classiche o barocche, ma\u00a0soprattutto\u00a0alla portata di pochissimi fortunati. Sono le suite pi\u00f9 belle e lussuose del mondo; veri e propri appartamenti\u00a0la cui superficie minima \u00e8 di 300 mq ma arrivano fino a 1000 (esclusa la terrazza), e il cui prezzo\u00a0pu\u00f2 costare anche 62.000 euro. Da Parigi a Dubai, da New York all&#8217;Estremo Oriente, [&hellip;]<\/p>\n","protected":false},"author":5,"featured_media":1640,"comment_status":"open","ping_status":"open","sticky":false,"template":"","format":"standard","meta":{"tdm_status":"","tdm_grid_status":""},"categories":[24,18,20,25],"tags":[264,320,321,96],"yoast_head":"<!-- This site is optimized with the Yoast SEO plugin v19.11 - https:\/\/yoast.com\/wordpress\/plugins\/seo\/ -->\n<title>Le 10 suite pi\u00f9 belle (e care) al mondo - PensieriParole magazine<\/title>\n<meta name=\"robots\" content=\"index, follow, max-snippet:-1, max-image-preview:large, max-video-preview:-1\" \/>\n<link rel=\"canonical\" href=\"https:\/\/www.pensieriparole.it\/magazine\/2015031634\/le-10-suite-piu-belle-e-care-al-mondo\" \/>\n<meta property=\"og:locale\" content=\"it_IT\" \/>\n<meta property=\"og:type\" content=\"article\" \/>\n<meta property=\"og:title\" content=\"Le 10 suite pi\u00f9 belle (e care) al mondo - PensieriParole magazine\" \/>\n<meta property=\"og:description\" content=\"Eleganti, moderne, classiche o barocche, ma\u00a0soprattutto\u00a0alla portata di pochissimi fortunati. Sono le suite pi\u00f9 belle e lussuose del mondo; veri e propri appartamenti\u00a0la cui superficie minima \u00e8 di 300 mq ma arrivano fino a 1000 (esclusa la terrazza), e il cui prezzo\u00a0pu\u00f2 costare anche 62.000 euro. Da Parigi a Dubai, da New York all&#8217;Estremo Oriente, [&hellip;]\" \/>\n<meta property=\"og:url\" content=\"https:\/\/www.pensieriparole.it\/magazine\/2015031634\/le-10-suite-piu-belle-e-care-al-mondo\" \/>\n<meta property=\"og:site_name\" content=\"PensieriParole magazine\" \/>\n<meta property=\"article:publisher\" content=\"https:\/\/www.facebook.com\/PensieriParole\" \/>\n<meta property=\"article:published_time\" content=\"2015-03-24T11:23:57+00:00\" \/>\n<meta property=\"article:modified_time\" content=\"2015-03-24T11:24:43+00:00\" \/>\n<meta property=\"og:image\" content=\"https:\/\/www.pensieriparole.it\/magazine\/wp-content\/uploads\/2015\/03\/royal-penthouse-wilson-ginevra.jpg\" \/>\n\t<meta property=\"og:image:width\" content=\"500\" \/>\n\t<meta property=\"og:image:height\" content=\"340\" \/>\n\t<meta property=\"og:image:type\" content=\"image\/jpeg\" \/>\n<meta name=\"author\" content=\"Sylvia Drago\" \/>\n<meta name=\"twitter:card\" content=\"summary_large_image\" \/>\n<meta name=\"twitter:creator\" content=\"@pensieriparole\" \/>\n<meta name=\"twitter:site\" content=\"@pensieriparole\" \/>\n<meta name=\"twitter:label1\" content=\"Scritto da\" \/>\n\t<meta name=\"twitter:data1\" content=\"Sylvia Drago\" \/>\n\t<meta name=\"twitter:label2\" content=\"Tempo di lettura stimato\" \/>\n\t<meta name=\"twitter:data2\" content=\"4 minuti\" \/>\n<script type=\"application\/ld+json\" class=\"yoast-schema-graph\">{\"@context\":\"https:\/\/schema.org\",\"@graph\":[{\"@type\":\"WebPage\",\"@id\":\"https:\/\/www.pensieriparole.it\/magazine\/2015031634\/le-10-suite-piu-belle-e-care-al-mondo\",\"url\":\"https:\/\/www.pensieriparole.it\/magazine\/2015031634\/le-10-suite-piu-belle-e-care-al-mondo\",\"name\":\"Le 10 suite pi\u00f9 belle (e care) al mondo - PensieriParole magazine\",\"isPartOf\":{\"@id\":\"https:\/\/www.pensieriparole.it\/magazine\/#website\"},\"datePublished\":\"2015-03-24T11:23:57+00:00\",\"dateModified\":\"2015-03-24T11:24:43+00:00\",\"author\":{\"@id\":\"https:\/\/www.pensieriparole.it\/magazine\/#\/schema\/person\/626b86f7925f6c38a002140b5a05f902\"},\"breadcrumb\":{\"@id\":\"https:\/\/www.pensieriparole.it\/magazine\/2015031634\/le-10-suite-piu-belle-e-care-al-mondo#breadcrumb\"},\"inLanguage\":\"it-IT\",\"potentialAction\":[{\"@type\":\"ReadAction\",\"target\":[\"https:\/\/www.pensieriparole.it\/magazine\/2015031634\/le-10-suite-piu-belle-e-care-al-mondo\"]}]},{\"@type\":\"BreadcrumbList\",\"@id\":\"https:\/\/www.pensieriparole.it\/magazine\/2015031634\/le-10-suite-piu-belle-e-care-al-mondo#breadcrumb\",\"itemListElement\":[{\"@type\":\"ListItem\",\"position\":1,\"name\":\"Home\",\"item\":\"https:\/\/www.pensieriparole.it\/magazine\/\"},{\"@type\":\"ListItem\",\"position\":2,\"name\":\"Le 10 suite pi\u00f9 belle (e care) al mondo\"}]},{\"@type\":\"WebSite\",\"@id\":\"https:\/\/www.pensieriparole.it\/magazine\/#website\",\"url\":\"https:\/\/www.pensieriparole.it\/magazine\/\",\"name\":\"PensieriParole magazine\",\"description\":\"news &amp; curiosit\u00e0 dal mondo\",\"potentialAction\":[{\"@type\":\"SearchAction\",\"target\":{\"@type\":\"EntryPoint\",\"urlTemplate\":\"https:\/\/www.pensieriparole.it\/magazine\/?s={search_term_string}\"},\"query-input\":\"required name=search_term_string\"}],\"inLanguage\":\"it-IT\"},{\"@type\":\"Person\",\"@id\":\"https:\/\/www.pensieriparole.it\/magazine\/#\/schema\/person\/626b86f7925f6c38a002140b5a05f902\",\"name\":\"Sylvia Drago\",\"url\":\"https:\/\/www.pensieriparole.it\/magazine\/author\/sylvia\"}]}<\/script>\n<!-- \/ Yoast SEO plugin. -->","yoast_head_json":{"title":"Le 10 suite pi\u00f9 belle (e care) al mondo - PensieriParole magazine","robots":{"index":"index","follow":"follow","max-snippet":"max-snippet:-1","max-image-preview":"max-image-preview:large","max-video-preview":"max-video-preview:-1"},"canonical":"https:\/\/www.pensieriparole.it\/magazine\/2015031634\/le-10-suite-piu-belle-e-care-al-mondo","og_locale":"it_IT","og_type":"article","og_title":"Le 10 suite pi\u00f9 belle (e care) al mondo - PensieriParole magazine","og_description":"Eleganti, moderne, classiche o barocche, ma\u00a0soprattutto\u00a0alla portata di pochissimi fortunati. Sono le suite pi\u00f9 belle e lussuose del mondo; veri e propri appartamenti\u00a0la cui superficie minima \u00e8 di 300 mq ma arrivano fino a 1000 (esclusa la terrazza), e il cui prezzo\u00a0pu\u00f2 costare anche 62.000 euro. Da Parigi a Dubai, da New York all&#8217;Estremo Oriente, [&hellip;]","og_url":"https:\/\/www.pensieriparole.it\/magazine\/2015031634\/le-10-suite-piu-belle-e-care-al-mondo","og_site_name":"PensieriParole magazine","article_publisher":"https:\/\/www.facebook.com\/PensieriParole","article_published_time":"2015-03-24T11:23:57+00:00","article_modified_time":"2015-03-24T11:24:43+00:00","og_image":[{"width":500,"height":340,"url":"https:\/\/www.pensieriparole.it\/magazine\/wp-content\/uploads\/2015\/03\/royal-penthouse-wilson-ginevra.jpg","type":"image\/jpeg"}],"author":"Sylvia Drago","twitter_card":"summary_large_image","twitter_creator":"@pensieriparole","twitter_site":"@pensieriparole","twitter_misc":{"Scritto da":"Sylvia Drago","Tempo di lettura stimato":"4 minuti"},"schema":{"@context":"https:\/\/schema.org","@graph":[{"@type":"WebPage","@id":"https:\/\/www.pensieriparole.it\/magazine\/2015031634\/le-10-suite-piu-belle-e-care-al-mondo","url":"https:\/\/www.pensieriparole.it\/magazine\/2015031634\/le-10-suite-piu-belle-e-care-al-mondo","name":"Le 10 suite pi\u00f9 belle (e care) al mondo - PensieriParole magazine","isPartOf":{"@id":"https:\/\/www.pensieriparole.it\/magazine\/#website"},"datePublished":"2015-03-24T11:23:57+00:00","dateModified":"2015-03-24T11:24:43+00:00","author":{"@id":"https:\/\/www.pensieriparole.it\/magazine\/#\/schema\/person\/626b86f7925f6c38a002140b5a05f902"},"breadcrumb":{"@id":"https:\/\/www.pensieriparole.it\/magazine\/2015031634\/le-10-suite-piu-belle-e-care-al-mondo#breadcrumb"},"inLanguage":"it-IT","potentialAction":[{"@type":"ReadAction","target":["https:\/\/www.pensieriparole.it\/magazine\/2015031634\/le-10-suite-piu-belle-e-care-al-mondo"]}]},{"@type":"BreadcrumbList","@id":"https:\/\/www.pensieriparole.it\/magazine\/2015031634\/le-10-suite-piu-belle-e-care-al-mondo#breadcrumb","itemListElement":[{"@type":"ListItem","position":1,"name":"Home","item":"https:\/\/www.pensieriparole.it\/magazine\/"},{"@type":"ListItem","position":2,"name":"Le 10 suite pi\u00f9 belle (e care) al mondo"}]},{"@type":"WebSite","@id":"https:\/\/www.pensieriparole.it\/magazine\/#website","url":"https:\/\/www.pensieriparole.it\/magazine\/","name":"PensieriParole magazine","description":"news &amp; curiosit\u00e0 dal mondo","potentialAction":[{"@type":"SearchAction","target":{"@type":"EntryPoint","urlTemplate":"https:\/\/www.pensieriparole.it\/magazine\/?s={search_term_string}"},"query-input":"required name=search_term_string"}],"inLanguage":"it-IT"},{"@type":"Person","@id":"https:\/\/www.pensieriparole.it\/magazine\/#\/schema\/person\/626b86f7925f6c38a002140b5a05f902","name":"Sylvia Drago","url":"https:\/\/www.pensieriparole.it\/magazine\/author\/sylvia"}]}},"_links":{"self":[{"href":"https:\/\/www.pensieriparole.it\/magazine\/wp-json\/wp\/v2\/posts\/1634"}],"collection":[{"href":"https:\/\/www.pensieriparole.it\/magazine\/wp-json\/wp\/v2\/posts"}],"about":[{"href":"https:\/\/www.pensieriparole.it\/magazine\/wp-json\/wp\/v2\/types\/post"}],"author":[{"embeddable":true,"href":"https:\/\/www.pensieriparole.it\/magazine\/wp-json\/wp\/v2\/users\/5"}],"replies":[{"embeddable":true,"href":"https:\/\/www.pensieriparole.it\/magazine\/wp-json\/wp\/v2\/comments?post=1634"}],"version-history":[{"count":1,"href":"https:\/\/www.pensieriparole.it\/magazine\/wp-json\/wp\/v2\/posts\/1634\/revisions"}],"predecessor-version":[{"id":1680,"href":"https:\/\/www.pensieriparole.it\/magazine\/wp-json\/wp\/v2\/posts\/1634\/revisions\/1680"}],"wp:featuredmedia":[{"embeddable":true,"href":"https:\/\/www.pensieriparole.it\/magazine\/wp-json\/wp\/v2\/media\/1640"}],"wp:attachment":[{"href":"https:\/\/www.pensieriparole.it\/magazine\/wp-json\/wp\/v2\/media?parent=1634"}],"wp:term":[{"taxonomy":"category","embeddable":true,"href":"https:\/\/www.pensieriparole.it\/magazine\/wp-json\/wp\/v2\/categories?post=1634"},{"taxonomy":"post_tag","embeddable":true,"href":"https:\/\/www.pensieriparole.it\/magazine\/wp-json\/wp\/v2\/tags?post=1634"}],"curies":[{"name":"wp","href":"https:\/\/api.w.org\/{rel}","templated":true}]}}