{"id":1510,"date":"2015-03-18T11:57:09","date_gmt":"2015-03-18T10:57:09","guid":{"rendered":"http:\/\/www.pensieriparole.it\/magazine\/?p=1510"},"modified":"2015-03-20T12:34:02","modified_gmt":"2015-03-20T11:34:02","slug":"gisele-bundchen-abbandona-il-mondo-delle-sfilate","status":"publish","type":"post","link":"https:\/\/www.pensieriparole.it\/magazine\/2015031510\/gisele-bundchen-abbandona-il-mondo-delle-sfilate","title":{"rendered":"Gisele Bundchen abbandona il mondo delle sfilate"},"content":{"rendered":"<div id=\"fb-root\"><\/div>\n<p>Dopo vent&#8217;anni di carriera, festeggiati nel 2014, la top model Gisele Bundchen decide di dire addio al mondo delle sfilate. 34 anni, un fisico statuario, una bellezza indiscutibile: Gisele \u00e8 stata per tantissimi anni musa di numerosi stilisti, oltre ad essere la modella pi\u00f9 pagata al mondo. L&#8217;addio definitivo dovrebbe avvenire dopo la San Paolo Fashion Week del prossimo aprile, secondo la maison brasiliana Colucci, di cui lei \u00e8 testimonial.<\/p>\n<p>Lasciare il mondo delle passerelle per\u00f2 non significher\u00e0 l&#8217;abbandono della moda, infatti continuer\u00e0 a prestare il suo volto per campagne pubblicitarie. In una recente intervista alla rivista Mais Voce ha dichiarato:<\/p>\n<blockquote><p>\u00a0&#8220;Sono 20 anni che sfilo e ancora sono nervosa prima di scendere in passerella.&#8221;<\/p><\/blockquote>\n<p>Questa sua anima sensibile, dimostrata anche attraverso impegni sociali e umanitari, l&#8217;ha portata alla decisione di dedicare pi\u00f9 tempo alla sua famiglia: Gisele \u00e8 infatti mamma di due bambini,\u00a0Benjamin di 5 anni, e Vivian di 2. Il lavoro di modella di calibro internazionale l&#8217;ha portata a stare in giro per il mondo la maggior parte dell&#8217;anno e forse, ora, \u00e8 arrivato il momento di fermarsi e godersi la propria vita privata.<\/p>\n\r\n                <style type=\"text\/css\">\r\n                    \r\n                    #tdi_1  .td-doubleSlider-2 .td-item1 {\r\n                        background: url(https:\/\/www.pensieriparole.it\/magazine\/wp-content\/uploads\/2015\/03\/gisele-bundchen-h-m-80x60.jpg) 0 0 no-repeat;\r\n                    }\r\n                    #tdi_1  .td-doubleSlider-2 .td-item2 {\r\n                        background: url(https:\/\/www.pensieriparole.it\/magazine\/wp-content\/uploads\/2015\/03\/Roberto-Cavalli-000-80x60.jpg) 0 0 no-repeat;\r\n                    }\r\n                    #tdi_1  .td-doubleSlider-2 .td-item3 {\r\n                        background: url(https:\/\/www.pensieriparole.it\/magazine\/wp-content\/uploads\/2015\/03\/7019877_Gisele_Bundchen_-_Loui-80x60.jpg) 0 0 no-repeat;\r\n                    }\r\n                    #tdi_1  .td-doubleSlider-2 .td-item4 {\r\n                        background: url(https:\/\/www.pensieriparole.it\/magazine\/wp-content\/uploads\/2015\/03\/versace-80x60.jpg) 0 0 no-repeat;\r\n                    }\r\n                    #tdi_1  .td-doubleSlider-2 .td-item5 {\r\n                        background: url(https:\/\/www.pensieriparole.it\/magazine\/wp-content\/uploads\/2015\/03\/1382714276_tom-brady-gisele-bundchen-zoom-80x60.jpg) 0 0 no-repeat;\r\n                    }\r\n                    #tdi_1  .td-doubleSlider-2 .td-item6 {\r\n                        background: url(https:\/\/www.pensieriparole.it\/magazine\/wp-content\/uploads\/2015\/03\/174431-victoria-s-secret-fashion-show-iconic-fantasy-bras-in-pictures-80x60.jpg) 0 0 no-repeat;\r\n                    }\r\n                    #tdi_1  .td-doubleSlider-2 .td-item7 {\r\n                        background: url(https:\/\/www.pensieriparole.it\/magazine\/wp-content\/uploads\/2015\/03\/gal-victoria-giselle-jpg-80x60.jpg) 0 0 no-repeat;\r\n                    }\r\n                <\/style>\r\n\r\n                <div id=\"tdi_1\" class=\"td-gallery td-slide-on-2-columns\">\r\n                    <div class=\"post_td_gallery\">\r\n                        <div class=\"td-gallery-slide-top\">\r\n                           <div class=\"td-gallery-title\"><\/div>\r\n\r\n                            <div class=\"td-gallery-controls-wrapper\">\r\n                                <div class=\"td-gallery-slide-count\"><span class=\"td-gallery-slide-item-focus\">1<\/span> of 7<\/div>\r\n                                <div class=\"td-gallery-slide-prev-next-but\">\r\n                                    <i class = \"td-icon-left doubleSliderPrevButton\"><\/i>\r\n                                    <i class = \"td-icon-right doubleSliderNextButton\"><\/i>\r\n                                <\/div>\r\n                            <\/div>\r\n                        <\/div>\r\n\r\n                        <div class = \"td-doubleSlider-1 \">\r\n                            <div class = \"td-slider\">\r\n                                \r\n                    <div class = \"td-slide-item td-item1\">\r\n                        <figure class=\"td-slide-galery-figure td-slide-popup-gallery\">\r\n                            <a class=\"slide-gallery-image-link\" href=\"https:\/\/www.pensieriparole.it\/magazine\/wp-content\/uploads\/2015\/03\/gisele-bundchen-h-m.jpg\" title=\"gisele-bundchen-h-m\"  data-caption=\"Gisele per H&amp;M\"  data-description=\"\">\r\n                                <img src=\"https:\/\/www.pensieriparole.it\/magazine\/wp-content\/uploads\/2015\/03\/gisele-bundchen-h-m-652x420.jpg\" srcset=\"https:\/\/www.pensieriparole.it\/magazine\/wp-content\/uploads\/2015\/03\/gisele-bundchen-h-m-652x420.jpg 652w, https:\/\/www.pensieriparole.it\/magazine\/wp-content\/uploads\/2015\/03\/gisele-bundchen-h-m-300x194.jpg 300w, https:\/\/www.pensieriparole.it\/magazine\/wp-content\/uploads\/2015\/03\/gisele-bundchen-h-m-1024x660.jpg 1024w, https:\/\/www.pensieriparole.it\/magazine\/wp-content\/uploads\/2015\/03\/gisele-bundchen-h-m-341x220.jpg 341w, https:\/\/www.pensieriparole.it\/magazine\/wp-content\/uploads\/2015\/03\/gisele-bundchen-h-m-640x412.jpg 640w, https:\/\/www.pensieriparole.it\/magazine\/wp-content\/uploads\/2015\/03\/gisele-bundchen-h-m-681x439.jpg 681w, https:\/\/www.pensieriparole.it\/magazine\/wp-content\/uploads\/2015\/03\/gisele-bundchen-h-m.jpg 1200w\" sizes=\"(max-width: 652px) 100vw, 652px\" alt=\"\">\r\n                            <\/a>\r\n                            <figcaption class = \"td-slide-caption td-gallery-slide-content\"><div class = \"td-gallery-slide-copywrite\">Gisele per H&M<\/div><\/figcaption>\r\n                        <\/figure>\r\n                    <\/div>\r\n                    <div class = \"td-slide-item td-item2\">\r\n                        <figure class=\"td-slide-galery-figure td-slide-popup-gallery\">\r\n                            <a class=\"slide-gallery-image-link\" href=\"https:\/\/www.pensieriparole.it\/magazine\/wp-content\/uploads\/2015\/03\/Roberto-Cavalli-000.jpg\" title=\"Roberto-Cavalli-000\"  data-caption=\"Gisele per Roberto Cavalli\"  data-description=\"\">\r\n                                <img src=\"https:\/\/www.pensieriparole.it\/magazine\/wp-content\/uploads\/2015\/03\/Roberto-Cavalli-000-625x420.jpg\" srcset=\"https:\/\/www.pensieriparole.it\/magazine\/wp-content\/uploads\/2015\/03\/Roberto-Cavalli-000-625x420.jpg 625w, https:\/\/www.pensieriparole.it\/magazine\/wp-content\/uploads\/2015\/03\/Roberto-Cavalli-000-300x202.jpg 300w, https:\/\/www.pensieriparole.it\/magazine\/wp-content\/uploads\/2015\/03\/Roberto-Cavalli-000-1024x688.jpg 1024w, https:\/\/www.pensieriparole.it\/magazine\/wp-content\/uploads\/2015\/03\/Roberto-Cavalli-000-537x360.jpg 537w, https:\/\/www.pensieriparole.it\/magazine\/wp-content\/uploads\/2015\/03\/Roberto-Cavalli-000-640x430.jpg 640w, https:\/\/www.pensieriparole.it\/magazine\/wp-content\/uploads\/2015\/03\/Roberto-Cavalli-000-681x458.jpg 681w, https:\/\/www.pensieriparole.it\/magazine\/wp-content\/uploads\/2015\/03\/Roberto-Cavalli-000.jpg 1600w\" sizes=\"(max-width: 625px) 100vw, 625px\" alt=\"\">\r\n                            <\/a>\r\n                            <figcaption class = \"td-slide-caption td-gallery-slide-content\"><div class = \"td-gallery-slide-copywrite\">Gisele per Roberto Cavalli<\/div><\/figcaption>\r\n                        <\/figure>\r\n                    <\/div>\r\n                    <div class = \"td-slide-item td-item3\">\r\n                        <figure class=\"td-slide-galery-figure td-slide-popup-gallery\">\r\n                            <a class=\"slide-gallery-image-link\" href=\"https:\/\/www.pensieriparole.it\/magazine\/wp-content\/uploads\/2015\/03\/7019877_Gisele_Bundchen_-_Loui.jpg\" title=\"7019877_Gisele_Bundchen_-_Loui\"  data-caption=\"Gisele per Louis Vuitton\"  data-description=\"\">\r\n                                <img src=\"https:\/\/www.pensieriparole.it\/magazine\/wp-content\/uploads\/2015\/03\/7019877_Gisele_Bundchen_-_Loui-363x420.jpg\" srcset=\"https:\/\/www.pensieriparole.it\/magazine\/wp-content\/uploads\/2015\/03\/7019877_Gisele_Bundchen_-_Loui-363x420.jpg 363w, https:\/\/www.pensieriparole.it\/magazine\/wp-content\/uploads\/2015\/03\/7019877_Gisele_Bundchen_-_Loui-259x300.jpg 259w, https:\/\/www.pensieriparole.it\/magazine\/wp-content\/uploads\/2015\/03\/7019877_Gisele_Bundchen_-_Loui-640x741.jpg 640w, https:\/\/www.pensieriparole.it\/magazine\/wp-content\/uploads\/2015\/03\/7019877_Gisele_Bundchen_-_Loui-681x789.jpg 681w, https:\/\/www.pensieriparole.it\/magazine\/wp-content\/uploads\/2015\/03\/7019877_Gisele_Bundchen_-_Loui.jpg 734w\" sizes=\"(max-width: 363px) 100vw, 363px\" alt=\"\">\r\n                            <\/a>\r\n                            <figcaption class = \"td-slide-caption td-gallery-slide-content\"><div class = \"td-gallery-slide-copywrite\">Gisele per Louis Vuitton<\/div><\/figcaption>\r\n                        <\/figure>\r\n                    <\/div>\r\n                    <div class = \"td-slide-item td-item4\">\r\n                        <figure class=\"td-slide-galery-figure td-slide-popup-gallery\">\r\n                            <a class=\"slide-gallery-image-link\" href=\"https:\/\/www.pensieriparole.it\/magazine\/wp-content\/uploads\/2015\/03\/versace.jpg\" title=\"versace\"  data-caption=\"Gisele per Versace\"  data-description=\"\">\r\n                                <img src=\"https:\/\/www.pensieriparole.it\/magazine\/wp-content\/uploads\/2015\/03\/versace-315x420.jpg\" srcset=\"https:\/\/www.pensieriparole.it\/magazine\/wp-content\/uploads\/2015\/03\/versace-315x420.jpg 315w, https:\/\/www.pensieriparole.it\/magazine\/wp-content\/uploads\/2015\/03\/versace-225x300.jpg 225w, https:\/\/www.pensieriparole.it\/magazine\/wp-content\/uploads\/2015\/03\/versace-768x1024.jpg 768w, https:\/\/www.pensieriparole.it\/magazine\/wp-content\/uploads\/2015\/03\/versace-640x853.jpg 640w, https:\/\/www.pensieriparole.it\/magazine\/wp-content\/uploads\/2015\/03\/versace-681x908.jpg 681w, https:\/\/www.pensieriparole.it\/magazine\/wp-content\/uploads\/2015\/03\/versace.jpg 1200w\" sizes=\"(max-width: 315px) 100vw, 315px\" alt=\"\">\r\n                            <\/a>\r\n                            <figcaption class = \"td-slide-caption td-gallery-slide-content\"><div class = \"td-gallery-slide-copywrite\">Gisele per Versace<\/div><\/figcaption>\r\n                        <\/figure>\r\n                    <\/div>\r\n                    <div class = \"td-slide-item td-item5\">\r\n                        <figure class=\"td-slide-galery-figure td-slide-popup-gallery\">\r\n                            <a class=\"slide-gallery-image-link\" href=\"https:\/\/www.pensieriparole.it\/magazine\/wp-content\/uploads\/2015\/03\/1382714276_tom-brady-gisele-bundchen-zoom.jpg\" title=\"1382714276_tom-brady-gisele-bundchen-zoom\"  data-caption=\"Gisele e il marito Tom Brady\"  data-description=\"\">\r\n                                <img src=\"https:\/\/www.pensieriparole.it\/magazine\/wp-content\/uploads\/2015\/03\/1382714276_tom-brady-gisele-bundchen-zoom-397x420.jpg\" srcset=\"https:\/\/www.pensieriparole.it\/magazine\/wp-content\/uploads\/2015\/03\/1382714276_tom-brady-gisele-bundchen-zoom-397x420.jpg 397w, https:\/\/www.pensieriparole.it\/magazine\/wp-content\/uploads\/2015\/03\/1382714276_tom-brady-gisele-bundchen-zoom-283x300.jpg 283w, https:\/\/www.pensieriparole.it\/magazine\/wp-content\/uploads\/2015\/03\/1382714276_tom-brady-gisele-bundchen-zoom-967x1024.jpg 967w, https:\/\/www.pensieriparole.it\/magazine\/wp-content\/uploads\/2015\/03\/1382714276_tom-brady-gisele-bundchen-zoom-640x678.jpg 640w, https:\/\/www.pensieriparole.it\/magazine\/wp-content\/uploads\/2015\/03\/1382714276_tom-brady-gisele-bundchen-zoom-681x721.jpg 681w, https:\/\/www.pensieriparole.it\/magazine\/wp-content\/uploads\/2015\/03\/1382714276_tom-brady-gisele-bundchen-zoom.jpg 1500w\" sizes=\"(max-width: 397px) 100vw, 397px\" alt=\"\">\r\n                            <\/a>\r\n                            <figcaption class = \"td-slide-caption td-gallery-slide-content\"><div class = \"td-gallery-slide-copywrite\">Gisele e il marito Tom Brady<\/div><\/figcaption>\r\n                        <\/figure>\r\n                    <\/div>\r\n                    <div class = \"td-slide-item td-item6\">\r\n                        <figure class=\"td-slide-galery-figure td-slide-popup-gallery\">\r\n                            <a class=\"slide-gallery-image-link\" href=\"https:\/\/www.pensieriparole.it\/magazine\/wp-content\/uploads\/2015\/03\/174431-victoria-s-secret-fashion-show-iconic-fantasy-bras-in-pictures.jpg\" title=\"174431-victoria-s-secret-fashion-show-iconic-fantasy-bras-in-pictures\"  data-caption=\"Gisele per Victoria&#039;s Secret - Red Hot Fantasy Bra\"  data-description=\"\">\r\n                                <img src=\"https:\/\/www.pensieriparole.it\/magazine\/wp-content\/uploads\/2015\/03\/174431-victoria-s-secret-fashion-show-iconic-fantasy-bras-in-pictures-298x420.jpg\" srcset=\"https:\/\/www.pensieriparole.it\/magazine\/wp-content\/uploads\/2015\/03\/174431-victoria-s-secret-fashion-show-iconic-fantasy-bras-in-pictures-298x420.jpg 298w, https:\/\/www.pensieriparole.it\/magazine\/wp-content\/uploads\/2015\/03\/174431-victoria-s-secret-fashion-show-iconic-fantasy-bras-in-pictures-213x300.jpg 213w, https:\/\/www.pensieriparole.it\/magazine\/wp-content\/uploads\/2015\/03\/174431-victoria-s-secret-fashion-show-iconic-fantasy-bras-in-pictures-726x1024.jpg 726w, https:\/\/www.pensieriparole.it\/magazine\/wp-content\/uploads\/2015\/03\/174431-victoria-s-secret-fashion-show-iconic-fantasy-bras-in-pictures-640x903.jpg 640w, https:\/\/www.pensieriparole.it\/magazine\/wp-content\/uploads\/2015\/03\/174431-victoria-s-secret-fashion-show-iconic-fantasy-bras-in-pictures-681x960.jpg 681w, https:\/\/www.pensieriparole.it\/magazine\/wp-content\/uploads\/2015\/03\/174431-victoria-s-secret-fashion-show-iconic-fantasy-bras-in-pictures.jpg 770w\" sizes=\"(max-width: 298px) 100vw, 298px\" alt=\"\">\r\n                            <\/a>\r\n                            <figcaption class = \"td-slide-caption td-gallery-slide-content\"><div class = \"td-gallery-slide-copywrite\">Gisele per Victoria's Secret - Red Hot Fantasy Bra<\/div><\/figcaption>\r\n                        <\/figure>\r\n                    <\/div>\r\n                    <div class = \"td-slide-item td-item7\">\r\n                        <figure class=\"td-slide-galery-figure td-slide-popup-gallery\">\r\n                            <a class=\"slide-gallery-image-link\" href=\"https:\/\/www.pensieriparole.it\/magazine\/wp-content\/uploads\/2015\/03\/gal-victoria-giselle-jpg.jpg\" title=\"gal-victoria-giselle-jpg\"  data-caption=\"Gisele per Victoria&#039;s Secret - Sexy Splendor Fantasy Bra\"  data-description=\"\">\r\n                                <img src=\"https:\/\/www.pensieriparole.it\/magazine\/wp-content\/uploads\/2015\/03\/gal-victoria-giselle-jpg-312x420.jpg\" srcset=\"https:\/\/www.pensieriparole.it\/magazine\/wp-content\/uploads\/2015\/03\/gal-victoria-giselle-jpg-312x420.jpg 312w, https:\/\/www.pensieriparole.it\/magazine\/wp-content\/uploads\/2015\/03\/gal-victoria-giselle-jpg-223x300.jpg 223w, https:\/\/www.pensieriparole.it\/magazine\/wp-content\/uploads\/2015\/03\/gal-victoria-giselle-jpg-762x1024.jpg 762w, https:\/\/www.pensieriparole.it\/magazine\/wp-content\/uploads\/2015\/03\/gal-victoria-giselle-jpg-640x860.jpg 640w, https:\/\/www.pensieriparole.it\/magazine\/wp-content\/uploads\/2015\/03\/gal-victoria-giselle-jpg-681x915.jpg 681w, https:\/\/www.pensieriparole.it\/magazine\/wp-content\/uploads\/2015\/03\/gal-victoria-giselle-jpg.jpg 1200w\" sizes=\"(max-width: 312px) 100vw, 312px\" alt=\"\">\r\n                            <\/a>\r\n                            <figcaption class = \"td-slide-caption td-gallery-slide-content\"><div class = \"td-gallery-slide-copywrite\">Gisele per Victoria's Secret - Sexy Splendor Fantasy Bra<\/div><\/figcaption>\r\n                        <\/figure>\r\n                    <\/div>\r\n                            <\/div>\r\n                        <\/div>\r\n\r\n                        <div class = \"td-doubleSlider-2\">\r\n                            <div class = \"td-slider\">\r\n                                \r\n                    <div class = \"td-button td-item1\">\r\n                        <div class = \"td-border\"><\/div>\r\n                    <\/div>\r\n                    <div class = \"td-button td-item2\">\r\n                        <div class = \"td-border\"><\/div>\r\n                    <\/div>\r\n                    <div class = \"td-button td-item3\">\r\n                        <div class = \"td-border\"><\/div>\r\n                    <\/div>\r\n                    <div class = \"td-button td-item4\">\r\n                        <div class = \"td-border\"><\/div>\r\n                    <\/div>\r\n                    <div class = \"td-button td-item5\">\r\n                        <div class = \"td-border\"><\/div>\r\n                    <\/div>\r\n                    <div class = \"td-button td-item6\">\r\n                        <div class = \"td-border\"><\/div>\r\n                    <\/div>\r\n                    <div class = \"td-button td-item7\">\r\n                        <div class = \"td-border\"><\/div>\r\n                    <\/div>\r\n                            <\/div>\r\n                        <\/div>\r\n\r\n                    <\/div>\r\n\r\n                <\/div>\r\n                \n<p>Gisele e&#8217; nata a Horizontina, in Brasile, da genitori tedeschi. La sua carriera nella moda e&#8217; cominciata nel 1994, a soli 14 anni, dopo esser notata da un manager dell&#8217;agenzia Elite Model Management, in un McDonald&#8217;s di San Paolo. Pochi mesi dopo Gisele vinceva a Parigi il concorso Elite Model Look. Nel 1999 veniva giudicata modella dell&#8217;anno e nel 2001 era una delle protagoniste del calendario Pirelli. Ha lavorato per tutti i marchi piu&#8217; noti, come YSL, Dolce &amp; Gabbana, Dior, Louis Vuitton, Roberto Cavalli, Versace, Bulgari, Ralph Lauren, Valentino e Balenciaga. Nel 2011 ha lanciato la sua linea di lingerie, Gisele Bundchen Intimates. Molti di voi la conosceranno soprattutto per essere stata un &#8220;angelo&#8221; della linea Victoria&#8217;s Secret dal 2000 al 2006. Fu proprio lei ad\u00a0indossare il Red Hot Fantasy Bra creato con 1300 pietre preziose, tra cui 300 carati di rubini Thai e\u00a0il Sexy Splendor Fantasy Bra, il reggiseno da 12.5 mln di dollari, composto da 2900 diamanti e 22 rubini posti su oro bianco, con un pendente di diamante da 101 carati.<\/p>\n<p>Dal 2009 \u00e8 spostata con la stella del football americano Tom Brady, padre dei suoi due figli, anche se molti la ricorderanno per la storia d&#8217;amore con Leonardo Di Caprio.<\/p>\n<p>&nbsp;<\/p>\n","protected":false},"excerpt":{"rendered":"<p>Dopo vent&#8217;anni di carriera, festeggiati nel 2014, la top model Gisele Bundchen decide di dire addio al mondo delle sfilate. 34 anni, un fisico statuario, una bellezza indiscutibile: Gisele \u00e8 stata per tantissimi anni musa di numerosi stilisti, oltre ad essere la modella pi\u00f9 pagata al mondo. L&#8217;addio definitivo dovrebbe avvenire dopo la San Paolo [&hellip;]<\/p>\n","protected":false},"author":6,"featured_media":0,"comment_status":"open","ping_status":"open","sticky":false,"template":"","format":"standard","meta":{"tdm_status":"","tdm_grid_status":""},"categories":[20],"tags":[286,282,285,283,284],"yoast_head":"<!-- This site is optimized with the Yoast SEO plugin v19.11 - https:\/\/yoast.com\/wordpress\/plugins\/seo\/ -->\n<title>Gisele Bundchen abbandona il mondo delle sfilate - PensieriParole magazine<\/title>\n<meta name=\"description\" content=\"La top model brasiliana annuncia l&#039;addio alle sfilate dal prossimo aprile 2015. Scopriamo i motivi e ripercorriamo assieme la carriera di Gisele Bundchen.\" \/>\n<meta name=\"robots\" content=\"index, follow, max-snippet:-1, max-image-preview:large, max-video-preview:-1\" \/>\n<link rel=\"canonical\" href=\"https:\/\/www.pensieriparole.it\/magazine\/2015031510\/gisele-bundchen-abbandona-il-mondo-delle-sfilate\" \/>\n<meta property=\"og:locale\" content=\"it_IT\" \/>\n<meta property=\"og:type\" content=\"article\" \/>\n<meta property=\"og:title\" content=\"Gisele Bundchen abbandona il mondo delle sfilate - PensieriParole magazine\" \/>\n<meta property=\"og:description\" content=\"La top model brasiliana annuncia l&#039;addio alle sfilate dal prossimo aprile 2015. Scopriamo i motivi e ripercorriamo assieme la carriera di Gisele Bundchen.\" \/>\n<meta property=\"og:url\" content=\"https:\/\/www.pensieriparole.it\/magazine\/2015031510\/gisele-bundchen-abbandona-il-mondo-delle-sfilate\" \/>\n<meta property=\"og:site_name\" content=\"PensieriParole magazine\" \/>\n<meta property=\"article:publisher\" content=\"https:\/\/www.facebook.com\/PensieriParole\" \/>\n<meta property=\"article:published_time\" content=\"2015-03-18T10:57:09+00:00\" \/>\n<meta property=\"article:modified_time\" content=\"2015-03-20T11:34:02+00:00\" \/>\n<meta property=\"og:image\" content=\"https:\/\/www.pensieriparole.it\/magazine\/wp-content\/uploads\/2015\/03\/gisele-bundchen-h-m-652x420.jpg\" \/>\n<meta name=\"author\" content=\"Rubina Gobbo\" \/>\n<meta name=\"twitter:card\" content=\"summary_large_image\" \/>\n<meta name=\"twitter:creator\" content=\"@pensieriparole\" \/>\n<meta name=\"twitter:site\" content=\"@pensieriparole\" \/>\n<meta name=\"twitter:label1\" content=\"Scritto da\" \/>\n\t<meta name=\"twitter:data1\" content=\"Rubina Gobbo\" \/>\n\t<meta name=\"twitter:label2\" content=\"Tempo di lettura stimato\" \/>\n\t<meta name=\"twitter:data2\" content=\"2 minuti\" \/>\n<script type=\"application\/ld+json\" class=\"yoast-schema-graph\">{\"@context\":\"https:\/\/schema.org\",\"@graph\":[{\"@type\":\"WebPage\",\"@id\":\"https:\/\/www.pensieriparole.it\/magazine\/2015031510\/gisele-bundchen-abbandona-il-mondo-delle-sfilate\",\"url\":\"https:\/\/www.pensieriparole.it\/magazine\/2015031510\/gisele-bundchen-abbandona-il-mondo-delle-sfilate\",\"name\":\"Gisele Bundchen abbandona il mondo delle sfilate - PensieriParole magazine\",\"isPartOf\":{\"@id\":\"https:\/\/www.pensieriparole.it\/magazine\/#website\"},\"datePublished\":\"2015-03-18T10:57:09+00:00\",\"dateModified\":\"2015-03-20T11:34:02+00:00\",\"author\":{\"@id\":\"https:\/\/www.pensieriparole.it\/magazine\/#\/schema\/person\/ae9b91aa0b9337382f39366a91bb2795\"},\"description\":\"La top model brasiliana annuncia l'addio alle sfilate dal prossimo aprile 2015. Scopriamo i motivi e ripercorriamo assieme la carriera di Gisele Bundchen.\",\"breadcrumb\":{\"@id\":\"https:\/\/www.pensieriparole.it\/magazine\/2015031510\/gisele-bundchen-abbandona-il-mondo-delle-sfilate#breadcrumb\"},\"inLanguage\":\"it-IT\",\"potentialAction\":[{\"@type\":\"ReadAction\",\"target\":[\"https:\/\/www.pensieriparole.it\/magazine\/2015031510\/gisele-bundchen-abbandona-il-mondo-delle-sfilate\"]}]},{\"@type\":\"BreadcrumbList\",\"@id\":\"https:\/\/www.pensieriparole.it\/magazine\/2015031510\/gisele-bundchen-abbandona-il-mondo-delle-sfilate#breadcrumb\",\"itemListElement\":[{\"@type\":\"ListItem\",\"position\":1,\"name\":\"Home\",\"item\":\"https:\/\/www.pensieriparole.it\/magazine\/\"},{\"@type\":\"ListItem\",\"position\":2,\"name\":\"Gisele Bundchen abbandona il mondo delle sfilate\"}]},{\"@type\":\"WebSite\",\"@id\":\"https:\/\/www.pensieriparole.it\/magazine\/#website\",\"url\":\"https:\/\/www.pensieriparole.it\/magazine\/\",\"name\":\"PensieriParole magazine\",\"description\":\"news &amp; curiosit\u00e0 dal mondo\",\"potentialAction\":[{\"@type\":\"SearchAction\",\"target\":{\"@type\":\"EntryPoint\",\"urlTemplate\":\"https:\/\/www.pensieriparole.it\/magazine\/?s={search_term_string}\"},\"query-input\":\"required name=search_term_string\"}],\"inLanguage\":\"it-IT\"},{\"@type\":\"Person\",\"@id\":\"https:\/\/www.pensieriparole.it\/magazine\/#\/schema\/person\/ae9b91aa0b9337382f39366a91bb2795\",\"name\":\"Rubina Gobbo\",\"sameAs\":[\"https:\/\/instagram.com\/ruby.gi\/\"],\"url\":\"https:\/\/www.pensieriparole.it\/magazine\/author\/rubina\"}]}<\/script>\n<!-- \/ Yoast SEO plugin. -->","yoast_head_json":{"title":"Gisele Bundchen abbandona il mondo delle sfilate - PensieriParole magazine","description":"La top model brasiliana annuncia l'addio alle sfilate dal prossimo aprile 2015. Scopriamo i motivi e ripercorriamo assieme la carriera di Gisele Bundchen.","robots":{"index":"index","follow":"follow","max-snippet":"max-snippet:-1","max-image-preview":"max-image-preview:large","max-video-preview":"max-video-preview:-1"},"canonical":"https:\/\/www.pensieriparole.it\/magazine\/2015031510\/gisele-bundchen-abbandona-il-mondo-delle-sfilate","og_locale":"it_IT","og_type":"article","og_title":"Gisele Bundchen abbandona il mondo delle sfilate - PensieriParole magazine","og_description":"La top model brasiliana annuncia l'addio alle sfilate dal prossimo aprile 2015. Scopriamo i motivi e ripercorriamo assieme la carriera di Gisele Bundchen.","og_url":"https:\/\/www.pensieriparole.it\/magazine\/2015031510\/gisele-bundchen-abbandona-il-mondo-delle-sfilate","og_site_name":"PensieriParole magazine","article_publisher":"https:\/\/www.facebook.com\/PensieriParole","article_published_time":"2015-03-18T10:57:09+00:00","article_modified_time":"2015-03-20T11:34:02+00:00","og_image":[{"url":"https:\/\/www.pensieriparole.it\/magazine\/wp-content\/uploads\/2015\/03\/gisele-bundchen-h-m-652x420.jpg"}],"author":"Rubina Gobbo","twitter_card":"summary_large_image","twitter_creator":"@pensieriparole","twitter_site":"@pensieriparole","twitter_misc":{"Scritto da":"Rubina Gobbo","Tempo di lettura stimato":"2 minuti"},"schema":{"@context":"https:\/\/schema.org","@graph":[{"@type":"WebPage","@id":"https:\/\/www.pensieriparole.it\/magazine\/2015031510\/gisele-bundchen-abbandona-il-mondo-delle-sfilate","url":"https:\/\/www.pensieriparole.it\/magazine\/2015031510\/gisele-bundchen-abbandona-il-mondo-delle-sfilate","name":"Gisele Bundchen abbandona il mondo delle sfilate - PensieriParole magazine","isPartOf":{"@id":"https:\/\/www.pensieriparole.it\/magazine\/#website"},"datePublished":"2015-03-18T10:57:09+00:00","dateModified":"2015-03-20T11:34:02+00:00","author":{"@id":"https:\/\/www.pensieriparole.it\/magazine\/#\/schema\/person\/ae9b91aa0b9337382f39366a91bb2795"},"description":"La top model brasiliana annuncia l'addio alle sfilate dal prossimo aprile 2015. Scopriamo i motivi e ripercorriamo assieme la carriera di Gisele Bundchen.","breadcrumb":{"@id":"https:\/\/www.pensieriparole.it\/magazine\/2015031510\/gisele-bundchen-abbandona-il-mondo-delle-sfilate#breadcrumb"},"inLanguage":"it-IT","potentialAction":[{"@type":"ReadAction","target":["https:\/\/www.pensieriparole.it\/magazine\/2015031510\/gisele-bundchen-abbandona-il-mondo-delle-sfilate"]}]},{"@type":"BreadcrumbList","@id":"https:\/\/www.pensieriparole.it\/magazine\/2015031510\/gisele-bundchen-abbandona-il-mondo-delle-sfilate#breadcrumb","itemListElement":[{"@type":"ListItem","position":1,"name":"Home","item":"https:\/\/www.pensieriparole.it\/magazine\/"},{"@type":"ListItem","position":2,"name":"Gisele Bundchen abbandona il mondo delle sfilate"}]},{"@type":"WebSite","@id":"https:\/\/www.pensieriparole.it\/magazine\/#website","url":"https:\/\/www.pensieriparole.it\/magazine\/","name":"PensieriParole magazine","description":"news &amp; curiosit\u00e0 dal mondo","potentialAction":[{"@type":"SearchAction","target":{"@type":"EntryPoint","urlTemplate":"https:\/\/www.pensieriparole.it\/magazine\/?s={search_term_string}"},"query-input":"required name=search_term_string"}],"inLanguage":"it-IT"},{"@type":"Person","@id":"https:\/\/www.pensieriparole.it\/magazine\/#\/schema\/person\/ae9b91aa0b9337382f39366a91bb2795","name":"Rubina Gobbo","sameAs":["https:\/\/instagram.com\/ruby.gi\/"],"url":"https:\/\/www.pensieriparole.it\/magazine\/author\/rubina"}]}},"_links":{"self":[{"href":"https:\/\/www.pensieriparole.it\/magazine\/wp-json\/wp\/v2\/posts\/1510"}],"collection":[{"href":"https:\/\/www.pensieriparole.it\/magazine\/wp-json\/wp\/v2\/posts"}],"about":[{"href":"https:\/\/www.pensieriparole.it\/magazine\/wp-json\/wp\/v2\/types\/post"}],"author":[{"embeddable":true,"href":"https:\/\/www.pensieriparole.it\/magazine\/wp-json\/wp\/v2\/users\/6"}],"replies":[{"embeddable":true,"href":"https:\/\/www.pensieriparole.it\/magazine\/wp-json\/wp\/v2\/comments?post=1510"}],"version-history":[{"count":2,"href":"https:\/\/www.pensieriparole.it\/magazine\/wp-json\/wp\/v2\/posts\/1510\/revisions"}],"predecessor-version":[{"id":1520,"href":"https:\/\/www.pensieriparole.it\/magazine\/wp-json\/wp\/v2\/posts\/1510\/revisions\/1520"}],"wp:attachment":[{"href":"https:\/\/www.pensieriparole.it\/magazine\/wp-json\/wp\/v2\/media?parent=1510"}],"wp:term":[{"taxonomy":"category","embeddable":true,"href":"https:\/\/www.pensieriparole.it\/magazine\/wp-json\/wp\/v2\/categories?post=1510"},{"taxonomy":"post_tag","embeddable":true,"href":"https:\/\/www.pensieriparole.it\/magazine\/wp-json\/wp\/v2\/tags?post=1510"}],"curies":[{"name":"wp","href":"https:\/\/api.w.org\/{rel}","templated":true}]}}